{"id":272082,"date":"2025-07-14T11:30:00","date_gmt":"2025-07-14T09:30:00","guid":{"rendered":"https:\/\/www.tucomarca.com\/wordpress\/segunda\/?p=272082"},"modified":"2025-07-14T13:40:31","modified_gmt":"2025-07-14T11:40:31","slug":"ava-asaja-estima-que-la-pedra-ha-causat-25-milions-de-perdues-en-6-000-hectarees-de-cultiu-en-diverses-comarques-entre-elles-els-serrans","status":"publish","type":"post","link":"https:\/\/tucomarca.whitekongsoftware.com\/ca\/ava-asaja-estima-que-la-pedra-ha-causat-25-milions-de-perdues-en-6-000-hectarees-de-cultiu-en-diverses-comarques-entre-elles-els-serrans\/","title":{"rendered":"AVA-Asaja estima que la pedra ha causat 25 milions de p\u00e8rdues en 6.000 hect\u00e0rees de cultiu en diverses comarques, entre elles Els Serrans"},"content":{"rendered":"\n<h3 class=\"wp-block-heading\">Les comarques m\u00e9s afectades s\u00f3n La Plana Baixa, Camp de Morvedre, Alt Pal\u00e0ncia i Els Serrans amb danys en c\u00edtrics (sobretot la clemenules), hortalisses, alvocats, ametlers, oliveres, vinyes i cereals.<\/h3>\n\n\n\n<p class=\"wp-block-paragraph\">Segons les primeres estimacions avan\u00e7ades per l&#8217;Associaci\u00f3 Valenciana d&#8217;Agricultors (AVA-ASAJA), el temporal de pluges intenses, vent i pedra del passat cap de setmana va ocasionar greus danys en m\u00e9s de 6.000 hect\u00e0rees de cultiu a Castell\u00f3 i Val\u00e8ncia que es van traduir en uns 25 milions d&#8217;euros de p\u00e8rdues econ\u00f2miques per als productors.<\/p>\n\n\n\n<p class=\"wp-block-paragraph\">Les comarques m\u00e9s afectades per la tempesta van ser La Plana Baixa (a destacar termes com Nules, La Vilavella, Les Alqueries, Borriana, Moncofa, la Vall d\u2019Uix\u00f2, Eslida i Artana), el Camp de Morvedre (sobretot els pobles que conformen Les Valls), l&#8217;Alt Pal\u00e0ncia (Almed\u00edxer, Soneja i Sot de Ferrer, entre altres) i Els Serrans (Titaig\u00fces i Alpont).<\/p>\n\n\n\n<p class=\"wp-block-paragraph\">Especialment en aquestes dues primeres \u00e0rees, els danys es van encebar en els c\u00edtrics (sobretot la varietat m\u00e9s predominant, la Clemenules), aix\u00ed com les hortalisses (estem en plena campanya de mel\u00f3 i mel\u00f3 d&#8217;Alger), alvocats (constitueix la principal zona productora d&#8217;aquest cultiu en la Comunitat Valenciana), ametlers, oliveres, vinyes i cereals (en avan\u00e7ada fase de recol\u00b7lecci\u00f3). A m\u00e9s de pedra, el vent va provocar perjudicis en arrancar arbres.&nbsp;<\/p>\n\n\n\n<p class=\"wp-block-paragraph\">El grau d&#8217;afecci\u00f3 de la pedra va superar en moltes parcel\u00b7les el 30-50% dels fruits. En el cas dels c\u00edtrics, els arbres van patir m\u00e9s danys en la meitat de la copa que mira a l&#8217;oest, \u00e9s a dir, a les muntanyes d&#8217;on procedia el temporal. A causa de l&#8217;enorme pres\u00e8ncia de clemenules en la zona damnificada, AVA-Asaja tem un minvament important\u00edssim d&#8217;aquesta varietat que condicionar\u00e0 la comercialitzaci\u00f3 en la primera meitat de la campanya citr\u00edcola i accentuar\u00e0 l&#8217;inter\u00e9s dels operadors comercials per garantir-se un subministrament suficient abans de l&#8217;inici de la temporada.<\/p>\n\n\n\n<p class=\"wp-block-paragraph\">AVA-Asaja comptabilitza en el que portem d&#8217;any m\u00e9s de huit tempestes amb un destacat impacte de gran\u00edssol, les quals han provocat m\u00e9s de 65 milions d&#8217;euros en p\u00e8rdues al sector agrari. Per aix\u00f2, l&#8217;associaci\u00f3 presidida per Crist\u00f3bal Aguado sol\u00b7licita a les administracions l&#8217;establiment d&#8217;ajudes directes, repartiment de fungicides i mesures fiscals destinades als productors damnificats, aix\u00ed com millores en les assegurances agr\u00e0ries. En aquest sentit, AVA-Asaja recorda que va reivindicar en la Comissi\u00f3 Territorial d&#8217;Assegurances Agr\u00e0ries una revisi\u00f3 del condicionat de les normes de peritaci\u00f3 de tots els cultius per a cobrir les p\u00e8rdues reals en producci\u00f3.<\/p>\n\n\n\n<figure class=\"wp-block-gallery has-nested-images columns-default is-cropped wp-block-gallery-1 is-layout-flex wp-block-gallery-is-layout-flex\">\n<figure class=\"wp-block-image size-large\"><img loading=\"lazy\" decoding=\"async\" width=\"461\" height=\"1024\" data-id=\"272075\" src=\"https:\/\/www.tucomarca.com\/wordpress\/segunda\/wp-content\/uploads\/2025\/07\/pedrisco_1-461x1024.jpg\" alt=\"\" class=\"wp-image-272075\" srcset=\"https:\/\/tucomarca.whitekongsoftware.com\/wp-content\/uploads\/2025\/07\/pedrisco_1-461x1024.jpg 461w, https:\/\/tucomarca.whitekongsoftware.com\/wp-content\/uploads\/2025\/07\/pedrisco_1-135x300.jpg 135w, https:\/\/tucomarca.whitekongsoftware.com\/wp-content\/uploads\/2025\/07\/pedrisco_1-691x1536.jpg 691w, https:\/\/tucomarca.whitekongsoftware.com\/wp-content\/uploads\/2025\/07\/pedrisco_1.jpg 720w\" sizes=\"auto, (max-width: 461px) 100vw, 461px\" \/><\/figure>\n\n\n\n<figure class=\"wp-block-image size-large\"><img loading=\"lazy\" decoding=\"async\" width=\"461\" height=\"1024\" data-id=\"272077\" src=\"https:\/\/www.tucomarca.com\/wordpress\/segunda\/wp-content\/uploads\/2025\/07\/pedrisco_2-461x1024.jpg\" alt=\"\" class=\"wp-image-272077\" srcset=\"https:\/\/tucomarca.whitekongsoftware.com\/wp-content\/uploads\/2025\/07\/pedrisco_2-461x1024.jpg 461w, https:\/\/tucomarca.whitekongsoftware.com\/wp-content\/uploads\/2025\/07\/pedrisco_2-135x300.jpg 135w, https:\/\/tucomarca.whitekongsoftware.com\/wp-content\/uploads\/2025\/07\/pedrisco_2-691x1536.jpg 691w, https:\/\/tucomarca.whitekongsoftware.com\/wp-content\/uploads\/2025\/07\/pedrisco_2.jpg 720w\" sizes=\"auto, (max-width: 461px) 100vw, 461px\" \/><\/figure>\n<\/figure>\n","protected":false},"excerpt":{"rendered":"<div class=\"mh-excerpt\">Les comarques m\u00e9s afectades s\u00f3n La Plana Baixa, Camp de Morvedre, Alt Pal\u00e0ncia i Els Serrans amb danys en c\u00edtrics (sobretot la clemenules), hortalisses, alvocats, ametlers, oliveres, vinyes i cereals. Segons les primeres estimacions avan\u00e7ades <a class=\"mh-excerpt-more\" href=\"https:\/\/tucomarca.whitekongsoftware.com\/ca\/ava-asaja-estima-que-la-pedra-ha-causat-25-milions-de-perdues-en-6-000-hectarees-de-cultiu-en-diverses-comarques-entre-elles-els-serrans\/\" title=\"AVA-Asaja estima que la pedra ha causat 25 milions de p\u00e8rdues en 6.000 hect\u00e0rees de cultiu en diverses comarques, entre elles Els Serrans\">[+] <\/a><\/div>\n","protected":false},"author":13,"featured_media":272080,"comment_status":"open","ping_status":"open","sticky":false,"template":"","format":"gallery","meta":{"footnotes":""},"categories":[10905,11044,11046,10898,10948,10894,10904,10903,10896,10897,11027],"tags":[11309,11187,11080,12166,12398,12925],"class_list":["post-272082","post","type-post","status-publish","format-gallery","has-post-thumbnail","category-agricultura-la-comarca-ca","category-alpuente-ca","category-los-serranos-ca","category-ventana-ca","category-infraestructuras-ca","category-la-comarca-ca","category-sin-categorizar-ca","category-medio-ambiente-la-comarca-ca","category-seccion-ca","category-sucesos-la-comarca-ca","category-titaguas-ca","tag-agricultura-ca","tag-alpuente-ca","tag-los-serranos-ca","tag-medio-ambiente-ca","tag-pedrisco-ca","tag-titaguas-ca","post_format-post-format-gallery"],"_links":{"self":[{"href":"https:\/\/tucomarca.whitekongsoftware.com\/ca\/wp-json\/wp\/v2\/posts\/272082","targetHints":{"allow":["GET"]}}],"collection":[{"href":"https:\/\/tucomarca.whitekongsoftware.com\/ca\/wp-json\/wp\/v2\/posts"}],"about":[{"href":"https:\/\/tucomarca.whitekongsoftware.com\/ca\/wp-json\/wp\/v2\/types\/post"}],"author":[{"embeddable":true,"href":"https:\/\/tucomarca.whitekongsoftware.com\/ca\/wp-json\/wp\/v2\/users\/13"}],"replies":[{"embeddable":true,"href":"https:\/\/tucomarca.whitekongsoftware.com\/ca\/wp-json\/wp\/v2\/comments?post=272082"}],"version-history":[{"count":0,"href":"https:\/\/tucomarca.whitekongsoftware.com\/ca\/wp-json\/wp\/v2\/posts\/272082\/revisions"}],"wp:featuredmedia":[{"embeddable":true,"href":"https:\/\/tucomarca.whitekongsoftware.com\/ca\/wp-json\/wp\/v2\/media\/272080"}],"wp:attachment":[{"href":"https:\/\/tucomarca.whitekongsoftware.com\/ca\/wp-json\/wp\/v2\/media?parent=272082"}],"wp:term":[{"taxonomy":"category","embeddable":true,"href":"https:\/\/tucomarca.whitekongsoftware.com\/ca\/wp-json\/wp\/v2\/categories?post=272082"},{"taxonomy":"post_tag","embeddable":true,"href":"https:\/\/tucomarca.whitekongsoftware.com\/ca\/wp-json\/wp\/v2\/tags?post=272082"}],"curies":[{"name":"wp","href":"https:\/\/api.w.org\/{rel}","templated":true}]}}