{"id":272070,"date":"2025-07-14T10:00:00","date_gmt":"2025-07-14T08:00:00","guid":{"rendered":"https:\/\/www.tucomarca.com\/wordpress\/segunda\/?p=272070"},"modified":"2025-07-14T12:19:58","modified_gmt":"2025-07-14T10:19:58","slug":"la-banda-juvenil-de-la-sm-lartistica-salca-amb-el-seu-primer-premi-nacional-en-viii-certamen-nacional-de-bandes-de-musica-azuaga-musica-i-cinema","status":"publish","type":"post","link":"https:\/\/tucomarca.whitekongsoftware.com\/ca\/la-banda-juvenil-de-la-sm-lartistica-salca-amb-el-seu-primer-premi-nacional-en-viii-certamen-nacional-de-bandes-de-musica-azuaga-musica-i-cinema\/","title":{"rendered":"La Banda Juvenil de la SM L&#8217;Art\u00edstica s&#8217;al\u00e7a amb el seu primer premi nacional en VIII Certamen Nacional de Bandes de M\u00fasica \u201cAzuaga, M\u00fasica i Cinema\u201d"},"content":{"rendered":"\n<p class=\"wp-block-paragraph\">La Banda Juvenil de la Societat Musical L&#8217;Art\u00edstica s&#8217;ha alzardo amb el Primer Premi en el VIII Certamen Nacional de Bandes de M\u00fasica \u201cAzuaga, M\u00fasica i Cinema\u201d, celebrat en la localitat extremenya.<\/p>\n\n\n\n<p class=\"wp-block-paragraph\">Aquest important reconeixement posa en relleu no sols la qualitat interpretativa de la formaci\u00f3, sin\u00f3 tamb\u00e9 l&#8217;esfor\u00e7, la dedicaci\u00f3 i la passi\u00f3 que els seus joves m\u00fasics demostren dia a dia. Sota la direcci\u00f3 de David Tar\u00edn D\u00edaz, la banda va aconseguir emocionar i destacar entre agrupacions arribades de tot el pa\u00eds.<\/p>\n\n\n\n<p class=\"wp-block-paragraph\">A la seua arribada a Bunyol, la Banda Juvenil va ser rebuda en un ambient d&#8217;aut\u00e8ntica celebraci\u00f3: traca, xampany i, per descomptat, m\u00fasica. En una cercavila des del Teatre Montecarlo fins a Rosers, els m\u00fasics van ser aclamats per ve\u00efns i membres dels Lletjos, que, despr\u00e9s de seguir el certamen des de la dist\u00e0ncia, no van voler perdre&#8217;s l&#8217;oportunitat de festejar el triomf al costat d&#8217;ells.<\/p>\n\n\n\n<p class=\"wp-block-paragraph\">Amb aquest premi es posa en valor aquest projecte educatiu i art\u00edstic, que porta amb orgull el nom de Bunyol i de &#8220;L&#8217;Art\u00edstica&#8221; all\u00e0 on sona, demostrant talent, comprom\u00eds i una enorme projecci\u00f3 de futur.<\/p>\n\n\n\n<figure class=\"wp-block-image size-large\"><img loading=\"lazy\" decoding=\"async\" width=\"1024\" height=\"768\" src=\"https:\/\/www.tucomarca.com\/wordpress\/segunda\/wp-content\/uploads\/2025\/07\/JuvenilFeosAzuafga2-1024x768.jpg\" alt=\"\" class=\"wp-image-272064\" srcset=\"https:\/\/tucomarca.whitekongsoftware.com\/wp-content\/uploads\/2025\/07\/JuvenilFeosAzuafga2-1024x768.jpg 1024w, https:\/\/tucomarca.whitekongsoftware.com\/wp-content\/uploads\/2025\/07\/JuvenilFeosAzuafga2-300x225.jpg 300w, https:\/\/tucomarca.whitekongsoftware.com\/wp-content\/uploads\/2025\/07\/JuvenilFeosAzuafga2-768x576.jpg 768w, https:\/\/tucomarca.whitekongsoftware.com\/wp-content\/uploads\/2025\/07\/JuvenilFeosAzuafga2-678x509.jpg 678w, https:\/\/tucomarca.whitekongsoftware.com\/wp-content\/uploads\/2025\/07\/JuvenilFeosAzuafga2-326x245.jpg 326w, https:\/\/tucomarca.whitekongsoftware.com\/wp-content\/uploads\/2025\/07\/JuvenilFeosAzuafga2-80x60.jpg 80w, https:\/\/tucomarca.whitekongsoftware.com\/wp-content\/uploads\/2025\/07\/JuvenilFeosAzuafga2.jpg 1181w\" sizes=\"auto, (max-width: 1024px) 100vw, 1024px\" \/><\/figure>\n","protected":false},"excerpt":{"rendered":"<div class=\"mh-excerpt\">La Banda Juvenil de la Societat Musical L&#8217;Art\u00edstica s&#8217;ha alzardo amb el Primer Premi en el VIII Certamen Nacional de Bandes de M\u00fasica \u201cAzuaga, M\u00fasica i Cinema\u201d, celebrat en la localitat extremenya. Aquest important reconeixement <a class=\"mh-excerpt-more\" href=\"https:\/\/tucomarca.whitekongsoftware.com\/ca\/la-banda-juvenil-de-la-sm-lartistica-salca-amb-el-seu-primer-premi-nacional-en-viii-certamen-nacional-de-bandes-de-musica-azuaga-musica-i-cinema\/\" title=\"La Banda Juvenil de la SM L&#8217;Art\u00edstica s&#8217;al\u00e7a amb el seu primer premi nacional en VIII Certamen Nacional de Bandes de M\u00fasica \u201cAzuaga, M\u00fasica i Cinema\u201d\">[+] <\/a><\/div>\n","protected":false},"author":12,"featured_media":272069,"comment_status":"open","ping_status":"open","sticky":false,"template":"","format":"image","meta":{"footnotes":""},"categories":[10911,11005,10894,10912,11007,10896],"tags":[22805,10913,10914,11154],"class_list":["post-272070","post","type-post","status-publish","format-image","has-post-thumbnail","category-bunol-ca","category-canal-musica","category-la-comarca-ca","category-la-hoya-ca","category-ocio-y-cultura-ca","category-seccion-ca","tag-banda-juvenil-sm-la-artistica-ca","tag-bunol-ca","tag-la-hoya-de-bunol-chiva-ca","tag-sm-la-artistica-de-bunol-ca","post_format-post-format-image"],"_links":{"self":[{"href":"https:\/\/tucomarca.whitekongsoftware.com\/ca\/wp-json\/wp\/v2\/posts\/272070","targetHints":{"allow":["GET"]}}],"collection":[{"href":"https:\/\/tucomarca.whitekongsoftware.com\/ca\/wp-json\/wp\/v2\/posts"}],"about":[{"href":"https:\/\/tucomarca.whitekongsoftware.com\/ca\/wp-json\/wp\/v2\/types\/post"}],"author":[{"embeddable":true,"href":"https:\/\/tucomarca.whitekongsoftware.com\/ca\/wp-json\/wp\/v2\/users\/12"}],"replies":[{"embeddable":true,"href":"https:\/\/tucomarca.whitekongsoftware.com\/ca\/wp-json\/wp\/v2\/comments?post=272070"}],"version-history":[{"count":0,"href":"https:\/\/tucomarca.whitekongsoftware.com\/ca\/wp-json\/wp\/v2\/posts\/272070\/revisions"}],"wp:featuredmedia":[{"embeddable":true,"href":"https:\/\/tucomarca.whitekongsoftware.com\/ca\/wp-json\/wp\/v2\/media\/272069"}],"wp:attachment":[{"href":"https:\/\/tucomarca.whitekongsoftware.com\/ca\/wp-json\/wp\/v2\/media?parent=272070"}],"wp:term":[{"taxonomy":"category","embeddable":true,"href":"https:\/\/tucomarca.whitekongsoftware.com\/ca\/wp-json\/wp\/v2\/categories?post=272070"},{"taxonomy":"post_tag","embeddable":true,"href":"https:\/\/tucomarca.whitekongsoftware.com\/ca\/wp-json\/wp\/v2\/tags?post=272070"}],"curies":[{"name":"wp","href":"https:\/\/api.w.org\/{rel}","templated":true}]}}