{"id":272018,"date":"2025-07-11T09:30:00","date_gmt":"2025-07-11T07:30:00","guid":{"rendered":"https:\/\/www.tucomarca.com\/wordpress\/segunda\/?p=272018"},"modified":"2025-07-11T09:37:18","modified_gmt":"2025-07-11T07:37:18","slug":"la-guardia-civil-dete-al-conductor-del-vehicle-escapolit-en-la-cv-35-despres-de-provocar-un-accident","status":"publish","type":"post","link":"https:\/\/tucomarca.whitekongsoftware.com\/ca\/la-guardia-civil-dete-al-conductor-del-vehicle-escapolit-en-la-cv-35-despres-de-provocar-un-accident\/","title":{"rendered":"La Gu\u00e0rdia Civil det\u00e9 al conductor del vehicle escapolit en la CV-35 despr\u00e9s de provocar un accident"},"content":{"rendered":"\n<h3 class=\"wp-block-heading\">Es va absentar del lloc del sinistre sense auxiliar al conductor de l&#8217;altre turisme que va resultar ferit greu.<\/h3>\n\n\n\n<p class=\"wp-block-paragraph\">El dia 5 de juliol de 2025 es va produir un sinistre vial en l&#8217;autovia CV-35, en el quil\u00f2metre 14,500, direcci\u00f3 Adem\u00fas, en el qual un vehicle es va eixir de la via pel marge esquerre xocant contra el mur de formig\u00f3 de la mitjana que el va projectar volant entre els tres carrils i donant diverses voltes sobre si mateix. Aquesta eixida de via va ser provocada, per una maniobra antireglament\u00e0ria per part del conductor d&#8217;un altre turisme, que a m\u00e9s no va parar a auxiliar en el sinistre viari allunyant-se del lloc sense identificar-se ni facilitar cap auxili a la v\u00edctima.<\/p>\n\n\n\n<p class=\"wp-block-paragraph\">El conductor del turisme sinistrat, donada la gravetat de les seues ferides, va haver de ser evacuat per un SAMU a l&#8217;Hospital La Fe de Val\u00e8ncia.<\/p>\n\n\n\n<p class=\"wp-block-paragraph\">Per part de membres del Subsector de Tr\u00e0nsit de Val\u00e8ncia es va establir un dispositiu per a rescatar i auxiliar al ferit, regular la circulaci\u00f3 de la resta de conductors i iniciar la investigaci\u00f3 del succe\u00eft. Un Equip d&#8217;Investigaci\u00f3 de Sinistres (EIS Val\u00e8ncia) del Subsector de Tr\u00e0nsit de la Gu\u00e0rdia Civil de Val\u00e8ncia va obrir dilig\u00e8ncies per a la investigaci\u00f3 de l&#8217;ocorregut, recopilant tota la informaci\u00f3 i imatges d&#8217;aquest, aconseguint la identificaci\u00f3 del vehicle gr\u00e0cies al testimoniatge d&#8217;altres conductors.&nbsp;<\/p>\n\n\n\n<p class=\"wp-block-paragraph\">Aquests fets van ser publicats pels mitjans de comunicaci\u00f3 el passat dia 6 de juliol. Despr\u00e9s del que el conductor causant del sinistre vial es va presentar volunt\u00e0riament en la Comissaria de Tr\u00e0nsits. Posteriorment ja en depend\u00e8ncies del Subsector de Tr\u00e0nsit de la Gu\u00e0rdia Civil de Val\u00e8ncia es va procedir a la seua detenci\u00f3 i continuaci\u00f3 de les oportunes dilig\u00e8ncies investigant-ho per diversos fets penals:&nbsp; un delicte de conducci\u00f3 temer\u00e0ria, un delicte d&#8217;aband\u00f3 de lloc del sinistre vial i un delicte de lesions per imprud\u00e8ncia greu.&nbsp;<\/p>\n\n\n\n<p class=\"wp-block-paragraph\">Es dona la circumst\u00e0ncia que la investigaci\u00f3 ha constatat que el conductor escapolit viatjava amb la seua filla menor en el moment del sinistre vial, la qual cosa agreuja les circumst\u00e0ncies que envolten els fets.<\/p>\n\n\n\n<p class=\"wp-block-paragraph\">Des del Subsector de Tr\u00e0nsit de Val\u00e8ncia es vol enaltir la col\u00b7laboraci\u00f3 ciutadana, at\u00e9s que ha contribu\u00eft al r\u00e0pid esclariment del sinistre vial.&nbsp;<\/p>\n\n\n\n<p class=\"wp-block-paragraph\">El sup\u00f2sit responsable s&#8217;enfronta a penes que poden arribar fins als 4 anys de pres\u00f3 i perduda del perm\u00eds de conduir d&#8217;1 a 4 anys.<\/p>\n\n\n\n<p class=\"wp-block-paragraph\">Les dilig\u00e8ncies instru\u00efdes han sigut entregades en el Jutjat de Gu\u00e0rdia de Paterna (V).<\/p>\n","protected":false},"excerpt":{"rendered":"<div class=\"mh-excerpt\">Es va absentar del lloc del sinistre sense auxiliar al conductor de l&#8217;altre turisme que va resultar ferit greu. El dia 5 de juliol de 2025 es va produir un sinistre vial en l&#8217;autovia CV-35, <a class=\"mh-excerpt-more\" href=\"https:\/\/tucomarca.whitekongsoftware.com\/ca\/la-guardia-civil-dete-al-conductor-del-vehicle-escapolit-en-la-cv-35-despres-de-provocar-un-accident\/\" title=\"La Gu\u00e0rdia Civil det\u00e9 al conductor del vehicle escapolit en la CV-35 despr\u00e9s de provocar un accident\">[+] <\/a><\/div>\n","protected":false},"author":1,"featured_media":133583,"comment_status":"open","ping_status":"open","sticky":false,"template":"","format":"standard","meta":{"footnotes":""},"categories":[10890,10898,10948,10894,10904,10896,10897],"tags":[12448,11097,17107,11118],"class_list":["post-272018","post","type-post","status-publish","format-standard","has-post-thumbnail","category-ademus","category-ventana-ca","category-infraestructuras-ca","category-la-comarca-ca","category-sin-categorizar-ca","category-seccion-ca","category-sucesos-la-comarca-ca","tag-accidente-ca","tag-ademuz-ca","tag-detenido-ca","tag-guardia-civil-ca"],"_links":{"self":[{"href":"https:\/\/tucomarca.whitekongsoftware.com\/ca\/wp-json\/wp\/v2\/posts\/272018","targetHints":{"allow":["GET"]}}],"collection":[{"href":"https:\/\/tucomarca.whitekongsoftware.com\/ca\/wp-json\/wp\/v2\/posts"}],"about":[{"href":"https:\/\/tucomarca.whitekongsoftware.com\/ca\/wp-json\/wp\/v2\/types\/post"}],"author":[{"embeddable":true,"href":"https:\/\/tucomarca.whitekongsoftware.com\/ca\/wp-json\/wp\/v2\/users\/1"}],"replies":[{"embeddable":true,"href":"https:\/\/tucomarca.whitekongsoftware.com\/ca\/wp-json\/wp\/v2\/comments?post=272018"}],"version-history":[{"count":0,"href":"https:\/\/tucomarca.whitekongsoftware.com\/ca\/wp-json\/wp\/v2\/posts\/272018\/revisions"}],"wp:featuredmedia":[{"embeddable":true,"href":"https:\/\/tucomarca.whitekongsoftware.com\/ca\/wp-json\/wp\/v2\/media\/133583"}],"wp:attachment":[{"href":"https:\/\/tucomarca.whitekongsoftware.com\/ca\/wp-json\/wp\/v2\/media?parent=272018"}],"wp:term":[{"taxonomy":"category","embeddable":true,"href":"https:\/\/tucomarca.whitekongsoftware.com\/ca\/wp-json\/wp\/v2\/categories?post=272018"},{"taxonomy":"post_tag","embeddable":true,"href":"https:\/\/tucomarca.whitekongsoftware.com\/ca\/wp-json\/wp\/v2\/tags?post=272018"}],"curies":[{"name":"wp","href":"https:\/\/api.w.org\/{rel}","templated":true}]}}