{"id":272014,"date":"2025-07-11T09:00:00","date_gmt":"2025-07-11T07:00:00","guid":{"rendered":"https:\/\/www.tucomarca.com\/wordpress\/segunda\/?p=272014"},"modified":"2025-07-11T09:40:10","modified_gmt":"2025-07-11T07:40:10","slug":"xest-dona-la-benvinguda-al-juliol-chestano-2025-amb-musica-sopars-populars-i-activitats-per-a-totes-les-edats","status":"publish","type":"post","link":"https:\/\/tucomarca.whitekongsoftware.com\/ca\/xest-dona-la-benvinguda-al-juliol-chestano-2025-amb-musica-sopars-populars-i-activitats-per-a-totes-les-edats\/","title":{"rendered":"Xest dona la benvinguda al \u201cJuliol Chestano 2025\u201d amb m\u00fasica, sopars populars i activitats per a totes les edats"},"content":{"rendered":"\n<p class=\"wp-block-paragraph\">L&#8217;estiu es viu intensament a Xest amb el retorn de l&#8217;esperat \u201cJulio Chestano 2025\u201d, un programa replet d&#8217;activitats l\u00fadiques, culturals i gastron\u00f2miques pensades per a tots els p\u00fablics. Durant tres caps de setmana consecutius, els ve\u00efns i visitants podran gaudir de m\u00fasica en directe, sopars populars, espectacles i propostes infantils que ompliran els carrers del municipi d&#8217;ambient festiu.<\/p>\n\n\n\n<figure class=\"wp-block-gallery has-nested-images columns-default is-cropped wp-block-gallery-1 is-layout-flex wp-block-gallery-is-layout-flex\">\n<figure class=\"wp-block-image size-large\"><img loading=\"lazy\" decoding=\"async\" width=\"682\" height=\"1024\" data-id=\"272007\" src=\"https:\/\/www.tucomarca.com\/wordpress\/segunda\/wp-content\/uploads\/2025\/07\/ChesteJulioChestano2-682x1024.jpg\" alt=\"\" class=\"wp-image-272007\" srcset=\"https:\/\/tucomarca.whitekongsoftware.com\/wp-content\/uploads\/2025\/07\/ChesteJulioChestano2-682x1024.jpg 682w, https:\/\/tucomarca.whitekongsoftware.com\/wp-content\/uploads\/2025\/07\/ChesteJulioChestano2-200x300.jpg 200w, https:\/\/tucomarca.whitekongsoftware.com\/wp-content\/uploads\/2025\/07\/ChesteJulioChestano2-768x1152.jpg 768w, https:\/\/tucomarca.whitekongsoftware.com\/wp-content\/uploads\/2025\/07\/ChesteJulioChestano2.jpg 843w\" sizes=\"auto, (max-width: 682px) 100vw, 682px\" \/><\/figure>\n\n\n\n<figure class=\"wp-block-image size-large\"><img loading=\"lazy\" decoding=\"async\" width=\"682\" height=\"1024\" data-id=\"272005\" src=\"https:\/\/www.tucomarca.com\/wordpress\/segunda\/wp-content\/uploads\/2025\/07\/ChesteJulioChestano1-682x1024.jpg\" alt=\"\" class=\"wp-image-272005\" srcset=\"https:\/\/tucomarca.whitekongsoftware.com\/wp-content\/uploads\/2025\/07\/ChesteJulioChestano1-682x1024.jpg 682w, https:\/\/tucomarca.whitekongsoftware.com\/wp-content\/uploads\/2025\/07\/ChesteJulioChestano1-200x300.jpg 200w, https:\/\/tucomarca.whitekongsoftware.com\/wp-content\/uploads\/2025\/07\/ChesteJulioChestano1-768x1152.jpg 768w, https:\/\/tucomarca.whitekongsoftware.com\/wp-content\/uploads\/2025\/07\/ChesteJulioChestano1.jpg 843w\" sizes=\"auto, (max-width: 682px) 100vw, 682px\" \/><\/figure>\n<\/figure>\n\n\n\n<p class=\"wp-block-paragraph\"><strong>Programaci\u00f3 destacada<\/strong><\/p>\n\n\n\n<p class=\"wp-block-paragraph\"><strong>Divendres, 11 de juliol<br><\/strong>19.00 h \u2013 Tardeo Eivissenc\u2028M\u00fasica en viu amb URKO i DJ FAU en Carrer P\u00e9rez Gald\u00f3s, ideal per a gaudir del millor ambient chill d&#8217;estiu.\u2028<\/p>\n\n\n\n<p class=\"wp-block-paragraph\"><strong>Dissabte, 12 de juliol<br><\/strong>19.30 h \u2013 Tast de Cerveses Artesanes\u2028En Carrer Renaixement, al costat de Nelo. Inscripcions en l&#8217;oficina de turisme des del 4 de juliol (places limitades).\u2028<\/p>\n\n\n\n<p class=\"wp-block-paragraph\"><strong>Divendres, 18 de juliol<br><\/strong>19.00 h \u2013 Desfilada de Disfresses Infantils\u2028Eixida des de Carrer Xiva (antic Correus).\u2028Inclou minidisco i regals per a tots els xiquets disfressats.\u2028<br>2.00 h \u2013 Sopar Popular en Plaza II Rep\u00fablica\u2028Sagnia oferida per la Falla Barri Ind\u00fastria i Comer\u00e7.\u2028Espectacle musical: Tribut a Alejandro Sanz.\u2028<\/p>\n\n\n\n<p class=\"wp-block-paragraph\"><strong>Dissabte, 19 de juliol<br><\/strong>11.00 h \u2013 III Festa Aqu\u00e0tica Infantil\u2028En Carrer Vicente Navarro. Jocs amb inflables i aigua per als m\u00e9s xicotets.\u2028<br>22.00 h \u2013 Sopar Popular en Plaza II Rep\u00fablica\u2028Sagnia a c\u00e0rrec de la Falla Barri Alegria.\u2028Gran espectacle musical amb acrob\u00e0cies: \u201cSpecial Night\u201d.\u2028<br>00.00 h \u2013 Disc M\u00f2bil \u201cPOLS\u201d\u2028A l&#8217;esplanada del Poliesportiu.\u2028<\/p>\n\n\n\n<p class=\"wp-block-paragraph\"><strong>Inscripcions per als sopars populars<\/strong><\/p>\n\n\n\n<p class=\"wp-block-paragraph\">Preu: 2\u202f\u20ac per persona, de l&#8217;1 al 8 de juliol, a trav\u00e9s de la seu electr\u00f2nica de l&#8217;Ajuntament de Xest\u2028<\/p>\n\n\n\n<p class=\"wp-block-paragraph\">Amb propostes per a totes les edats i una variada agenda cultural, el \u201cJuliol Chestano 2025\u201d promet ser una celebraci\u00f3 inoblidable que refor\u00e7a l&#8217;esperit comunitari i converteix cada rac\u00f3 de Xest en un escenari per a compartir, gaudir i viure l&#8217;estiu al m\u00e0xim.<\/p>\n","protected":false},"excerpt":{"rendered":"<div class=\"mh-excerpt\">L&#8217;estiu es viu intensament a Xest amb el retorn de l&#8217;esperat \u201cJulio Chestano 2025\u201d, un programa replet d&#8217;activitats l\u00fadiques, culturals i gastron\u00f2miques pensades per a tots els p\u00fablics. Durant tres caps de setmana consecutius, els <a class=\"mh-excerpt-more\" href=\"https:\/\/tucomarca.whitekongsoftware.com\/ca\/xest-dona-la-benvinguda-al-juliol-chestano-2025-amb-musica-sopars-populars-i-activitats-per-a-totes-les-edats\/\" title=\"Xest dona la benvinguda al \u201cJuliol Chestano 2025\u201d amb m\u00fasica, sopars populars i activitats per a totes les edats\">[+] <\/a><\/div>\n","protected":false},"author":12,"featured_media":272010,"comment_status":"open","ping_status":"open","sticky":false,"template":"","format":"standard","meta":{"footnotes":""},"categories":[11019,10894,10912,11007,10896,10974],"tags":[11071,22752,10914],"class_list":["post-272014","post","type-post","status-publish","format-standard","has-post-thumbnail","category-agenda-ca","category-la-comarca-ca","category-la-hoya-ca","category-ocio-y-cultura-ca","category-seccion-ca","category-cheste-ca","tag-cheste","tag-julio-chestano-ca","tag-la-hoya-de-bunol-chiva-ca"],"_links":{"self":[{"href":"https:\/\/tucomarca.whitekongsoftware.com\/ca\/wp-json\/wp\/v2\/posts\/272014","targetHints":{"allow":["GET"]}}],"collection":[{"href":"https:\/\/tucomarca.whitekongsoftware.com\/ca\/wp-json\/wp\/v2\/posts"}],"about":[{"href":"https:\/\/tucomarca.whitekongsoftware.com\/ca\/wp-json\/wp\/v2\/types\/post"}],"author":[{"embeddable":true,"href":"https:\/\/tucomarca.whitekongsoftware.com\/ca\/wp-json\/wp\/v2\/users\/12"}],"replies":[{"embeddable":true,"href":"https:\/\/tucomarca.whitekongsoftware.com\/ca\/wp-json\/wp\/v2\/comments?post=272014"}],"version-history":[{"count":0,"href":"https:\/\/tucomarca.whitekongsoftware.com\/ca\/wp-json\/wp\/v2\/posts\/272014\/revisions"}],"wp:featuredmedia":[{"embeddable":true,"href":"https:\/\/tucomarca.whitekongsoftware.com\/ca\/wp-json\/wp\/v2\/media\/272010"}],"wp:attachment":[{"href":"https:\/\/tucomarca.whitekongsoftware.com\/ca\/wp-json\/wp\/v2\/media?parent=272014"}],"wp:term":[{"taxonomy":"category","embeddable":true,"href":"https:\/\/tucomarca.whitekongsoftware.com\/ca\/wp-json\/wp\/v2\/categories?post=272014"},{"taxonomy":"post_tag","embeddable":true,"href":"https:\/\/tucomarca.whitekongsoftware.com\/ca\/wp-json\/wp\/v2\/tags?post=272014"}],"curies":[{"name":"wp","href":"https:\/\/api.w.org\/{rel}","templated":true}]}}