{"id":271988,"date":"2025-07-10T11:25:00","date_gmt":"2025-07-10T09:25:00","guid":{"rendered":"https:\/\/www.tucomarca.com\/wordpress\/segunda\/?p=271988"},"modified":"2025-07-10T19:28:23","modified_gmt":"2025-07-10T17:28:23","slug":"educacio-agraeix-el-treball-de-les-empreses-de-transport-i-conductors-que-han-traslladat-a-lalumnat-desplacat-en-altres-centres-a-causa-de-la-riuada","status":"publish","type":"post","link":"https:\/\/tucomarca.whitekongsoftware.com\/ca\/educacio-agraeix-el-treball-de-les-empreses-de-transport-i-conductors-que-han-traslladat-a-lalumnat-desplacat-en-altres-centres-a-causa-de-la-riuada\/","title":{"rendered":"Educaci\u00f3 agraeix el treball de les empreses de transport i conductors que han traslladat a l&#8217;alumnat despla\u00e7at en altres centres a causa de la riuada"},"content":{"rendered":"\n<h3 class=\"wp-block-heading\">El director general de Centres Docents ha participat en una taula redona sobre transport escolar al costat d&#8217;altres comunitats aut\u00f2nomes.<\/h3>\n\n\n\n<h3 class=\"wp-block-heading\">La Conselleria ha destinat m\u00e9s de 3 milions d&#8217;euros per a traslladar a 3.288 alumnes afectats per les inundacions.<\/h3>\n\n\n\n<p class=\"wp-block-paragraph\">El director general de Centres Docents, Jorge Cabo, en representaci\u00f3 de la Conselleria d&#8217;Educaci\u00f3, Cultura, Universitats i Ocupaci\u00f3, ha participat en la taula redona &#8216;Di\u00e0leg sobre transport escolar. Expectatives i reptes en la CCAA&#8217;, organitzada per l&#8217;Associaci\u00f3 Nacional d&#8217;Empresaris de Transport en Autocars (ANETRA) en col\u00b7laboraci\u00f3 amb la Uni\u00f3 Valenciana de Transportistes en Autocar (UVATRA).<\/p>\n\n\n\n<p class=\"wp-block-paragraph\">Jorge Cabo ha comen\u00e7at agraint el treball de les empreses de transport i conductors que han traslladat a l&#8217;alumnat que va haver de ser reallotjat en altres centres despr\u00e9s de les inundacions del passat 29 d&#8217;octubre.&nbsp;<\/p>\n\n\n\n<p class=\"wp-block-paragraph\">Durant la seua intervenci\u00f3, el director general de Centres Docents ha explicat que \u201cdes de la Conselleria ens trobem amb una situaci\u00f3 molt complexa i 3.288 alumnes van haver de ser despla\u00e7ats a altres centres educatius\u201d. Per a aix\u00f2, la Conselleria d&#8217;Educaci\u00f3 va realitzar diferents contractes d&#8217;emerg\u00e8ncia per a atendre de manera urgent als centres que no estaven inclosos en el contracte de transport amb import de 3.125.277 euros\u201d, ha assenyalat Cap.&nbsp;<\/p>\n\n\n\n<p class=\"wp-block-paragraph\">En aquesta trobada s&#8217;ha conversat sobre transport escolar des de la perspectiva de l&#8217;Administraci\u00f3 per a compartir experi\u00e8ncies que permeten millorar aquest servei essencial en l&#8217;educaci\u00f3 de l&#8217;alumnat que dep\u00e9n d&#8217;aquesta prestaci\u00f3 per a arribar als seus centres educatius.&nbsp;<\/p>\n\n\n\n<p class=\"wp-block-paragraph\">En aquest sentit, Cap ha destacat que durant el curs actual 2024-2025, un total de 44.104 alumnes de la Comunitat Valenciana s&#8217;han beneficiat d&#8217;aquest servei de transport escolar col\u00b7lectiu i ha recordat que en els dos \u00faltims cursos s&#8217;han establit 1.350 rutes per a cobrir les necessitats de trasllat de l&#8217;alumnat.<\/p>\n\n\n\n<p class=\"wp-block-paragraph\">Aix\u00ed mateix, ha subratllat que tamb\u00e9 s&#8217;han concedit 7.314 ajudes de transport escolar individual en aquests dos \u00faltims anys, de les quals 3.124 corresponen al curs 2023\/2024 i 3.123 del curs 2024\/2025.&nbsp;<\/p>\n\n\n\n<p class=\"wp-block-paragraph\">El director general ha ressaltat que des de la Conselleria d&#8217;Educaci\u00f3 s&#8217;han establit noves formes de comunicaci\u00f3 entre els centres, empreses adjudicat\u00e0ries i la pr\u00f2pia responsable del contracte \u201cper a agilitzar els tr\u00e0mits i ha comentat diferents l\u00ednies de futur en les quals s&#8217;est\u00e0 enfocant la seua direcci\u00f3 general com l&#8217;optimitzaci\u00f3 de les rutes, la geolocalitzaci\u00f3, i la millora de la comunicaci\u00f3, amb suport en la digitalitzaci\u00f3 i la IA\u201d.<\/p>\n\n\n\n<p class=\"wp-block-paragraph\">Finalment, Jorge Cabo ha indicat que la clau per a disposar d&#8217;un bon servei de transport escolar \u00e9s \u201crealitzar estudis previs de les necessitats a cobrir i analitzar els mitjans de l&#8217;administraci\u00f3 per a la licitaci\u00f3, l&#8217;execuci\u00f3 i la distribuci\u00f3 territorial per a dur a terme una gesti\u00f3 eficient\u201d.<\/p>\n\n\n\n<p class=\"wp-block-paragraph\"><\/p>\n","protected":false},"excerpt":{"rendered":"<div class=\"mh-excerpt\">El director general de Centres Docents ha participat en una taula redona sobre transport escolar al costat d&#8217;altres comunitats aut\u00f2nomes. La Conselleria ha destinat m\u00e9s de 3 milions d&#8217;euros per a traslladar a 3.288 alumnes <a class=\"mh-excerpt-more\" href=\"https:\/\/tucomarca.whitekongsoftware.com\/ca\/educacio-agraeix-el-treball-de-les-empreses-de-transport-i-conductors-que-han-traslladat-a-lalumnat-desplacat-en-altres-centres-a-causa-de-la-riuada\/\" title=\"Educaci\u00f3 agraeix el treball de les empreses de transport i conductors que han traslladat a l&#8217;alumnat despla\u00e7at en altres centres a causa de la riuada\">[+] <\/a><\/div>\n","protected":false},"author":12,"featured_media":271986,"comment_status":"open","ping_status":"open","sticky":false,"template":"","format":"standard","meta":{"footnotes":""},"categories":[21466,10898,10948,10894,10904,10903,10947,10896,10897],"tags":[14380,15409],"class_list":["post-271988","post","type-post","status-publish","format-standard","has-post-thumbnail","category-dana-ca","category-ventana-ca","category-infraestructuras-ca","category-la-comarca-ca","category-sin-categorizar-ca","category-medio-ambiente-la-comarca-ca","category-politica","category-seccion-ca","category-sucesos-la-comarca-ca","tag-conselleria-deducacio-ca","tag-dana-2-ca"],"_links":{"self":[{"href":"https:\/\/tucomarca.whitekongsoftware.com\/ca\/wp-json\/wp\/v2\/posts\/271988","targetHints":{"allow":["GET"]}}],"collection":[{"href":"https:\/\/tucomarca.whitekongsoftware.com\/ca\/wp-json\/wp\/v2\/posts"}],"about":[{"href":"https:\/\/tucomarca.whitekongsoftware.com\/ca\/wp-json\/wp\/v2\/types\/post"}],"author":[{"embeddable":true,"href":"https:\/\/tucomarca.whitekongsoftware.com\/ca\/wp-json\/wp\/v2\/users\/12"}],"replies":[{"embeddable":true,"href":"https:\/\/tucomarca.whitekongsoftware.com\/ca\/wp-json\/wp\/v2\/comments?post=271988"}],"version-history":[{"count":0,"href":"https:\/\/tucomarca.whitekongsoftware.com\/ca\/wp-json\/wp\/v2\/posts\/271988\/revisions"}],"wp:featuredmedia":[{"embeddable":true,"href":"https:\/\/tucomarca.whitekongsoftware.com\/ca\/wp-json\/wp\/v2\/media\/271986"}],"wp:attachment":[{"href":"https:\/\/tucomarca.whitekongsoftware.com\/ca\/wp-json\/wp\/v2\/media?parent=271988"}],"wp:term":[{"taxonomy":"category","embeddable":true,"href":"https:\/\/tucomarca.whitekongsoftware.com\/ca\/wp-json\/wp\/v2\/categories?post=271988"},{"taxonomy":"post_tag","embeddable":true,"href":"https:\/\/tucomarca.whitekongsoftware.com\/ca\/wp-json\/wp\/v2\/tags?post=271988"}],"curies":[{"name":"wp","href":"https:\/\/api.w.org\/{rel}","templated":true}]}}