{"id":271959,"date":"2025-07-10T11:15:00","date_gmt":"2025-07-10T09:15:00","guid":{"rendered":"https:\/\/www.tucomarca.com\/wordpress\/segunda\/?p=271959"},"modified":"2025-07-10T13:28:05","modified_gmt":"2025-07-10T11:28:05","slug":"xest-obri-el-termini-de-sollicitud-de-les-ajudes-dana-de-serveis-socials-destinades-a-persones-en-situacio-de-vulnerabilitat","status":"publish","type":"post","link":"https:\/\/tucomarca.whitekongsoftware.com\/ca\/xest-obri-el-termini-de-sollicitud-de-les-ajudes-dana-de-serveis-socials-destinades-a-persones-en-situacio-de-vulnerabilitat\/","title":{"rendered":"Xest obri el termini de sol\u00b7licitud de les Ajudes DANA de Serveis Socials destinades a persones en situaci\u00f3 de vulnerabilitat"},"content":{"rendered":"\n<p class=\"wp-block-paragraph\">Hui s&#8217;obri el termini de sol\u00b7licitud de les ajudes municipals de Serveis Socials destinades a persones en situaci\u00f3 de vulnerabilitat afectades per la Dana del 29 d&#8217;octubre, despr\u00e9s de la publicaci\u00f3 de les bases reguladores en el Butllet\u00ed Oficial de la Prov\u00edncia d&#8217;ahir, dimecres 9 de juliol.<\/p>\n\n\n\n<p class=\"wp-block-paragraph\">Tal com es detalla en les bases, l&#8217;objecte d&#8217;aquestes subvencions directes \u00e9s atendre les necessitats urgents de persones individuals o unitats familiars del municipi de Xest derivades de la Dana i contribuir a evitar l&#8217;agreujament de la vulnerabilitat en aquests casos.<\/p>\n\n\n\n<p class=\"wp-block-paragraph\">\u201cEn el marc del Reial decret 7\/2024 de l&#8217;11 de novembre de mesures urgents per a la reconstrucci\u00f3 despr\u00e9s de la Dana, que determina les ajudes que es poden sol\u00b7licitar, des de l&#8217;Ajuntament gestionarem mig mili\u00f3 d&#8217;euros des de Serveis Socials per a persones de vulnerabilitat extrema\u201d, ha explicat la regidora de Serveis Socials. \u201cL&#8217;equip de Serveis socials va redactar les bases reguladores del procediment, duent a terme un estudi previ de totes les persones que podrien rebre les ajudes, ahir es van publicar en el BOP i hui s&#8217;obri el termini de sol\u00b7licitud. Amb aquest programa tamb\u00e9 es permet contractar personal i espais, per la qual cosa l&#8217;equip de Serveis Socials compta ara amb quatre persones m\u00e9s, que se situaran en en local de gesti\u00f3 d&#8217;Ajudes Dana del carrer P\u00e9rez Gald\u00f3s\u201d.<\/p>\n\n\n\n<p class=\"wp-block-paragraph\"><strong>Tipus d&#8217;ajuda<br><\/strong>Les modalitats d&#8217;ajuda s\u00f3n tres: Renda municipal per Dana, Despeses extraordin\u00e0ries per Dana i Emerg\u00e8ncia residencial per Dana. Les tres opcions s\u00f3n compatibles entre si i es poden sol\u00b7licitar fins al 30 de setembre de 2025.<\/p>\n\n\n\n<p class=\"wp-block-paragraph\">La renda municipal tindr\u00e0 una quantia de 300 euros mensuals per unitat de conviv\u00e8ncia de fins a dos membres, incrementant-se en 100 euros per cada membre addicional, fins a un m\u00e0xim de 600 euros. El per\u00edode m\u00e0xim de percepci\u00f3 ser\u00e0 fins a desembre de 2025, per\u00f2 es reconeixer\u00e0 amb efectes retroactius des de l&#8217;1 de novembre de 2024.<\/p>\n\n\n\n<p class=\"wp-block-paragraph\">L&#8217;ajuda per a despeses extraordin\u00e0ries consisteix en una prestaci\u00f3 puntual destinada a cobrir despeses derivades de la Dana, que s&#8217;estableix en dues l\u00ednies: Despeses relacionades amb l&#8217;habitatge habitual i Despeses d&#8217;atenci\u00f3 sociosanit\u00e0ria, atenci\u00f3 psicol\u00f2gica o derivats de<br>la intervenci\u00f3 social. La quantia ser\u00e0 d&#8217;un m\u00e0xim de 5.000 per sol\u00b7licitant.<\/p>\n\n\n\n<p class=\"wp-block-paragraph\">La modalitat d&#8217;emerg\u00e8ncia residencial \u00e9s una prestaci\u00f3 de car\u00e0cter peri\u00f2dic i extraordinari que tindr\u00e0 com a objecte subvencionar l&#8217;arrendament o alternativa residencial de les persones f\u00edsiques l&#8217;habitatge habitual de les quals i permanent haja resultat afectada greument per la Dana i la situaci\u00f3 actual de l&#8217;habitatge impedisca l&#8217;acc\u00e9s i\/o \u00fas d&#8217;aquesta. L&#8217;import de l&#8217;ajuda a concedir ser\u00e0 de 800 euros mensuals llevat que en el contracte d&#8217;arrendament o factures d&#8217;alternativa residencial conste un menor, i en aquest cas es concedir\u00e0 aquest import. S&#8217;admetran contractes d&#8217;arrendament i factures d&#8217;alternativa residencial amb efectes des de l&#8217;1 de novembre de 2024, inclusivament, sempre que el contracte estiga formalitzat i les despeses degudament justificades. El per\u00edode m\u00e0xim de percepci\u00f3 ser\u00e0 fins a desembre de 2025.<\/p>\n\n\n\n<p class=\"wp-block-paragraph\"><strong>Presentaci\u00f3 de sol\u00b7licituds<br><\/strong>Les sol\u00b7licituds es presentaran preferentment de manera presencial en les oficines d&#8217;assist\u00e8ncia en mat\u00e8ria de DANA, direcci\u00f3 C\/Perez Gald\u00f3s, 22, mitjan\u00e7ant el model de sol\u00b7licitud (Annex I de les Bases) i el manteniment de tercers de l&#8217;Ajuntament de Xest (Annex II).<\/p>\n\n\n\n<p class=\"wp-block-paragraph\"><strong>Requisits i documentaci\u00f3<br><\/strong>Els requisits generals i els espec\u00edfics de cada modalitat, aix\u00ed com la documentaci\u00f3 acreditativa a presentar s&#8217;especifiquen en les bases de les ajudes, publicades en el BOP del 9 de juliol: https:\/\/lc.cx\/bp1b4j<\/p>\n","protected":false},"excerpt":{"rendered":"<div class=\"mh-excerpt\">Hui s&#8217;obri el termini de sol\u00b7licitud de les ajudes municipals de Serveis Socials destinades a persones en situaci\u00f3 de vulnerabilitat afectades per la Dana del 29 d&#8217;octubre, despr\u00e9s de la publicaci\u00f3 de les bases reguladores <a class=\"mh-excerpt-more\" href=\"https:\/\/tucomarca.whitekongsoftware.com\/ca\/xest-obri-el-termini-de-sollicitud-de-les-ajudes-dana-de-serveis-socials-destinades-a-persones-en-situacio-de-vulnerabilitat\/\" title=\"Xest obri el termini de sol\u00b7licitud de les Ajudes DANA de Serveis Socials destinades a persones en situaci\u00f3 de vulnerabilitat\">[+] <\/a><\/div>\n","protected":false},"author":12,"featured_media":271955,"comment_status":"open","ping_status":"open","sticky":false,"template":"","format":"standard","meta":{"footnotes":""},"categories":[21466,10898,10948,10894,10904,10912,10903,10947,10896,10897,10974],"tags":[21788,11071,13446],"class_list":["post-271959","post","type-post","status-publish","format-standard","has-post-thumbnail","category-dana-ca","category-ventana-ca","category-infraestructuras-ca","category-la-comarca-ca","category-sin-categorizar-ca","category-la-hoya-ca","category-medio-ambiente-la-comarca-ca","category-politica","category-seccion-ca","category-sucesos-la-comarca-ca","category-cheste-ca","tag-ayudas-dana-ca","tag-cheste","tag-servicios-sociales-ca"],"_links":{"self":[{"href":"https:\/\/tucomarca.whitekongsoftware.com\/ca\/wp-json\/wp\/v2\/posts\/271959","targetHints":{"allow":["GET"]}}],"collection":[{"href":"https:\/\/tucomarca.whitekongsoftware.com\/ca\/wp-json\/wp\/v2\/posts"}],"about":[{"href":"https:\/\/tucomarca.whitekongsoftware.com\/ca\/wp-json\/wp\/v2\/types\/post"}],"author":[{"embeddable":true,"href":"https:\/\/tucomarca.whitekongsoftware.com\/ca\/wp-json\/wp\/v2\/users\/12"}],"replies":[{"embeddable":true,"href":"https:\/\/tucomarca.whitekongsoftware.com\/ca\/wp-json\/wp\/v2\/comments?post=271959"}],"version-history":[{"count":0,"href":"https:\/\/tucomarca.whitekongsoftware.com\/ca\/wp-json\/wp\/v2\/posts\/271959\/revisions"}],"wp:featuredmedia":[{"embeddable":true,"href":"https:\/\/tucomarca.whitekongsoftware.com\/ca\/wp-json\/wp\/v2\/media\/271955"}],"wp:attachment":[{"href":"https:\/\/tucomarca.whitekongsoftware.com\/ca\/wp-json\/wp\/v2\/media?parent=271959"}],"wp:term":[{"taxonomy":"category","embeddable":true,"href":"https:\/\/tucomarca.whitekongsoftware.com\/ca\/wp-json\/wp\/v2\/categories?post=271959"},{"taxonomy":"post_tag","embeddable":true,"href":"https:\/\/tucomarca.whitekongsoftware.com\/ca\/wp-json\/wp\/v2\/tags?post=271959"}],"curies":[{"name":"wp","href":"https:\/\/api.w.org\/{rel}","templated":true}]}}