{"id":271950,"date":"2025-07-10T11:30:00","date_gmt":"2025-07-10T09:30:00","guid":{"rendered":"https:\/\/www.tucomarca.com\/wordpress\/segunda\/?p=271950"},"modified":"2025-07-10T13:18:01","modified_gmt":"2025-07-10T11:18:01","slug":"la-diputacio-iniciara-les-obres-per-a-millorar-la-seguretat-en-lacces-a-montserrat-des-de-la-cv-416-a-principis-de-2026","status":"publish","type":"post","link":"https:\/\/tucomarca.whitekongsoftware.com\/ca\/la-diputacio-iniciara-les-obres-per-a-millorar-la-seguretat-en-lacces-a-montserrat-des-de-la-cv-416-a-principis-de-2026\/","title":{"rendered":"La Diputaci\u00f3 iniciar\u00e0 les obres per a millorar la seguretat en l&#8217;acc\u00e9s a Montserrat des de la CV-416 a principis de 2026"},"content":{"rendered":"\n<h3 class=\"wp-block-heading\">El projecte de l&#8217;\u00e0rea de Carreteres que coordina Reme Mazzolari consta d&#8217;una nova rotonda que distribuir\u00e0 de manera segura la connexi\u00f3 amb la CV-416 en direcci\u00f3 Chiva i Montroi, aix\u00ed com l&#8217;acc\u00e9s a l&#8217;avinguda Jaume I i el carrer Josep Renau en el nucli urb\u00e0 del municipi de la Ribera Alta.<\/h3>\n\n\n\n<h3 class=\"wp-block-heading\">Amb una inversi\u00f3 de 565.000 euros, \u201cconstruirem una infraestructura que refor\u00e7ar\u00e0 la seguretat en un punt conflictiu amb encreuaments perillosos\u201d, explica Mazzolari, qui assenyala un termini d&#8217;execuci\u00f3 estimat de 4 mesos.<\/h3>\n\n\n\n<p class=\"wp-block-paragraph\">La Diputaci\u00f3 de Val\u00e8ncia ha licitat les obres per a construir una rotonda en l&#8217;acc\u00e9s a Montserrat des de la CV-416, una actuaci\u00f3 reivindicada des de fa anys pel municipi per a resoldre el problema de seguretat vi\u00e0ria existent en l&#8217;encreuament que connecta la carretera amb el nucli urb\u00e0. D&#8217;esta manera, l&#8217;\u00e0rea de Carreteres que dirigix la vicepresidenta segona, Reme Mazzolari, invertir\u00e0 565.000 euros en un projecte que preveu ordenar els accessos tant a vies transitades del poble, cas de l&#8217;avinguda Jaume I i el carrer Josep Renau, com al poliesportiu i la distribuci\u00f3 del tr\u00e0nsit en direcci\u00f3 Chiva.<\/p>\n\n\n\n<p class=\"wp-block-paragraph\">La nova rotonda disposar\u00e0 de dos carrils i substituir\u00e0 a l&#8217;actual intersecci\u00f3 entre la carretera CV-416 i el nucli urb\u00e0 de Montserrat, al qual s&#8217;accedix per l&#8217;avinguda Jaume I amb perillosos encreuaments de traject\u00f2ries. La nova infraestructura, les obres de la qual podrien arrancar a principis de 2026 amb un termini estimat d&#8217;execuci\u00f3 de quatre mesos, \u201cestar\u00e0 composta per la plataforma girat\u00f2ria i quatre ramals que acabaran amb el greu problema de seguretat dels encreuaments i l&#8217;acc\u00e9s al poliesportiu; l&#8217;escassa visibilitat dels usuaris que s&#8217;incorporen des de l&#8217;avinguda Jaume I; i la falta d&#8217;ordenaci\u00f3 urbana que impossibilita la connexi\u00f3 amb altres vies contemplades en el Pla General del municipi\u201d, explica Mazzolari.<\/p>\n\n\n\n<p class=\"wp-block-paragraph\">El primer d&#8217;eixos nous ramals que partiran de la rotonda connectar\u00e0 amb la carretera CV-416 en direcci\u00f3 a Chiva, amb una longitud de 150 metres. El segon, amb 20 metres de longitud, enlla\u00e7ar\u00e0 amb el carrer Josep Renau, una de les novetats en l&#8217;acc\u00e9s al nucli urb\u00e0 que permetr\u00e0, a m\u00e9s, desenvolupar el Pla General. El seg\u00fcent ramal ser\u00e0 el d&#8217;acc\u00e9s a l&#8217;avinguda Jaume I, amb una longitud de 25 metres. I l&#8217;\u00faltim comunicar\u00e0 amb la CV-416 en direcci\u00f3 Montroi, en l&#8217;avinguda Carles Salvador.<\/p>\n\n\n\n<figure class=\"wp-block-image size-full\"><img loading=\"lazy\" decoding=\"async\" width=\"768\" height=\"513\" src=\"http:\/\/www.tucomarca.com\/wordpress\/segunda\/wp-content\/uploads\/2025\/07\/RotondaMonserrat.jpg\" alt=\"\" class=\"wp-image-271942\" srcset=\"https:\/\/tucomarca.whitekongsoftware.com\/wp-content\/uploads\/2025\/07\/RotondaMonserrat.jpg 768w, https:\/\/tucomarca.whitekongsoftware.com\/wp-content\/uploads\/2025\/07\/RotondaMonserrat-300x200.jpg 300w\" sizes=\"auto, (max-width: 768px) 100vw, 768px\" \/><\/figure>\n\n\n\n<p class=\"wp-block-paragraph\"><strong>Espais m\u00e9s segurs<\/strong><\/p>\n\n\n\n<p class=\"wp-block-paragraph\">La rotonda que construir\u00e0 la Diputaci\u00f3 en l&#8217;acc\u00e9s a Montserrat tindr\u00e0 huit metres de cal\u00e7ada, amb vorals laterals de mig metre d&#8217;ampl\u00e0ria, una illeta central i una vorera exterior d&#8217;ampl\u00e0ria variable. El primer ramal, de connexi\u00f3 amb la carretera que va a Chiva, disposar\u00e0 de dos carrils de 3,5 metres d&#8217;ampl\u00e0ria, mentre que els accessos al municipi es mantindran com a espais consolidats, amb \u00e0mplies voreres: l&#8217;avinguda Jaume I amb els seus 13,5 metres d&#8217;ampl\u00e0ria; el carrer Josep Renau amb 12 metres d&#8217;ampl\u00e0ria; i l&#8217;avinguda Carles Salvador, en direcci\u00f3 a Montroi, amb 6,5 metres de cal\u00e7ada.<\/p>\n\n\n\n<p class=\"wp-block-paragraph\">L&#8217;actuaci\u00f3 refor\u00e7ar\u00e0 igualment la seguretat de l&#8217;acc\u00e9s al poliesportiu de Montserrat, un ramal d&#8217;\u00fanica direcci\u00f3 i 3,5 metres d&#8217;ampl\u00e0ria, amb vorals d&#8217;entre mig metre i un metre i una zona enjardinada d&#8217;ampl\u00e0ria variable en el marge dret. La connexi\u00f3 de l&#8217;acc\u00e9s, d&#8217;uns 40 metres de longitud, es realitzar\u00e0 a trav\u00e9s del primer ramal, el de la carretera en direcci\u00f3 a Chiva, mitjan\u00e7ant un carril d&#8217;acceleraci\u00f3. L&#8217;obra inclour\u00e0 la reposici\u00f3 d&#8217;elements com a proteccions afectades, canonades d&#8217;aigua potable i la canalitzaci\u00f3 subterr\u00e0nia de telefonia.<\/p>\n\n\n\n<p class=\"wp-block-paragraph\">En paraules de Reme Mazzolari, \u201cestos projectes demostren que no hem descurat en absolut el dia a dia de la xarxa provincial de carreteres i les q\u00fcestions priorit\u00e0ries en mat\u00e8ria de seguretat, malgrat que hem hagut de redoblar els esfor\u00e7os per a reconstruir les infraestructures afectades per la dana, on s&#8217;ha realitzat una inversi\u00f3 d&#8217;emerg\u00e8ncia superior als 80 milions d&#8217;euros\u201d. \u201cEls treballs de reconstrucci\u00f3 estan molt avan\u00e7ats i est\u00e0 previst completar-los abans de final d&#8217;any, per\u00f2 en paral\u00b7lel continuarem impulsant projectes que protegisquen els usuaris de les nostres carreteres\u201d, afig la vicepresidenta.<\/p>\n","protected":false},"excerpt":{"rendered":"<div class=\"mh-excerpt\">El projecte de l&#8217;\u00e0rea de Carreteres que coordina Reme Mazzolari consta d&#8217;una nova rotonda que distribuir\u00e0 de manera segura la connexi\u00f3 amb la CV-416 en direcci\u00f3 Chiva i Montroi, aix\u00ed com l&#8217;acc\u00e9s a l&#8217;avinguda Jaume <a class=\"mh-excerpt-more\" href=\"https:\/\/tucomarca.whitekongsoftware.com\/ca\/la-diputacio-iniciara-les-obres-per-a-millorar-la-seguretat-en-lacces-a-montserrat-des-de-la-cv-416-a-principis-de-2026\/\" title=\"La Diputaci\u00f3 iniciar\u00e0 les obres per a millorar la seguretat en l&#8217;acc\u00e9s a Montserrat des de la CV-416 a principis de 2026\">[+] <\/a><\/div>\n","protected":false},"author":1,"featured_media":271939,"comment_status":"open","ping_status":"open","sticky":false,"template":"","format":"standard","meta":{"footnotes":""},"categories":[10898,10948,10894,10904,10902,10903,11000,10947,10896],"tags":[11246,11077,11208],"class_list":["post-271950","post","type-post","status-publish","format-standard","has-post-thumbnail","category-ventana-ca","category-infraestructuras-ca","category-la-comarca-ca","category-sin-categorizar-ca","category-la-ribera-ca","category-medio-ambiente-la-comarca-ca","category-monserrat-ca","category-politica","category-seccion-ca","tag-diputacio-de-valencia-ca","tag-la-ribera-alta-ca","tag-monserrat-ca"],"_links":{"self":[{"href":"https:\/\/tucomarca.whitekongsoftware.com\/ca\/wp-json\/wp\/v2\/posts\/271950","targetHints":{"allow":["GET"]}}],"collection":[{"href":"https:\/\/tucomarca.whitekongsoftware.com\/ca\/wp-json\/wp\/v2\/posts"}],"about":[{"href":"https:\/\/tucomarca.whitekongsoftware.com\/ca\/wp-json\/wp\/v2\/types\/post"}],"author":[{"embeddable":true,"href":"https:\/\/tucomarca.whitekongsoftware.com\/ca\/wp-json\/wp\/v2\/users\/1"}],"replies":[{"embeddable":true,"href":"https:\/\/tucomarca.whitekongsoftware.com\/ca\/wp-json\/wp\/v2\/comments?post=271950"}],"version-history":[{"count":0,"href":"https:\/\/tucomarca.whitekongsoftware.com\/ca\/wp-json\/wp\/v2\/posts\/271950\/revisions"}],"wp:featuredmedia":[{"embeddable":true,"href":"https:\/\/tucomarca.whitekongsoftware.com\/ca\/wp-json\/wp\/v2\/media\/271939"}],"wp:attachment":[{"href":"https:\/\/tucomarca.whitekongsoftware.com\/ca\/wp-json\/wp\/v2\/media?parent=271950"}],"wp:term":[{"taxonomy":"category","embeddable":true,"href":"https:\/\/tucomarca.whitekongsoftware.com\/ca\/wp-json\/wp\/v2\/categories?post=271950"},{"taxonomy":"post_tag","embeddable":true,"href":"https:\/\/tucomarca.whitekongsoftware.com\/ca\/wp-json\/wp\/v2\/tags?post=271950"}],"curies":[{"name":"wp","href":"https:\/\/api.w.org\/{rel}","templated":true}]}}