{"id":271931,"date":"2025-07-10T12:00:00","date_gmt":"2025-07-10T10:00:00","guid":{"rendered":"https:\/\/www.tucomarca.com\/wordpress\/segunda\/?p=271931"},"modified":"2025-07-10T12:25:36","modified_gmt":"2025-07-10T10:25:36","slug":"la-guardia-civil-dete-a-tres-persones-per-la-comissio-de-35-robatoris-a-linterior-de-vehicles-a-toris","status":"publish","type":"post","link":"https:\/\/tucomarca.whitekongsoftware.com\/ca\/la-guardia-civil-dete-a-tres-persones-per-la-comissio-de-35-robatoris-a-linterior-de-vehicles-a-toris\/","title":{"rendered":"La Gu\u00e0rdia Civil det\u00e9 a tres persones per la comissi\u00f3 de 35 robatoris a l&#8217;interior de vehicles a Tur\u00eds"},"content":{"rendered":"\n<h3 class=\"wp-block-heading\">Els robatoris es cometien a l&#8217;interior de vehicles estacionats en el centre urb\u00e0 de la localitat valenciana.<\/h3>\n\n\n\n<h3 class=\"wp-block-heading\">Els detinguts fracturaven portes i finestres per a accedir als vehicles. Un d&#8217;ells, ja havia sigut detingut anteriorment per la comissi\u00f3 de 18 robatoris a l&#8217;interior de vehicles.<\/h3>\n\n\n\n<p class=\"wp-block-paragraph\">La Gu\u00e0rdia Civil ha detingut als autors dels 35 robatoris comesos a l&#8217;interior de vehicles en la localitat de Tor\u00eds. Els autors fracturaven portes i finestres per a accedir al vehicle, on sostreien tot tipus d&#8217;estris.&nbsp;<\/p>\n\n\n\n<p class=\"wp-block-paragraph\">A conseq\u00fc\u00e8ncia de les den\u00fancies, els agents van donar inici a l&#8217;operaci\u00f3 \u2018Cadab III\u2019. Es van adonar que el modus operandi coincidia amb una onada de robatoris anterior en la qual tamb\u00e9 es va detindre als autors. Amb aquesta l\u00ednia d&#8217;investigaci\u00f3, i gr\u00e0cies a les manifestacions de testimonis i al visionat de c\u00e0meres de seguretat, es va poder identificar als autors, un dels quals ja havia sigut detingut per la comissi\u00f3 de 18 robatoris a l&#8217;interior de vehicles en la mateixa localitat.&nbsp;<\/p>\n\n\n\n<p class=\"wp-block-paragraph\">Utilitzaven objectes contundents per a fracturar portes i finestres i sostraure el que trobaven en el seu interior. Despr\u00e9s de la identificaci\u00f3 i localitzaci\u00f3, van ser detinguts 3 homes d&#8217;entre 26 i 30 anys i nacionalitat algeriana. Se&#8217;ls atribueixen 35 delictes de robatori amb for\u00e7a a l&#8217;interior de vehicle, furt en interior de vehicle i danys en vehicle.&nbsp;<\/p>\n\n\n\n<p class=\"wp-block-paragraph\">Les dilig\u00e8ncies van ser entregades en el Jutjat de Primera Inst\u00e0ncia i Instrucci\u00f3 n\u00famero 1 de Requena.<\/p>\n","protected":false},"excerpt":{"rendered":"<div class=\"mh-excerpt\">Els robatoris es cometien a l&#8217;interior de vehicles estacionats en el centre urb\u00e0 de la localitat valenciana. Els detinguts fracturaven portes i finestres per a accedir als vehicles. Un d&#8217;ells, ja havia sigut detingut anteriorment <a class=\"mh-excerpt-more\" href=\"https:\/\/tucomarca.whitekongsoftware.com\/ca\/la-guardia-civil-dete-a-tres-persones-per-la-comissio-de-35-robatoris-a-linterior-de-vehicles-a-toris\/\" title=\"La Gu\u00e0rdia Civil det\u00e9 a tres persones per la comissi\u00f3 de 35 robatoris a l&#8217;interior de vehicles a Tur\u00eds\">[+] <\/a><\/div>\n","protected":false},"author":1,"featured_media":169663,"comment_status":"open","ping_status":"open","sticky":false,"template":"","format":"standard","meta":{"footnotes":""},"categories":[10898,10894,10904,10902,10896,10897,11047],"tags":[12920,11077,11093],"class_list":["post-271931","post","type-post","status-publish","format-standard","has-post-thumbnail","category-ventana-ca","category-la-comarca-ca","category-sin-categorizar-ca","category-la-ribera-ca","category-seccion-ca","category-sucesos-la-comarca-ca","category-turis-ca","tag-detenidos-ca","tag-la-ribera-alta-ca","tag-turis-ca"],"_links":{"self":[{"href":"https:\/\/tucomarca.whitekongsoftware.com\/ca\/wp-json\/wp\/v2\/posts\/271931","targetHints":{"allow":["GET"]}}],"collection":[{"href":"https:\/\/tucomarca.whitekongsoftware.com\/ca\/wp-json\/wp\/v2\/posts"}],"about":[{"href":"https:\/\/tucomarca.whitekongsoftware.com\/ca\/wp-json\/wp\/v2\/types\/post"}],"author":[{"embeddable":true,"href":"https:\/\/tucomarca.whitekongsoftware.com\/ca\/wp-json\/wp\/v2\/users\/1"}],"replies":[{"embeddable":true,"href":"https:\/\/tucomarca.whitekongsoftware.com\/ca\/wp-json\/wp\/v2\/comments?post=271931"}],"version-history":[{"count":0,"href":"https:\/\/tucomarca.whitekongsoftware.com\/ca\/wp-json\/wp\/v2\/posts\/271931\/revisions"}],"wp:featuredmedia":[{"embeddable":true,"href":"https:\/\/tucomarca.whitekongsoftware.com\/ca\/wp-json\/wp\/v2\/media\/169663"}],"wp:attachment":[{"href":"https:\/\/tucomarca.whitekongsoftware.com\/ca\/wp-json\/wp\/v2\/media?parent=271931"}],"wp:term":[{"taxonomy":"category","embeddable":true,"href":"https:\/\/tucomarca.whitekongsoftware.com\/ca\/wp-json\/wp\/v2\/categories?post=271931"},{"taxonomy":"post_tag","embeddable":true,"href":"https:\/\/tucomarca.whitekongsoftware.com\/ca\/wp-json\/wp\/v2\/tags?post=271931"}],"curies":[{"name":"wp","href":"https:\/\/api.w.org\/{rel}","templated":true}]}}