{"id":271923,"date":"2025-07-10T10:00:00","date_gmt":"2025-07-10T08:00:00","guid":{"rendered":"https:\/\/www.tucomarca.com\/wordpress\/segunda\/?p=271923"},"modified":"2025-07-10T12:32:37","modified_gmt":"2025-07-10T10:32:37","slug":"bunyol-es-prepara-per-a-celebrar-les-festes-en-honor-a-sant-cristofor-amb-tres-dies-replets-de-tradicio-musica-i-germanor","status":"publish","type":"post","link":"https:\/\/tucomarca.whitekongsoftware.com\/ca\/bunyol-es-prepara-per-a-celebrar-les-festes-en-honor-a-sant-cristofor-amb-tres-dies-replets-de-tradicio-musica-i-germanor\/","title":{"rendered":"Bunyol es prepara per a celebrar les festes en honor a Sant Crist\u00f2for amb tres dies replets de tradici\u00f3, m\u00fasica i germanor"},"content":{"rendered":"\n<p class=\"wp-block-paragraph\">Bunyol es vist de gala aquest cap de setmana per a retre homenatge a Sant Crist\u00f2for amb un complet programa d&#8217;activitats que es desenvoluparan del divendres 11 al diumenge 13 de juliol. La festivitat, organitzada per la Comissi\u00f3 de Sant Crist\u00f2for, reunir\u00e0 ve\u00efns i visitants entorn d&#8217;actes religiosos, cercaviles, concerts i la tradicional benedicci\u00f3 de vehicles.<\/p>\n\n\n\n<p class=\"wp-block-paragraph\">Els actes arrancaran el divendres 11 amb el engalanamiento de la porta de la Padrina a les 19.00 hores. El dissabte 12 continuar\u00e0 la programaci\u00f3 a les 19.30 amb la recollida de la Padrina en el seu domicili, seguida de la baixada del Sant des de l&#8217;Ermita de Sant Crist\u00f2for a les 20.00. A les 20.30, se celebrar\u00e0 una concentraci\u00f3 en la Pla\u00e7a de la Diputaci\u00f3 per a iniciar una cercavila fins a l&#8217;esgl\u00e9sia de Sant Pere Ap\u00f3stol, acompanyats per la xaranga L\u2019Epastre.<\/p>\n\n\n\n<p class=\"wp-block-paragraph\">La jornada del dissabte culminar\u00e0 amb el sopar de sobaquillo per a socis i simpatitzants en el Passeig Sant Llu\u00eds a les 21.30, la presentaci\u00f3 de la representant de l&#8217;exercici 2025-2026, Alba Cervera Montaner, a les 23.00, i un sorteig de regals per a tots els assistents. La nit continuar\u00e0 amb l&#8217;actuaci\u00f3 de la Gran Orquestra Jarana i una discom\u00f3vil fins a altes hores, en un esdeveniment subvencionat per la Generalitat Valenciana dins del programa \u201cAc\u00ed. Llaura Recuperem Val\u00e8ncia\u201d.<\/p>\n\n\n\n<p class=\"wp-block-paragraph\">El diumenge 13 es reprendran les activitats a les 11.00 amb la recollida de la Padrina Alba Cervera Montaner per a una nova cercavila acompanyada per la xaranga fins a l&#8217;esgl\u00e9sia de Sant Pere. A les 12.00 tindr\u00e0 lloc la missa en honor a Sant Crist\u00f2for i a les 13.15 la tradicional desfilada i benedicci\u00f3 de vehicles, que comen\u00e7ar\u00e0 en l&#8217;Avinguda de la Violeta. L&#8217;organitzaci\u00f3 ha recordat que est\u00e0 prohibit la desfilada de camions amb remolc, permetent-se nom\u00e9s els caps tractors.<\/p>\n\n\n\n<p class=\"wp-block-paragraph\">Com a colof\u00f3 a les festes, a les 14.30 se celebrar\u00e0 el Menjar de Germanor en el Restaurant Tr\u00e9bede per a tots els socis i simpatitzants, pr\u00e8via adquisici\u00f3 de tiquet a trav\u00e9s de la Comissi\u00f3. A m\u00e9s, cada participant en la desfilada amb el seu cami\u00f3 rebr\u00e0 un n\u00famero per a participar en el sorteig de cofres regale Wonderbox.<\/p>\n\n\n\n<p class=\"wp-block-paragraph\"><\/p>\n","protected":false},"excerpt":{"rendered":"<div class=\"mh-excerpt\">Bunyol es vist de gala aquest cap de setmana per a retre homenatge a Sant Crist\u00f2for amb un complet programa d&#8217;activitats que es desenvoluparan del divendres 11 al diumenge 13 de juliol. La festivitat, organitzada <a class=\"mh-excerpt-more\" href=\"https:\/\/tucomarca.whitekongsoftware.com\/ca\/bunyol-es-prepara-per-a-celebrar-les-festes-en-honor-a-sant-cristofor-amb-tres-dies-replets-de-tradicio-musica-i-germanor\/\" title=\"Bunyol es prepara per a celebrar les festes en honor a Sant Crist\u00f2for amb tres dies replets de tradici\u00f3, m\u00fasica i germanor\">[+] <\/a><\/div>\n","protected":false},"author":12,"featured_media":271922,"comment_status":"open","ping_status":"open","sticky":false,"template":"","format":"standard","meta":{"footnotes":""},"categories":[11019,10911,10894,10912,11007,10896],"tags":[10913,10914,17921],"class_list":["post-271923","post","type-post","status-publish","format-standard","has-post-thumbnail","category-agenda-ca","category-bunol-ca","category-la-comarca-ca","category-la-hoya-ca","category-ocio-y-cultura-ca","category-seccion-ca","tag-bunol-ca","tag-la-hoya-de-bunol-chiva-ca","tag-san-cristobal-ca"],"_links":{"self":[{"href":"https:\/\/tucomarca.whitekongsoftware.com\/ca\/wp-json\/wp\/v2\/posts\/271923","targetHints":{"allow":["GET"]}}],"collection":[{"href":"https:\/\/tucomarca.whitekongsoftware.com\/ca\/wp-json\/wp\/v2\/posts"}],"about":[{"href":"https:\/\/tucomarca.whitekongsoftware.com\/ca\/wp-json\/wp\/v2\/types\/post"}],"author":[{"embeddable":true,"href":"https:\/\/tucomarca.whitekongsoftware.com\/ca\/wp-json\/wp\/v2\/users\/12"}],"replies":[{"embeddable":true,"href":"https:\/\/tucomarca.whitekongsoftware.com\/ca\/wp-json\/wp\/v2\/comments?post=271923"}],"version-history":[{"count":0,"href":"https:\/\/tucomarca.whitekongsoftware.com\/ca\/wp-json\/wp\/v2\/posts\/271923\/revisions"}],"wp:featuredmedia":[{"embeddable":true,"href":"https:\/\/tucomarca.whitekongsoftware.com\/ca\/wp-json\/wp\/v2\/media\/271922"}],"wp:attachment":[{"href":"https:\/\/tucomarca.whitekongsoftware.com\/ca\/wp-json\/wp\/v2\/media?parent=271923"}],"wp:term":[{"taxonomy":"category","embeddable":true,"href":"https:\/\/tucomarca.whitekongsoftware.com\/ca\/wp-json\/wp\/v2\/categories?post=271923"},{"taxonomy":"post_tag","embeddable":true,"href":"https:\/\/tucomarca.whitekongsoftware.com\/ca\/wp-json\/wp\/v2\/tags?post=271923"}],"curies":[{"name":"wp","href":"https:\/\/api.w.org\/{rel}","templated":true}]}}