{"id":271864,"date":"2025-07-09T11:00:00","date_gmt":"2025-07-09T09:00:00","guid":{"rendered":"https:\/\/www.tucomarca.com\/wordpress\/segunda\/?p=271864"},"modified":"2025-07-09T14:20:42","modified_gmt":"2025-07-09T12:20:42","slug":"marian-cano-qualifica-de-desastre-la-gestio-de-les-indemnitzacions-del-consorci-dassegurances-i-demana-que-no-enganyen-la-gent-en-les-valoracions","status":"publish","type":"post","link":"https:\/\/tucomarca.whitekongsoftware.com\/ca\/marian-cano-qualifica-de-desastre-la-gestio-de-les-indemnitzacions-del-consorci-dassegurances-i-demana-que-no-enganyen-la-gent-en-les-valoracions\/","title":{"rendered":"Mari\u00e1n Cano qualifica de \u201cdesastre\u201d la gesti\u00f3 de les indemnitzacions del Consorci d&#8217;Assegurances i demana que \u201cno enganyen la gent\u201d en les valoracions"},"content":{"rendered":"\n<h3 class=\"wp-block-heading\">La consellera d&#8217;Ind\u00fastria critica la demora en els pagaments i subratlla que \u201cla recuperaci\u00f3 econ\u00f2mica de la zona no pot ser completa\u201d en la situaci\u00f3 actual.<\/h3>\n\n\n\n<p class=\"wp-block-paragraph\">La consellera d&#8217;Innovaci\u00f3, Ind\u00fastria, Comer\u00e7 i Turisme, Mari\u00e1n Cano, ha qualificat de \u201cdesastrosa\u201d la gesti\u00f3 que el Consorci d&#8217;Assegurances \u201cest\u00e0 fent amb les indemnitzacions\u201d als afectats per la riuada del passat mes d&#8217;octubre a la prov\u00edncia de Val\u00e8ncia, i li ha exigit \u201crapidesa i rigor\u201d per a \u201cpoder contribuir a la reconstrucci\u00f3 de manera decidida, evitant les traves que empreses i particulars s&#8217;estan trobant de manera constant\u201d.<\/p>\n\n\n\n<p class=\"wp-block-paragraph\">\u201cNo pot ser que nou mesos despr\u00e9s la incertesa continue sent la t\u00f2nica dominant, tant en els pol\u00edgons industrials com en la valoraci\u00f3 que s&#8217;est\u00e0 fent dels vehicles que s&#8217;han perdut en la trag\u00e8dia\u201d, ha explicat la consellera.<\/p>\n\n\n\n<p class=\"wp-block-paragraph\">En el primer cas, ha qualificat de \u201cinaudit\u201d que \u201cel 60% de les empreses afectades en les zones industrials nom\u00e9s hagen rebut un acompte del Consorci\u201d, alguna cosa que \u201cposa en perill la seua viabilitat i compromet la recuperaci\u00f3 econ\u00f2mica de la zona. De res serveix que el Consell facilite ajudes r\u00e0pides i \u00e0gils com les de Indana o Codana, o les actuals del Ara Empreses, si molts dels negocis no saben encara si hauran de baixar la persiana\u201d, ha agregat.<\/p>\n\n\n\n<p class=\"wp-block-paragraph\">\u201cPer a nosaltres resulta vital que hi haja una resposta immediata i completa a aquestes indemnitzacions, que recordem no s\u00f3n una ajuda del Govern d&#8217;Espanya, sin\u00f3 un dret adquirit\u201d, ha continuat Cano. \u201cI la resposta no pot ser el silenci m\u00e9s absolut perqu\u00e8 la superviv\u00e8ncia de moltes empreses dep\u00e9n d&#8217;aix\u00f2\u201d.<\/p>\n\n\n\n<p class=\"wp-block-paragraph\"><strong>Vehicles<\/strong><\/p>\n\n\n\n<p class=\"wp-block-paragraph\">En el cas de les indemnitzacions a particulars, la titular d&#8217;Ind\u00fastria s&#8217;ha referit a les cr\u00edtiques dels perits per la baixa valoraci\u00f3 que est\u00e0 fent el Consorci d&#8217;Assegurances dels vehicles, \u201cuna situaci\u00f3 rocambolesca que pot acabar judicialitzada en el pitjor moment i que, de nou, amena\u00e7a amb retardar la recuperaci\u00f3\u201d.<\/p>\n\n\n\n<p class=\"wp-block-paragraph\">\u201cMolts dels afectats per la riuada no sols hauran de decidir si porten als tribunals la valoraci\u00f3 que s&#8217;ha fet, sin\u00f3 calcular els recursos que tenen per a fer front a la seua nova situaci\u00f3 sense l&#8217;ajuda econ\u00f2mica que li correspon\u201d, ha dit. \u201cEls demanem que no enganyen la gent, que siguen clars i transparents i que actuen amb la rapidesa que exigeix la situaci\u00f3, encara que ens comencem a t\u00e9mer que per a moltes empreses ser\u00e0 ja massa tard\u201d.<\/p>\n\n\n\n<p class=\"wp-block-paragraph\">Per a Cano, el paper del Govern d&#8217;Espanya \u201chauria de ser el de facilitador de la normalitat perduda\u201d, i ha recordat que l&#8217;Executiu central \u201cs&#8217;ha negat a perdonar el 21% d&#8217;IVA en l&#8217;adquisici\u00f3 de nous vehicles als afectats per les riuades\u201d, la qual cosa es traduir\u00e0 \u201ca ingressar 504 milions d&#8217;euros en impostos enfront d&#8217;un paquet de 465 milions d&#8217;ajudes directes\u201d.<\/p>\n","protected":false},"excerpt":{"rendered":"<div class=\"mh-excerpt\">La consellera d&#8217;Ind\u00fastria critica la demora en els pagaments i subratlla que \u201cla recuperaci\u00f3 econ\u00f2mica de la zona no pot ser completa\u201d en la situaci\u00f3 actual. La consellera d&#8217;Innovaci\u00f3, Ind\u00fastria, Comer\u00e7 i Turisme, Mari\u00e1n Cano, <a class=\"mh-excerpt-more\" href=\"https:\/\/tucomarca.whitekongsoftware.com\/ca\/marian-cano-qualifica-de-desastre-la-gestio-de-les-indemnitzacions-del-consorci-dassegurances-i-demana-que-no-enganyen-la-gent-en-les-valoracions\/\" title=\"Mari\u00e1n Cano qualifica de \u201cdesastre\u201d la gesti\u00f3 de les indemnitzacions del Consorci d&#8217;Assegurances i demana que \u201cno enganyen la gent\u201d en les valoracions\">[+] <\/a><\/div>\n","protected":false},"author":1,"featured_media":256551,"comment_status":"open","ping_status":"open","sticky":false,"template":"","format":"standard","meta":{"footnotes":""},"categories":[21466,10898,10948,10894,10904,10903,10947,10896,10897],"tags":[15409,11498,11199],"class_list":["post-271864","post","type-post","status-publish","format-standard","has-post-thumbnail","category-dana-ca","category-ventana-ca","category-infraestructuras-ca","category-la-comarca-ca","category-sin-categorizar-ca","category-medio-ambiente-la-comarca-ca","category-politica","category-seccion-ca","category-sucesos-la-comarca-ca","tag-dana-2-ca","tag-generalitat-valenciana-ca","tag-la-comunitat-ca"],"_links":{"self":[{"href":"https:\/\/tucomarca.whitekongsoftware.com\/ca\/wp-json\/wp\/v2\/posts\/271864","targetHints":{"allow":["GET"]}}],"collection":[{"href":"https:\/\/tucomarca.whitekongsoftware.com\/ca\/wp-json\/wp\/v2\/posts"}],"about":[{"href":"https:\/\/tucomarca.whitekongsoftware.com\/ca\/wp-json\/wp\/v2\/types\/post"}],"author":[{"embeddable":true,"href":"https:\/\/tucomarca.whitekongsoftware.com\/ca\/wp-json\/wp\/v2\/users\/1"}],"replies":[{"embeddable":true,"href":"https:\/\/tucomarca.whitekongsoftware.com\/ca\/wp-json\/wp\/v2\/comments?post=271864"}],"version-history":[{"count":0,"href":"https:\/\/tucomarca.whitekongsoftware.com\/ca\/wp-json\/wp\/v2\/posts\/271864\/revisions"}],"wp:featuredmedia":[{"embeddable":true,"href":"https:\/\/tucomarca.whitekongsoftware.com\/ca\/wp-json\/wp\/v2\/media\/256551"}],"wp:attachment":[{"href":"https:\/\/tucomarca.whitekongsoftware.com\/ca\/wp-json\/wp\/v2\/media?parent=271864"}],"wp:term":[{"taxonomy":"category","embeddable":true,"href":"https:\/\/tucomarca.whitekongsoftware.com\/ca\/wp-json\/wp\/v2\/categories?post=271864"},{"taxonomy":"post_tag","embeddable":true,"href":"https:\/\/tucomarca.whitekongsoftware.com\/ca\/wp-json\/wp\/v2\/tags?post=271864"}],"curies":[{"name":"wp","href":"https:\/\/api.w.org\/{rel}","templated":true}]}}