{"id":271804,"date":"2025-07-08T08:55:00","date_gmt":"2025-07-08T06:55:00","guid":{"rendered":"https:\/\/www.tucomarca.com\/wordpress\/segunda\/?p=271804"},"modified":"2025-07-08T19:54:06","modified_gmt":"2025-07-08T17:54:06","slug":"aras-de-los-olmos-reforca-el-seu-paper-com-a-epicentre-cientific-i-educatiu-en-el-medi-rural-amb-la-viii-edicio-de-la-seua-universitat-destiu","status":"publish","type":"post","link":"https:\/\/tucomarca.whitekongsoftware.com\/ca\/aras-de-los-olmos-reforca-el-seu-paper-com-a-epicentre-cientific-i-educatiu-en-el-medi-rural-amb-la-viii-edicio-de-la-seua-universitat-destiu\/","title":{"rendered":"Aras de los Olmos refor\u00e7a el seu paper com a epicentre cient\u00edfic i educatiu en el medi rural amb la VIII edici\u00f3 de la seua Universitat d&#8217;Estiu"},"content":{"rendered":"\n<p class=\"wp-block-paragraph\">Aras de los Olmos acull, un any m\u00e9s, la Universitat d&#8217;Estiu, que en la seua VIII edici\u00f3 es consolida com una cita clau per al desenvolupament cient\u00edfic, educatiu i social en entorns rurals. Sota el t\u00edtol\u00a0&#8220;La gastronomia com a motor del desenvolupament rural&#8221;, les jornades que es desenvolupen aquests pr\u00f2xims dies 10 i 11 de juliol, abordant la riquesa agroaliment\u00e0ria com a pilar d&#8217;identitat, innovaci\u00f3 i sostenibilitat.<\/p>\n\n\n\n<p class=\"wp-block-paragraph\">Organitzada per l&#8217;Ajuntament d&#8217;Aras de los Olmos i la Universitat de Val\u00e8ncia,en el teatre d&#8217;Aras de los Olmos amb el suport de la Diputaci\u00f3 de Val\u00e8ncia, la Fundaci\u00f3 L&#8217;Olmo, Big History, l&#8217;Estaci\u00f3 Biol\u00f2gica Alt T\u00faria i l&#8217;Institut Interuniversitari de Desenvolupament Local.<\/p>\n\n\n\n<p class=\"wp-block-paragraph\"><strong>Una universitat que naix del territori<\/strong><\/p>\n\n\n\n<p class=\"wp-block-paragraph\">La Universitat d&#8217;Estiu d&#8217;Aras de los Olmos, que aconsegueix ja la seua huitena edici\u00f3, s&#8217;ha consolidat com un model de formaci\u00f3, i coneixement en entorns ruraloes. La combinant pon\u00e8ncies, tallers pr\u00e0ctics, visites guiades i activitats culturals, promovent la participaci\u00f3 ciutadana i el di\u00e0leg entre experts, estudiants i agents locals.<\/p>\n\n\n\n<p class=\"wp-block-paragraph\">En aquesta edici\u00f3, es tractaran temes com la hist\u00f2ria de la gastronomia, la nutrici\u00f3 saludable, el m\u00e0rqueting gastron\u00f2mic i l&#8217;emprenedoria en el medi rural. A m\u00e9s, s&#8217;abordaran exemples concrets de recuperaci\u00f3 del patrimoni i productes aut\u00f2ctons com la mel, l&#8217;ametla, la t\u00f2fona o el vi.<\/p>\n\n\n\n<p class=\"wp-block-paragraph\">El programa es completa amb activitats de divulgaci\u00f3 cient\u00edfica, entre elles una observaci\u00f3 astron\u00f2mica, visites a l&#8217;Observatori i al planetari Big History situat en nom dels Olmos i amb espais de trobada per a productors rurals. Aquestes propostes reforcen el posicionament del municipi com a enclavament de refer\u00e8ncia en ci\u00e8ncia, sostenibilitat i desenvolupament territorial.<\/p>\n\n\n\n<p class=\"wp-block-paragraph\">L&#8217;alcalde d&#8217;Aras de los Olmos,\u00a0Rafael Gim\u00e9nez, ha assenyalat que \u201cla Universitat d&#8217;Estiu \u00e9s un reflex del model de desenvolupament que volem: basat en el coneixement, el respecte pel territori i la generaci\u00f3 d&#8217;oportunitats per a les persones que vivim en el m\u00f3n rural\u201d. Aix\u00ed mateix, ha destacat \u201cla capacitat de l&#8217;Ajuntament per a continuar impulsant la relaci\u00f3 i les aportacions de les universitats valencianes .\u00e7<br>L&#8217;acc\u00e9s a les jornades es realitza mitjan\u00e7ant Inscripci\u00f3 necess\u00e0ria i gratu\u00efta en:<\/p>\n\n\n\n<p class=\"wp-block-paragraph\"><a href=\"http:\/\/http\/links.uv.es\/w2e0IP8\"><\/a><a href=\"http:\/\/links.uv.es\/w2e0IP8\">http:\/\/links.uv.es\/w2e0IP8<\/a><\/p>\n","protected":false},"excerpt":{"rendered":"<div class=\"mh-excerpt\">Aras de los Olmos acull, un any m\u00e9s, la Universitat d&#8217;Estiu, que en la seua VIII edici\u00f3 es consolida com una cita clau per al desenvolupament cient\u00edfic, educatiu i social en entorns rurals. Sota el <a class=\"mh-excerpt-more\" href=\"https:\/\/tucomarca.whitekongsoftware.com\/ca\/aras-de-los-olmos-reforca-el-seu-paper-com-a-epicentre-cientific-i-educatiu-en-el-medi-rural-amb-la-viii-edicio-de-la-seua-universitat-destiu\/\" title=\"Aras de los Olmos refor\u00e7a el seu paper com a epicentre cient\u00edfic i educatiu en el medi rural amb la VIII edici\u00f3 de la seua Universitat d&#8217;Estiu\">[+] <\/a><\/div>\n","protected":false},"author":1,"featured_media":271801,"comment_status":"open","ping_status":"open","sticky":false,"template":"","format":"standard","meta":{"footnotes":""},"categories":[11019,11042,11046,10948,10894,11007,10896],"tags":[11201,11928,11080],"class_list":["post-271804","post","type-post","status-publish","format-standard","has-post-thumbnail","category-agenda-ca","category-aras-de-olmos-ca","category-los-serranos-ca","category-infraestructuras-ca","category-la-comarca-ca","category-ocio-y-cultura-ca","category-seccion-ca","tag-aras-de-olmos-ca","tag-la-serrania-ca","tag-los-serranos-ca"],"_links":{"self":[{"href":"https:\/\/tucomarca.whitekongsoftware.com\/ca\/wp-json\/wp\/v2\/posts\/271804","targetHints":{"allow":["GET"]}}],"collection":[{"href":"https:\/\/tucomarca.whitekongsoftware.com\/ca\/wp-json\/wp\/v2\/posts"}],"about":[{"href":"https:\/\/tucomarca.whitekongsoftware.com\/ca\/wp-json\/wp\/v2\/types\/post"}],"author":[{"embeddable":true,"href":"https:\/\/tucomarca.whitekongsoftware.com\/ca\/wp-json\/wp\/v2\/users\/1"}],"replies":[{"embeddable":true,"href":"https:\/\/tucomarca.whitekongsoftware.com\/ca\/wp-json\/wp\/v2\/comments?post=271804"}],"version-history":[{"count":0,"href":"https:\/\/tucomarca.whitekongsoftware.com\/ca\/wp-json\/wp\/v2\/posts\/271804\/revisions"}],"wp:featuredmedia":[{"embeddable":true,"href":"https:\/\/tucomarca.whitekongsoftware.com\/ca\/wp-json\/wp\/v2\/media\/271801"}],"wp:attachment":[{"href":"https:\/\/tucomarca.whitekongsoftware.com\/ca\/wp-json\/wp\/v2\/media?parent=271804"}],"wp:term":[{"taxonomy":"category","embeddable":true,"href":"https:\/\/tucomarca.whitekongsoftware.com\/ca\/wp-json\/wp\/v2\/categories?post=271804"},{"taxonomy":"post_tag","embeddable":true,"href":"https:\/\/tucomarca.whitekongsoftware.com\/ca\/wp-json\/wp\/v2\/tags?post=271804"}],"curies":[{"name":"wp","href":"https:\/\/api.w.org\/{rel}","templated":true}]}}