{"id":271723,"date":"2025-07-08T09:30:00","date_gmt":"2025-07-08T07:30:00","guid":{"rendered":"https:\/\/www.tucomarca.com\/wordpress\/segunda\/?p=271723"},"modified":"2025-07-08T19:33:37","modified_gmt":"2025-07-08T17:33:37","slug":"torna-el-tardeo-amb-la-do-a-requena","status":"publish","type":"post","link":"https:\/\/tucomarca.whitekongsoftware.com\/ca\/torna-el-tardeo-amb-la-do-a-requena\/","title":{"rendered":"Torna el Tardeo amb la DO a Requena"},"content":{"rendered":"<div class=\"wp-block-image\">\n<figure class=\"alignright size-large is-resized\"><img loading=\"lazy\" decoding=\"async\" width=\"731\" height=\"1024\" src=\"http:\/\/www.tucomarca.com\/wordpress\/segunda\/wp-content\/uploads\/2025\/07\/DOtardeo-2025-01-731x1024.jpg\" alt=\"\" class=\"wp-image-271720\" style=\"width:463px;height:auto\" srcset=\"https:\/\/tucomarca.whitekongsoftware.com\/wp-content\/uploads\/2025\/07\/DOtardeo-2025-01-731x1024.jpg 731w, https:\/\/tucomarca.whitekongsoftware.com\/wp-content\/uploads\/2025\/07\/DOtardeo-2025-01-214x300.jpg 214w, https:\/\/tucomarca.whitekongsoftware.com\/wp-content\/uploads\/2025\/07\/DOtardeo-2025-01-768x1076.jpg 768w, https:\/\/tucomarca.whitekongsoftware.com\/wp-content\/uploads\/2025\/07\/DOtardeo-2025-01.jpg 886w\" sizes=\"auto, (max-width: 731px) 100vw, 731px\" \/><\/figure>\n<\/div>\n\n\n<p class=\"wp-block-paragraph\">La Denominaci\u00f3 d&#8217;Origen Utiel Requena et convida a gaudir del seu\u00a0Tardeo amb la DO, el divendres 8 d&#8217;agost. De 20,00 a 23,30, el Pati d&#8217;Armes del Castell de Requena es convertir\u00e0 en l&#8217;epicentre del bon vi Utiel-Requena, la millor gastronomia i la m\u00fasica en viu.<\/p>\n\n\n\n<p class=\"wp-block-paragraph\"><strong>Degustacions i aperitius de primera qualitat<\/strong><\/p>\n\n\n\n<p class=\"wp-block-paragraph\">Enguany, se sumen m\u00e9s cellers, 17 de la DO Utiel-Requena seran presents, oferint-te l&#8217;oportunitat de degustar els seus millors vins:<\/p>\n\n\n\n<ol class=\"wp-block-list\">\n<li>Novos \u2013 Celler i Vinyes<\/li>\n\n\n\n<li>Bruno Murciano<\/li>\n\n\n\n<li>Vinicola Requenense<\/li>\n\n\n\n<li>Vins i Sabors Ecol\u00f2gics<\/li>\n\n\n\n<li>Cellers Vibe<\/li>\n\n\n\n<li>Arrels Ib\u00e8riques<\/li>\n\n\n\n<li>Covi\u00f1as<\/li>\n\n\n\n<li>Vera de Estenas<\/li>\n\n\n\n<li>Cerro Gallina<\/li>\n\n\n\n<li>Celler Jim\u00e9nez Vila<\/li>\n\n\n\n<li>Celler Vinea Clausa9<\/li>\n\n\n\n<li>Celler Dussart Pedr\u00f3n<\/li>\n\n\n\n<li>Celler De la Vall<\/li>\n\n\n\n<li>Grup Marqu\u00e9s de l&#8217;Atri<\/li>\n\n\n\n<li>Cellers Utielanas<\/li>\n\n\n\n<li>Cellers Pinastre<\/li>\n\n\n\n<li>Cellers Lupanda\u2028Esquadra, Celler i Vinyes<\/li>\n<\/ol>\n\n\n\n<p class=\"wp-block-paragraph\">A m\u00e9s dels vins, podr\u00e0s gaudir de deliciosos aperitius preparats des de la gastronomia tradicional fins a la m\u00e9s actual, amb una \u00e0mplia varietat:<\/p>\n\n\n\n<ol class=\"wp-block-list\">\n<li>Associaci\u00f3 de Forners Artesans del Brioix de Requena (brioixos, empanades\u2026)<\/li>\n\n\n\n<li>Carnisseria Isidora (embotit, sobrassada, entrepans\u2026)<\/li>\n\n\n\n<li>Estimar el fresc (peix i aperitius)<\/li>\n\n\n\n<li>Carnisseria El Vaquer (tallador de pernil)<\/li>\n\n\n\n<li>Foia de l&#8217;Esgl\u00e9sia (formatgeria)<\/li>\n\n\n\n<li>Hollyfood (hamburgueses)<\/li>\n<\/ol>\n\n\n\n<p class=\"wp-block-paragraph\"><strong>M\u00fasica en viu i col\u00b7laboraci\u00f3 solid\u00e0ria<\/strong><\/p>\n\n\n\n<p class=\"wp-block-paragraph\">El Tardeo estar\u00e0 amenitzat per l&#8217;actuaci\u00f3 en viu del grup requenense&nbsp;Sr. Miyagi Rock Band, que ens delectar\u00e0 amb el seu en\u00e8rgic repertori. A m\u00e9s, un DJ s&#8217;encarregar\u00e0 de mantindre l&#8217;ambient festiu durant la nit.<br>Tamb\u00e9 enguany, el&nbsp;Tardeo amb la DO&nbsp;col\u00b7labora amb&nbsp;AMACMA D8. Et convidem a donar suport a la compra de rifa, i poder guanyar un dels estotjos de vi que se sortejaran al llarg de la jornada. Amb la teua contribuci\u00f3, estar\u00e0s ajudant aquesta important associaci\u00f3.<br>Veuen a gaudir d&#8217;una nit especial en un entorn hist\u00f2ric incomparable, envoltat d&#8217;amics, bon vi, gastronomia i excel\u00b7lent m\u00fasica.&nbsp;L&#8217;entrada \u00e9s gratu\u00efta fins a completar aforament, aix\u00ed que assegura&#8217;t d&#8217;arribar primerenc. Marca la data en el teu calendari i acompanya&#8217;ns en el&nbsp;Tardeo amb la DO&nbsp;d&#8217;Utiel Requena.<\/p>\n\n\n\n<p class=\"wp-block-paragraph\">No es permetr\u00e0 l&#8217;entrada d&#8217;alimentaci\u00f3 o qualsevol beguda, excepte aigua.<\/p>\n","protected":false},"excerpt":{"rendered":"<div class=\"mh-excerpt\">La Denominaci\u00f3 d&#8217;Origen Utiel Requena et convida a gaudir del seu\u00a0Tardeo amb la DO, el divendres 8 d&#8217;agost. De 20,00 a 23,30, el Pati d&#8217;Armes del Castell de Requena es convertir\u00e0 en l&#8217;epicentre del bon <a class=\"mh-excerpt-more\" href=\"https:\/\/tucomarca.whitekongsoftware.com\/ca\/torna-el-tardeo-amb-la-do-a-requena\/\" title=\"Torna el Tardeo amb la DO a Requena\">[+] <\/a><\/div>\n","protected":false},"author":12,"featured_media":271721,"comment_status":"open","ping_status":"open","sticky":false,"template":"","format":"standard","meta":{"footnotes":""},"categories":[11019,11006,10894,11007,10908,10909,10896,11059],"tags":[12747,10910,21059],"class_list":["post-271723","post","type-post","status-publish","format-standard","has-post-thumbnail","category-agenda-ca","category-canal-vinos","category-la-comarca-ca","category-ocio-y-cultura-ca","category-requena-ca","category-requena-utiel-ca","category-seccion-ca","category-utiel-ca","tag-do-utiel-requena-ca","tag-requena-utiel-ca","tag-tardeo-con-la-do-ca"],"_links":{"self":[{"href":"https:\/\/tucomarca.whitekongsoftware.com\/ca\/wp-json\/wp\/v2\/posts\/271723","targetHints":{"allow":["GET"]}}],"collection":[{"href":"https:\/\/tucomarca.whitekongsoftware.com\/ca\/wp-json\/wp\/v2\/posts"}],"about":[{"href":"https:\/\/tucomarca.whitekongsoftware.com\/ca\/wp-json\/wp\/v2\/types\/post"}],"author":[{"embeddable":true,"href":"https:\/\/tucomarca.whitekongsoftware.com\/ca\/wp-json\/wp\/v2\/users\/12"}],"replies":[{"embeddable":true,"href":"https:\/\/tucomarca.whitekongsoftware.com\/ca\/wp-json\/wp\/v2\/comments?post=271723"}],"version-history":[{"count":0,"href":"https:\/\/tucomarca.whitekongsoftware.com\/ca\/wp-json\/wp\/v2\/posts\/271723\/revisions"}],"wp:featuredmedia":[{"embeddable":true,"href":"https:\/\/tucomarca.whitekongsoftware.com\/ca\/wp-json\/wp\/v2\/media\/271721"}],"wp:attachment":[{"href":"https:\/\/tucomarca.whitekongsoftware.com\/ca\/wp-json\/wp\/v2\/media?parent=271723"}],"wp:term":[{"taxonomy":"category","embeddable":true,"href":"https:\/\/tucomarca.whitekongsoftware.com\/ca\/wp-json\/wp\/v2\/categories?post=271723"},{"taxonomy":"post_tag","embeddable":true,"href":"https:\/\/tucomarca.whitekongsoftware.com\/ca\/wp-json\/wp\/v2\/tags?post=271723"}],"curies":[{"name":"wp","href":"https:\/\/api.w.org\/{rel}","templated":true}]}}