{"id":271637,"date":"2025-07-07T09:10:00","date_gmt":"2025-07-07T07:10:00","guid":{"rendered":"https:\/\/www.tucomarca.com\/wordpress\/segunda\/?p=271637"},"modified":"2025-07-07T18:37:28","modified_gmt":"2025-07-07T16:37:28","slug":"una-enquesta-de-la-unio-entre-la-joventut-del-camp-valencia-revela-la-necessitat-de-mes-suport-real-formacio-practica-i-assegurar-una-rendibilitat","status":"publish","type":"post","link":"https:\/\/tucomarca.whitekongsoftware.com\/ca\/una-enquesta-de-la-unio-entre-la-joventut-del-camp-valencia-revela-la-necessitat-de-mes-suport-real-formacio-practica-i-assegurar-una-rendibilitat\/","title":{"rendered":"Una enquesta de La Uni\u00f3 entre la joventut del camp valenci\u00e0 revela la necessitat de m\u00e9s suport real, formaci\u00f3 pr\u00e0ctica i assegurar una rendibilitat"},"content":{"rendered":"\n<h3 class=\"wp-block-heading\">Aquest dimecres organitza un seminari web per a analitzar i assessorar sobre les ajudes de la Generalitat a la primera instal\u00b7laci\u00f3 de joves llauradors i nous llauradors.<\/h3>\n\n\n\n<h3 class=\"wp-block-heading\">La mostra radiografia les necessitats, problemes i propostes de les persones joves vinculades al sector agrari de la Comunitat Valenciana.<\/h3>\n\n\n\n<p class=\"wp-block-paragraph\">La Uni\u00f3 Llauradora i Ramadera ha realitzat una enquesta entre llauradors i ramaders joves de la Comunitat Valenciana amb l&#8217;objectiu de con\u00e9ixer de primera m\u00e0 les seues inquietuds, prioritats i propostes. D&#8217;ella es despr\u00e9n com a eixos principals una necessitat de m\u00e9s suport real, una formaci\u00f3 pr\u00e0ctica i assegurar una major rendibilitat per a assegurar el futur del camp valenci\u00e0.<\/p>\n\n\n\n<p class=\"wp-block-paragraph\">Els resultats, obtinguts entre el 15 de maig i el 30 de juny, dibuixen un col\u00b7lectiu actiu, conscient dels seus reptes i amb una clara voluntat de transformar el model agrari actual. El perfil majoritari de les persones enquestades correspon a joves d&#8217;entre 30 i 40 anys (57,1\u202f%), la qual cosa evidencia una incorporaci\u00f3 tardana al sector. Els menors de 30 a penes aconsegueixen el 9,5\u202f%, la qual cosa constitueix un crit d&#8217;atenci\u00f3 urgent sobre la falta de relleu generacional. Malgrat aix\u00f2, m\u00e9s del 60\u202f% de les persones enquestades acumula m\u00e9s de sis anys d&#8217;experi\u00e8ncia agr\u00e0ria, un senyal de consolidaci\u00f3 que conviu amb un 23,8\u202f% de noves incorporacions que requereixen un acompanyament ferm en els primers anys. Els cultius m\u00e9s representats s\u00f3n c\u00edtrics (33,3\u202f%), hortalisses (23,8\u202f%) i fruita seca (9,5\u202f%), al costat d&#8217;altres produccions com a caqui, olivar o arr\u00f2s, la qual cosa exigeix enfocaments diferenciats i espec\u00edfics per a cada realitat productiva.<\/p>\n\n\n\n<p class=\"wp-block-paragraph\">Les prioritats formatives s\u00f3n clares. Se sol\u00b7licita formaci\u00f3 pr\u00e0ctica i adaptada, amb especial inter\u00e9s pels tallers en finques innovadores (61,9\u202f%), cursos en l\u00ednia (57,1\u202f%) i sessions presencials (42,9\u202f%). Quant als continguts, destaquen les ajudes PAC i la burocr\u00e0cia (71,4\u202f%), l&#8217;agricultura ecol\u00f2gica (47,6\u202f%), el quadern digital, la comercialitzaci\u00f3 i la gesti\u00f3 fiscal-laboral. La baixa rendibilitat (66,7\u202f%), l&#8217;alt cost de producci\u00f3 (61,9\u202f%) i els preus baixos en origen (47,6\u202f%) s\u00f3n els grans obstacles assenyalats. A aix\u00f2 se sumen l&#8217;amena\u00e7a del canvi clim\u00e0tic, l&#8217;exc\u00e9s de tr\u00e0mits administratius i la compet\u00e8ncia deslleial de tercers pa\u00efsos.<\/p>\n\n\n\n<p class=\"wp-block-paragraph\"><strong>Propostes concretes per a l&#8217;organitzaci\u00f3 i les Administracions<\/strong><\/p>\n\n\n\n<p class=\"wp-block-paragraph\">Les persones joves reclamen a LA UNI\u00d3 un paper proactiu: assessorament t\u00e8cnic continu, formaci\u00f3 espec\u00edfica en agricultura ecol\u00f2gica i resili\u00e8ncia clim\u00e0tica, trobades juvenils, major visibilitat del col\u00b7lectiu, i un suport administratiu per a accedir a ajudes.<\/p>\n\n\n\n<p class=\"wp-block-paragraph\">Cap a les administracions, les demandes se centren en mesures estructurals. Rendes agr\u00e0ries, ajudes inicials, preus justos, visibilitat institucional, m\u00e9s formaci\u00f3 t\u00e8cnica, i creaci\u00f3 de bancs de terres i maquin\u00e0ria, juntament amb una reducci\u00f3 dr\u00e0stica de la burocr\u00e0cia i protecci\u00f3 del s\u00f2l agrari enfront de macroprojectes, s\u00f3n algunes de les demandes.<\/p>\n\n\n\n<p class=\"wp-block-paragraph\">L&#8217;enquesta revela un alt grau de predisposici\u00f3 a participar activament en un grup jove dins de l&#8217;organitzaci\u00f3. En aquest sentit, el 38,1\u202f% ja mostra inter\u00e9s, un 28,6\u202f% ho consideraria si es facilita la participaci\u00f3, i un 14,3\u202f% ja est\u00e0 implicat. La creaci\u00f3 d&#8217;espais \u00e0gils i amb impacte real \u00e9s clau per a consolidar aquesta participaci\u00f3. A m\u00e9s de les seues peticions principals, moltes persones joves han manifestat tamb\u00e9 preocupacions relacionades amb la defensa del territori, la necessitat de finan\u00e7ament accessible, la recuperaci\u00f3 de coneixements tradicionals i una cr\u00edtica al model comercial actual.<\/p>\n\n\n\n<p class=\"wp-block-paragraph\">En paraules del secretari general de LA UNI\u00d3, Carles Peris, &#8220;aquesta enquesta ens reafirma en qu\u00e8 hi ha una joventut agr\u00e0ria preparada i amb visi\u00f3 transformadora. No podem fallar-los. El relleu generacional no sols passa per facilitar la incorporaci\u00f3, sin\u00f3 per garantir la perman\u00e8ncia digna i viable dels qui aposten per viure del camp&#8221;.<\/p>\n\n\n\n<p class=\"wp-block-paragraph\"><strong>Seminari web informatiu sobre ajudes a la incorporaci\u00f3 aquest dijous<\/strong><\/p>\n\n\n\n<p class=\"wp-block-paragraph\">Davant la recent publicaci\u00f3 de l&#8217;ordre de bases reguladores de les ajudes a la primera instal\u00b7laci\u00f3 de joves llauradors i nous llauradors, la informaci\u00f3 dels quals pot consultar-se en aquest enlla\u00e7 https:\/\/www.ayudasjovenesagricultores.es\/, LA UNI\u00d3 organitza un seminari web dimecres que ve 9 de juliol a les 16.30 hores. Les persones interessades poden inscriure&#8217;s a trav\u00e9s del seg\u00fcent enlla\u00e7: http:\/\/bit.ly\/ayudasjovenesagricultores<\/p>\n\n\n\n<figure class=\"wp-block-gallery has-nested-images columns-default is-cropped wp-block-gallery-1 is-layout-flex wp-block-gallery-is-layout-flex\">\n<figure class=\"wp-block-image size-large\"><img loading=\"lazy\" decoding=\"async\" width=\"1024\" height=\"768\" data-id=\"271632\" src=\"https:\/\/www.tucomarca.com\/wordpress\/segunda\/wp-content\/uploads\/2025\/07\/LaUnio_JovesCamp1-1-1024x768.jpg\" alt=\"\" class=\"wp-image-271632\" srcset=\"https:\/\/tucomarca.whitekongsoftware.com\/wp-content\/uploads\/2025\/07\/LaUnio_JovesCamp1-1-1024x768.jpg 1024w, https:\/\/tucomarca.whitekongsoftware.com\/wp-content\/uploads\/2025\/07\/LaUnio_JovesCamp1-1-300x225.jpg 300w, https:\/\/tucomarca.whitekongsoftware.com\/wp-content\/uploads\/2025\/07\/LaUnio_JovesCamp1-1-768x576.jpg 768w, https:\/\/tucomarca.whitekongsoftware.com\/wp-content\/uploads\/2025\/07\/LaUnio_JovesCamp1-1-678x509.jpg 678w, https:\/\/tucomarca.whitekongsoftware.com\/wp-content\/uploads\/2025\/07\/LaUnio_JovesCamp1-1-326x245.jpg 326w, https:\/\/tucomarca.whitekongsoftware.com\/wp-content\/uploads\/2025\/07\/LaUnio_JovesCamp1-1-80x60.jpg 80w, https:\/\/tucomarca.whitekongsoftware.com\/wp-content\/uploads\/2025\/07\/LaUnio_JovesCamp1-1.jpg 1280w\" sizes=\"auto, (max-width: 1024px) 100vw, 1024px\" \/><\/figure>\n\n\n\n<figure class=\"wp-block-image size-large\"><img loading=\"lazy\" decoding=\"async\" width=\"1024\" height=\"768\" data-id=\"271633\" src=\"https:\/\/www.tucomarca.com\/wordpress\/segunda\/wp-content\/uploads\/2025\/07\/LaUnio_JovesCamp2-1-1024x768.jpg\" alt=\"\" class=\"wp-image-271633\" srcset=\"https:\/\/tucomarca.whitekongsoftware.com\/wp-content\/uploads\/2025\/07\/LaUnio_JovesCamp2-1-1024x768.jpg 1024w, https:\/\/tucomarca.whitekongsoftware.com\/wp-content\/uploads\/2025\/07\/LaUnio_JovesCamp2-1-300x225.jpg 300w, https:\/\/tucomarca.whitekongsoftware.com\/wp-content\/uploads\/2025\/07\/LaUnio_JovesCamp2-1-768x576.jpg 768w, https:\/\/tucomarca.whitekongsoftware.com\/wp-content\/uploads\/2025\/07\/LaUnio_JovesCamp2-1-678x509.jpg 678w, https:\/\/tucomarca.whitekongsoftware.com\/wp-content\/uploads\/2025\/07\/LaUnio_JovesCamp2-1-326x245.jpg 326w, https:\/\/tucomarca.whitekongsoftware.com\/wp-content\/uploads\/2025\/07\/LaUnio_JovesCamp2-1-80x60.jpg 80w, https:\/\/tucomarca.whitekongsoftware.com\/wp-content\/uploads\/2025\/07\/LaUnio_JovesCamp2-1.jpg 1280w\" sizes=\"auto, (max-width: 1024px) 100vw, 1024px\" \/><\/figure>\n<\/figure>\n","protected":false},"excerpt":{"rendered":"<div class=\"mh-excerpt\">Aquest dimecres organitza un seminari web per a analitzar i assessorar sobre les ajudes de la Generalitat a la primera instal\u00b7laci\u00f3 de joves llauradors i nous llauradors. La mostra radiografia les necessitats, problemes i propostes <a class=\"mh-excerpt-more\" href=\"https:\/\/tucomarca.whitekongsoftware.com\/ca\/una-enquesta-de-la-unio-entre-la-joventut-del-camp-valencia-revela-la-necessitat-de-mes-suport-real-formacio-practica-i-assegurar-una-rendibilitat\/\" title=\"Una enquesta de La Uni\u00f3 entre la joventut del camp valenci\u00e0 revela la necessitat de m\u00e9s suport real, formaci\u00f3 pr\u00e0ctica i assegurar una rendibilitat\">[+] <\/a><\/div>\n","protected":false},"author":13,"featured_media":271627,"comment_status":"open","ping_status":"open","sticky":false,"template":"","format":"standard","meta":{"footnotes":""},"categories":[10905,10898,10948,10894,10904,10903,10896],"tags":[11309,11199,21082],"class_list":["post-271637","post","type-post","status-publish","format-standard","has-post-thumbnail","category-agricultura-la-comarca-ca","category-ventana-ca","category-infraestructuras-ca","category-la-comarca-ca","category-sin-categorizar-ca","category-medio-ambiente-la-comarca-ca","category-seccion-ca","tag-agricultura-ca","tag-la-comunitat-ca","tag-la-unio-llauradora-i-ramadera-ca"],"_links":{"self":[{"href":"https:\/\/tucomarca.whitekongsoftware.com\/ca\/wp-json\/wp\/v2\/posts\/271637","targetHints":{"allow":["GET"]}}],"collection":[{"href":"https:\/\/tucomarca.whitekongsoftware.com\/ca\/wp-json\/wp\/v2\/posts"}],"about":[{"href":"https:\/\/tucomarca.whitekongsoftware.com\/ca\/wp-json\/wp\/v2\/types\/post"}],"author":[{"embeddable":true,"href":"https:\/\/tucomarca.whitekongsoftware.com\/ca\/wp-json\/wp\/v2\/users\/13"}],"replies":[{"embeddable":true,"href":"https:\/\/tucomarca.whitekongsoftware.com\/ca\/wp-json\/wp\/v2\/comments?post=271637"}],"version-history":[{"count":0,"href":"https:\/\/tucomarca.whitekongsoftware.com\/ca\/wp-json\/wp\/v2\/posts\/271637\/revisions"}],"wp:featuredmedia":[{"embeddable":true,"href":"https:\/\/tucomarca.whitekongsoftware.com\/ca\/wp-json\/wp\/v2\/media\/271627"}],"wp:attachment":[{"href":"https:\/\/tucomarca.whitekongsoftware.com\/ca\/wp-json\/wp\/v2\/media?parent=271637"}],"wp:term":[{"taxonomy":"category","embeddable":true,"href":"https:\/\/tucomarca.whitekongsoftware.com\/ca\/wp-json\/wp\/v2\/categories?post=271637"},{"taxonomy":"post_tag","embeddable":true,"href":"https:\/\/tucomarca.whitekongsoftware.com\/ca\/wp-json\/wp\/v2\/tags?post=271637"}],"curies":[{"name":"wp","href":"https:\/\/api.w.org\/{rel}","templated":true}]}}