{"id":271547,"date":"2025-07-06T18:00:00","date_gmt":"2025-07-06T16:00:00","guid":{"rendered":"https:\/\/www.tucomarca.com\/wordpress\/segunda\/?p=271547"},"modified":"2025-07-07T10:44:00","modified_gmt":"2025-07-07T08:44:00","slug":"es-produeixen-dos-conats-dincendi-a-cortes-de-pallars-i-iatova-a-causa-de-la-caiguda-de-llamps","status":"publish","type":"post","link":"https:\/\/tucomarca.whitekongsoftware.com\/ca\/es-produeixen-dos-conats-dincendi-a-cortes-de-pallars-i-iatova-a-causa-de-la-caiguda-de-llamps\/","title":{"rendered":"Es produeixen dos conats d&#8217;incendi a Cortes de Pall\u00e0s i I\u00e0tova a causa de la caiguda de llamps"},"content":{"rendered":"\n<p class=\"wp-block-paragraph\">El Centre de Coordinaci\u00f3 d&#8217;Emerg\u00e8ncies 112 ha informat aquest diumenge, 6 de juliol, de dos conats d&#8217;incendi forestal en els termes municipals de Cortes de Pall\u00e0s i I\u00e0tova, provocats per l&#8217;activitat el\u00e8ctrica de les tempestes registrades en la zona durant la matinada del dissabte al diumenge.<\/p>\n\n\n\n<p class=\"wp-block-paragraph\">Tots dos focus van ser detectats a temps gr\u00e0cies a la xarxa de vigil\u00e0ncia forestal activa durant tot l&#8217;estiu i a la col\u00b7laboraci\u00f3 ciutadana. Els equips d&#8217;extinci\u00f3 es van mobilitzar r\u00e0pidament, evitant que els incendis es propagaren o tingueren major abast.<\/p>\n\n\n\n<p class=\"wp-block-paragraph\">Gr\u00e0cies a la r\u00e0pida intervenci\u00f3 dels mitjans d&#8217;emerg\u00e8ncia, es va aconseguir controlar els conats en una fase inicial, sense que es registraren danys personals ni materials d&#8217;import\u00e0ncia.<\/p>\n\n\n\n<p class=\"wp-block-paragraph\">Des de la Conselleria de Medi Ambient, Infraestructures i Territori es recorda la import\u00e0ncia d&#8217;extremar les precaucions en jornades de tempesta seca i mantindre l&#8217;alerta davant qualsevol signe de foc en zones forestals, especialment en un estiu d&#8217;alt risc per les condicions clim\u00e0tiques.<\/p>\n","protected":false},"excerpt":{"rendered":"<div class=\"mh-excerpt\">El Centre de Coordinaci\u00f3 d&#8217;Emerg\u00e8ncies 112 ha informat aquest diumenge, 6 de juliol, de dos conats d&#8217;incendi forestal en els termes municipals de Cortes de Pall\u00e0s i I\u00e0tova, provocats per l&#8217;activitat el\u00e8ctrica de les tempestes <a class=\"mh-excerpt-more\" href=\"https:\/\/tucomarca.whitekongsoftware.com\/ca\/es-produeixen-dos-conats-dincendi-a-cortes-de-pallars-i-iatova-a-causa-de-la-caiguda-de-llamps\/\" title=\"Es produeixen dos conats d&#8217;incendi a Cortes de Pall\u00e0s i I\u00e0tova a causa de la caiguda de llamps\">[+] <\/a><\/div>\n","protected":false},"author":12,"featured_media":189522,"comment_status":"open","ping_status":"open","sticky":false,"template":"","format":"standard","meta":{"footnotes":""},"categories":[10951,10953,10898,10980,10948,10894,10912,10903,10896,10897],"tags":[11216,11230,10914,22790,11141],"class_list":["post-271547","post","type-post","status-publish","format-standard","has-post-thumbnail","category-ayora-cofrentes-ca","category-cortes-de-pallas-ca","category-ventana-ca","category-yatova-ca","category-infraestructuras-ca","category-la-comarca-ca","category-la-hoya-ca","category-medio-ambiente-la-comarca-ca","category-seccion-ca","category-sucesos-la-comarca-ca","tag-ayora-cofrentes-ca","tag-cortes-de-pallas-ca","tag-la-hoya-de-bunol-chiva-ca","tag-tormenta-electrica-ca","tag-yatova-ca"],"_links":{"self":[{"href":"https:\/\/tucomarca.whitekongsoftware.com\/ca\/wp-json\/wp\/v2\/posts\/271547","targetHints":{"allow":["GET"]}}],"collection":[{"href":"https:\/\/tucomarca.whitekongsoftware.com\/ca\/wp-json\/wp\/v2\/posts"}],"about":[{"href":"https:\/\/tucomarca.whitekongsoftware.com\/ca\/wp-json\/wp\/v2\/types\/post"}],"author":[{"embeddable":true,"href":"https:\/\/tucomarca.whitekongsoftware.com\/ca\/wp-json\/wp\/v2\/users\/12"}],"replies":[{"embeddable":true,"href":"https:\/\/tucomarca.whitekongsoftware.com\/ca\/wp-json\/wp\/v2\/comments?post=271547"}],"version-history":[{"count":0,"href":"https:\/\/tucomarca.whitekongsoftware.com\/ca\/wp-json\/wp\/v2\/posts\/271547\/revisions"}],"wp:featuredmedia":[{"embeddable":true,"href":"https:\/\/tucomarca.whitekongsoftware.com\/ca\/wp-json\/wp\/v2\/media\/189522"}],"wp:attachment":[{"href":"https:\/\/tucomarca.whitekongsoftware.com\/ca\/wp-json\/wp\/v2\/media?parent=271547"}],"wp:term":[{"taxonomy":"category","embeddable":true,"href":"https:\/\/tucomarca.whitekongsoftware.com\/ca\/wp-json\/wp\/v2\/categories?post=271547"},{"taxonomy":"post_tag","embeddable":true,"href":"https:\/\/tucomarca.whitekongsoftware.com\/ca\/wp-json\/wp\/v2\/tags?post=271547"}],"curies":[{"name":"wp","href":"https:\/\/api.w.org\/{rel}","templated":true}]}}