{"id":271542,"date":"2025-07-06T17:55:00","date_gmt":"2025-07-06T15:55:00","guid":{"rendered":"https:\/\/www.tucomarca.com\/wordpress\/segunda\/?p=271542"},"modified":"2025-07-07T10:48:24","modified_gmt":"2025-07-07T08:48:24","slug":"controlat-aquest-diumenge-un-incendi-forestal-a-xest-gracies-a-la-rapida-intervencio-dels-mitjans-demergencia","status":"publish","type":"post","link":"https:\/\/tucomarca.whitekongsoftware.com\/ca\/controlat-aquest-diumenge-un-incendi-forestal-a-xest-gracies-a-la-rapida-intervencio-dels-mitjans-demergencia\/","title":{"rendered":"Controlat aquest diumenge un incendi forestal a Xest gr\u00e0cies a la r\u00e0pida intervenci\u00f3 dels mitjans d&#8217;emerg\u00e8ncia"},"content":{"rendered":"\n<p class=\"wp-block-paragraph\">El Consorci Provincial de Bombers ha informat que l&#8217;incendi forestal declarat aquesta vesprada de diumenge en el terme municipal de Xest ha sigut controlat a les 19,38 hores, gr\u00e0cies a la r\u00e0pida i efica\u00e7 actuaci\u00f3 dels dispositius d&#8217;emerg\u00e8ncia mobilitzats.<\/p>\n\n\n\n<p class=\"wp-block-paragraph\">Des dels primers moments de l&#8217;av\u00eds es van desplegar importants recursos terrestres i aeris per a contindre les flames i protegir la massa forestal afectada. En concret, es van activar els seg\u00fcents mitjans: 1 mig aeri, 3 autobombes, 3 unitats de Bombers Forestals, 1 dotaci\u00f3 del Consorci Provincial de Bombers<\/p>\n\n\n\n<p class=\"wp-block-paragraph\">Posteriorment, i davant l&#8217;evoluci\u00f3 del foc, es van incorporar 3 mitjans aeris addicionals: un helic\u00f2pter i dos avions amfibis procedents de l&#8217;aer\u00f2drom del Rebollar, que van refor\u00e7ar les labors d&#8217;extinci\u00f3.<\/p>\n\n\n\n<p class=\"wp-block-paragraph\">A les 18,33 hores es va procedir a la retirada de tots els mitjans aeris en considerar que el foc estava en fase d&#8217;estabilitzaci\u00f3, i a penes una hora m\u00e9s tard, a les 19,38 hores, es va declarar l&#8217;incendi controlat.<\/p>\n\n\n\n<p class=\"wp-block-paragraph\">Les brigades forestals romanen en la zona fent tasques de vigil\u00e0ncia i rematada per a evitar possibles reactivacions, en coordinaci\u00f3 amb els serveis d&#8217;emerg\u00e8ncies locals i auton\u00f2mics.<\/p>\n","protected":false},"excerpt":{"rendered":"<div class=\"mh-excerpt\">El Consorci Provincial de Bombers ha informat que l&#8217;incendi forestal declarat aquesta vesprada de diumenge en el terme municipal de Xest ha sigut controlat a les 19,38 hores, gr\u00e0cies a la r\u00e0pida i efica\u00e7 actuaci\u00f3 <a class=\"mh-excerpt-more\" href=\"https:\/\/tucomarca.whitekongsoftware.com\/ca\/controlat-aquest-diumenge-un-incendi-forestal-a-xest-gracies-a-la-rapida-intervencio-dels-mitjans-demergencia\/\" title=\"Controlat aquest diumenge un incendi forestal a Xest gr\u00e0cies a la r\u00e0pida intervenci\u00f3 dels mitjans d&#8217;emerg\u00e8ncia\">[+] <\/a><\/div>\n","protected":false},"author":12,"featured_media":192008,"comment_status":"open","ping_status":"open","sticky":false,"template":"","format":"standard","meta":{"footnotes":""},"categories":[10898,10948,10894,10912,10903,10896,10897,10974],"tags":[11071,20371,13724,10914],"class_list":["post-271542","post","type-post","status-publish","format-standard","has-post-thumbnail","category-ventana-ca","category-infraestructuras-ca","category-la-comarca-ca","category-la-hoya-ca","category-medio-ambiente-la-comarca-ca","category-seccion-ca","category-sucesos-la-comarca-ca","category-cheste-ca","tag-cheste","tag-consorcio-provincial-de-bomberos-ca","tag-incendio-forestal-ca","tag-la-hoya-de-bunol-chiva-ca"],"_links":{"self":[{"href":"https:\/\/tucomarca.whitekongsoftware.com\/ca\/wp-json\/wp\/v2\/posts\/271542","targetHints":{"allow":["GET"]}}],"collection":[{"href":"https:\/\/tucomarca.whitekongsoftware.com\/ca\/wp-json\/wp\/v2\/posts"}],"about":[{"href":"https:\/\/tucomarca.whitekongsoftware.com\/ca\/wp-json\/wp\/v2\/types\/post"}],"author":[{"embeddable":true,"href":"https:\/\/tucomarca.whitekongsoftware.com\/ca\/wp-json\/wp\/v2\/users\/12"}],"replies":[{"embeddable":true,"href":"https:\/\/tucomarca.whitekongsoftware.com\/ca\/wp-json\/wp\/v2\/comments?post=271542"}],"version-history":[{"count":0,"href":"https:\/\/tucomarca.whitekongsoftware.com\/ca\/wp-json\/wp\/v2\/posts\/271542\/revisions"}],"wp:featuredmedia":[{"embeddable":true,"href":"https:\/\/tucomarca.whitekongsoftware.com\/ca\/wp-json\/wp\/v2\/media\/192008"}],"wp:attachment":[{"href":"https:\/\/tucomarca.whitekongsoftware.com\/ca\/wp-json\/wp\/v2\/media?parent=271542"}],"wp:term":[{"taxonomy":"category","embeddable":true,"href":"https:\/\/tucomarca.whitekongsoftware.com\/ca\/wp-json\/wp\/v2\/categories?post=271542"},{"taxonomy":"post_tag","embeddable":true,"href":"https:\/\/tucomarca.whitekongsoftware.com\/ca\/wp-json\/wp\/v2\/tags?post=271542"}],"curies":[{"name":"wp","href":"https:\/\/api.w.org\/{rel}","templated":true}]}}