{"id":271533,"date":"2025-07-05T17:00:00","date_gmt":"2025-07-05T15:00:00","guid":{"rendered":"https:\/\/www.tucomarca.com\/wordpress\/segunda\/?p=271533"},"modified":"2025-07-05T21:14:33","modified_gmt":"2025-07-05T19:14:33","slug":"la-generalitat-mobilitza-mes-de-600-milions-deuros-en-el-proces-de-reconstruccio-despres-de-la-dana","status":"publish","type":"post","link":"https:\/\/tucomarca.whitekongsoftware.com\/ca\/la-generalitat-mobilitza-mes-de-600-milions-deuros-en-el-proces-de-reconstruccio-despres-de-la-dana\/","title":{"rendered":"La Generalitat mobilitza m\u00e9s de 600 milions d&#8217;euros en el proc\u00e9s de reconstrucci\u00f3 despr\u00e9s de la DANA"},"content":{"rendered":"\n<p class=\"wp-block-paragraph\">La Conselleria de Medi Ambient, Infraestructures i Territori, que administra el conseller Vicente Mart\u00ednez Mus, ha mobilitzat m\u00e9s de 600 milions d&#8217;euros en actuacions de reconstrucci\u00f3, recuperaci\u00f3 i modernitzaci\u00f3 despr\u00e9s dels greus efectes ocasionats per la DANA en la Comunitat Valenciana, segons dades facilitades des del Consell. Tots aquests fons estan ja executats o en execuci\u00f3.<\/p>\n\n\n\n<p class=\"wp-block-paragraph\">Aquest esfor\u00e7 inversor ha perm\u00e9s actuar amb agilitat i efic\u00e0cia en diferents \u00e0mbits estrat\u00e8gics:<\/p>\n\n\n\n<ul class=\"wp-block-list\">\n<li>75 milions d&#8217;euros en infraestructures auton\u00f2miques (carreteres i ponts).<\/li>\n\n\n\n<li>50 milions d&#8217;euros en infraestructures locals.<\/li>\n\n\n\n<li>65 milions d&#8217;euros, amb previsi\u00f3 d&#8217;aconseguir els 100, en infraestructures hidr\u00e0uliques i depuradores.<\/li>\n\n\n\n<li>140 milions d&#8217;euros per a la reconstrucci\u00f3 integral de la xarxa de Metrovalencia.<\/li>\n\n\n\n<li>93 milions d&#8217;euros en infraestructures forestals.<\/li>\n\n\n\n<li>6 milions d&#8217;euros en ports.<\/li>\n\n\n\n<li>180 milions d&#8217;euros en la gesti\u00f3 i tractament de residus.<\/li>\n<\/ul>\n\n\n\n<p class=\"wp-block-paragraph\"><strong>Infraestructures vi\u00e0ries: 18 carreteres reoberta<\/strong><\/p>\n\n\n\n<p class=\"wp-block-paragraph\">La Conselleria ha restablit la circulaci\u00f3 en els 47,3 quil\u00f2metres afectats de 18 carreteres auton\u00f2miques, recuperades en un temps r\u00e8cord. Actualment, 15 d&#8217;elles es troben completament operatives i 3 m\u00e9s continuen amb actuacions pendents, amb l&#8217;objectiu que totes estiguen plenament habilitades durant aquest estiu.<\/p>\n\n\n\n<p class=\"wp-block-paragraph\">Entre elles destaca la recent reobertura del pont de la CV-33, amb una inversi\u00f3 de 12,5 milions d&#8217;euros, incorporant criteris de resili\u00e8ncia enfront d&#8217;esdeveniments clim\u00e0tics extrems.<\/p>\n\n\n\n<p class=\"wp-block-paragraph\">\u201cNo sols hem recuperat la CV-33, l&#8217;hem feta m\u00e9s fort, segura i preparada per al futur\u201d, ha afirmat el conseller Vicente Mart\u00ednez Mus.<\/p>\n\n\n\n<p class=\"wp-block-paragraph\"><strong>Rehabilitaci\u00f3 d&#8217;infraestructures locals<\/strong><\/p>\n\n\n\n<p class=\"wp-block-paragraph\">La Generalitat, en coordinaci\u00f3 amb el Govern d&#8217;Espanya, est\u00e0 executant 54 actuacions en vies, ponts i passarel\u00b7les municipals, en localitats com Albal, Bunyol, Catarroja, Torrent, Requena, Xest o Utiel, entre altres.<\/p>\n\n\n\n<p class=\"wp-block-paragraph\">En aquests moments ja han finalitzat les obres a Catarroja, Massanassa i Albal, i en breu conclouran unes altres a Montserrat i Aldaia. Tota la inversi\u00f3, que ascendeix a 50 milions d&#8217;euros, est\u00e0 plenament contractada i en execuci\u00f3.<\/p>\n\n\n\n<p class=\"wp-block-paragraph\"><strong>Metrovalencia: xarxa restitu\u00efda al 100%<\/strong><\/p>\n\n\n\n<p class=\"wp-block-paragraph\">En l&#8217;\u00e0mbit del transport p\u00fablic, la Generalitat ha invertit 140 milions d&#8217;euros per a restituir i modernitzar m\u00e9s de 50 km de xarxa de Metrovalencia, afectats per les inundacions. Des del 27 de juny, tota la xarxa, incl\u00f2s el tram sud entre Paiporta i Castell\u00f3, est\u00e0 plenament operativa.<\/p>\n\n\n\n<p class=\"wp-block-paragraph\">Les actuacions han incl\u00f2s la rehabilitaci\u00f3 d&#8217;estacions, ponts i vies, aix\u00ed com la reconstrucci\u00f3 de la nova estaci\u00f3 de Paiporta, ja en funcionament. Aquest proc\u00e9s ha mobilitzat a m\u00e9s de 500 treballadors i ha suposat m\u00e9s de 275.000 hores de treball.<\/p>\n\n\n\n<p class=\"wp-block-paragraph\"><strong>Depuradores: m\u00e9s del 80% ja restaurades<\/strong><\/p>\n\n\n\n<p class=\"wp-block-paragraph\">La DANA va afectar un total de 123 estacions depuradores d&#8217;aig\u00fces residuals en tota la Comunitat. En col\u00b7laboraci\u00f3 amb la EPSAR, la Conselleria ha executat el 80% de les actuacions de restauraci\u00f3, amb la previsi\u00f3 que el 100% estiguen plenament operatives abans de l&#8217;estiu.<\/p>\n\n\n\n<p class=\"wp-block-paragraph\"><strong>Recuperaci\u00f3 d&#8217;infraestructures forestals<\/strong><\/p>\n\n\n\n<p class=\"wp-block-paragraph\">La Generalitat ha destinat 93 milions d&#8217;euros a la reparaci\u00f3 de 2.755 quil\u00f2metres de pistes forestals danyades per les riuades, l&#8217;equivalent a tota la xarxa auton\u00f2mica de carreteres. Aix\u00ed mateix, s&#8217;ha actuat sobre 640.000 hect\u00e0rees de massa forestal, dep\u00f2sits d&#8217;aigua per a extinci\u00f3 i observatoris forestals.<\/p>\n\n\n\n<p class=\"wp-block-paragraph\">Completades les dues primeres fases (diagn\u00f2stic i reobertura d&#8217;accessos prioritaris), s&#8217;est\u00e0 executant la tercera fase del pla per a la recuperaci\u00f3 total, amb una duraci\u00f3 prevista de 12 mesos.<\/p>\n\n\n\n<p class=\"wp-block-paragraph\"><strong>Pla de residus: m\u00e9s de 500.000 tones ja tractades<\/strong><\/p>\n\n\n\n<p class=\"wp-block-paragraph\">El Pla de Residus impulsat despr\u00e9s de la DANA ha gestionat ja m\u00e9s de 500.000 tones de residus, la qual cosa representa un 69% d&#8217;execuci\u00f3. La previsi\u00f3 \u00e9s que durant aquest estiu es complete el tractament del total de 800.000 tones generades.<\/p>\n\n\n\n<p class=\"wp-block-paragraph\">El dispositiu ha perm\u00e9s buidar els 767 vials obstru\u00efts en els municipis m\u00e9s afectats en les primeres setmanes despr\u00e9s del temporal. A destacar la clausura del punt d&#8217;apilament d&#8217;Algemes\u00ed, el major de la Comunitat, amb quasi 3.000 viatges realitzats per al seu buidatge, i el tancament del punt de transfer\u00e8ncia de Catarroja, amb 250.000 tones evacuades.<\/p>\n\n\n\n<p class=\"wp-block-paragraph\"><strong>Comprom\u00eds amb la recuperaci\u00f3 i la resili\u00e8ncia<\/strong><\/p>\n\n\n\n<p class=\"wp-block-paragraph\">El conseller Mart\u00ednez Mus ha destacat que el conjunt d&#8217;actuacions representa \u201cun projecte ambici\u00f3s que no sols repara els danys, sin\u00f3 que prepara al nostre territori per als desafiaments del futur, amb infraestructures m\u00e9s sostenibles, resistents i modernes\u201d.<\/p>\n\n\n\n<p class=\"wp-block-paragraph\">La Generalitat continuar\u00e0 treballant en col\u00b7laboraci\u00f3 amb els ajuntaments per a completar la recuperaci\u00f3 integral i garantir la plena restauraci\u00f3 de la normalitat en totes les \u00e0rees afectades.<\/p>\n\n\n\n<p class=\"wp-block-paragraph\"><\/p>\n","protected":false},"excerpt":{"rendered":"<div class=\"mh-excerpt\">La Conselleria de Medi Ambient, Infraestructures i Territori, que administra el conseller Vicente Mart\u00ednez Mus, ha mobilitzat m\u00e9s de 600 milions d&#8217;euros en actuacions de reconstrucci\u00f3, recuperaci\u00f3 i modernitzaci\u00f3 despr\u00e9s dels greus efectes ocasionats per <a class=\"mh-excerpt-more\" href=\"https:\/\/tucomarca.whitekongsoftware.com\/ca\/la-generalitat-mobilitza-mes-de-600-milions-deuros-en-el-proces-de-reconstruccio-despres-de-la-dana\/\" title=\"La Generalitat mobilitza m\u00e9s de 600 milions d&#8217;euros en el proc\u00e9s de reconstrucci\u00f3 despr\u00e9s de la DANA\">[+] <\/a><\/div>\n","protected":false},"author":12,"featured_media":268790,"comment_status":"open","ping_status":"open","sticky":false,"template":"","format":"standard","meta":{"footnotes":""},"categories":[21466,10898,10948,10894,10904,10903,10947,10896,10897],"tags":[22779,15409,11199],"class_list":["post-271533","post","type-post","status-publish","format-standard","has-post-thumbnail","category-dana-ca","category-ventana-ca","category-infraestructuras-ca","category-la-comarca-ca","category-sin-categorizar-ca","category-medio-ambiente-la-comarca-ca","category-politica","category-seccion-ca","category-sucesos-la-comarca-ca","tag-plarecuperemvalencia-ca","tag-dana-2-ca","tag-la-comunitat-ca"],"_links":{"self":[{"href":"https:\/\/tucomarca.whitekongsoftware.com\/ca\/wp-json\/wp\/v2\/posts\/271533","targetHints":{"allow":["GET"]}}],"collection":[{"href":"https:\/\/tucomarca.whitekongsoftware.com\/ca\/wp-json\/wp\/v2\/posts"}],"about":[{"href":"https:\/\/tucomarca.whitekongsoftware.com\/ca\/wp-json\/wp\/v2\/types\/post"}],"author":[{"embeddable":true,"href":"https:\/\/tucomarca.whitekongsoftware.com\/ca\/wp-json\/wp\/v2\/users\/12"}],"replies":[{"embeddable":true,"href":"https:\/\/tucomarca.whitekongsoftware.com\/ca\/wp-json\/wp\/v2\/comments?post=271533"}],"version-history":[{"count":0,"href":"https:\/\/tucomarca.whitekongsoftware.com\/ca\/wp-json\/wp\/v2\/posts\/271533\/revisions"}],"wp:featuredmedia":[{"embeddable":true,"href":"https:\/\/tucomarca.whitekongsoftware.com\/ca\/wp-json\/wp\/v2\/media\/268790"}],"wp:attachment":[{"href":"https:\/\/tucomarca.whitekongsoftware.com\/ca\/wp-json\/wp\/v2\/media?parent=271533"}],"wp:term":[{"taxonomy":"category","embeddable":true,"href":"https:\/\/tucomarca.whitekongsoftware.com\/ca\/wp-json\/wp\/v2\/categories?post=271533"},{"taxonomy":"post_tag","embeddable":true,"href":"https:\/\/tucomarca.whitekongsoftware.com\/ca\/wp-json\/wp\/v2\/tags?post=271533"}],"curies":[{"name":"wp","href":"https:\/\/api.w.org\/{rel}","templated":true}]}}