{"id":271497,"date":"2025-07-04T08:55:00","date_gmt":"2025-07-04T06:55:00","guid":{"rendered":"https:\/\/www.tucomarca.com\/wordpress\/segunda\/?p=271497"},"modified":"2025-07-04T19:49:27","modified_gmt":"2025-07-04T17:49:27","slug":"bunyol-presenta-la-50-edicio-del-concert-mano-a-mano-amb-oscar-navarro-com-a-president-dhonor","status":"publish","type":"post","link":"https:\/\/tucomarca.whitekongsoftware.com\/ca\/bunyol-presenta-la-50-edicio-del-concert-mano-a-mano-amb-oscar-navarro-com-a-president-dhonor\/","title":{"rendered":"Bunyol presenta la 50 edici\u00f3 del concert &#8216;Mano a Mano&#8217; amb \u00d3scar Navarro com a President d&#8217;Honor"},"content":{"rendered":"\n<h3 class=\"wp-block-heading\">El concert, que se celebrar\u00e0 el 16 d&#8217;agost a l&#8217;Auditori de Sant Llu\u00eds, reunir\u00e0 m\u00e9s de 300 m\u00fasics de L&#8217;Art\u00edstica i L&#8217;Harm\u00f2nica en una edici\u00f3 hist\u00f2rica.<\/h3>\n\n\n\n<p class=\"wp-block-paragraph\">El Palau de les Arts Reina Sofia ha sigut l&#8217;escenari triat per a presentar la 50a edici\u00f3 del Concert Mano a Mano de Bunyol, un esdeveniment que despr\u00e9s de mig segle d&#8217;hist\u00f2ria es reafirma com un de les fites musicals m\u00e9s singulars i prestigiosos de la Comunitat Valenciana. Aquest 2025 es compleixen 51 anys des d&#8217;aquella primera edici\u00f3 celebrada en 1974, encara que ser\u00e0 el 50\u00e9 concert, ja que l&#8217;esdeveniment no va poder celebrar-se en 2020 i 2021 a causa de la pand\u00e8mia.<\/p>\n\n\n\n<p class=\"wp-block-paragraph\">L&#8217;alcalde en funcions i regidor de Festes de l&#8217;Ajuntament de Bunyol, Sergio Galarza ha obert la presentaci\u00f3 agraint el treball de totes dues societats musicals i subratllant el valor cultural del concert. \u201cBunyol \u00e9s un poble amb dues bandes centen\u00e0ries i amb m\u00fasics repartits per tot el m\u00f3n. El que vivim cada agost a l&#8217;Auditori de Sant Llu\u00eds \u00e9s una cosa \u00fanica, i mereix ser reconegut com el que ja \u00e9s de facto: una cita d&#8217;inter\u00e9s internacional\u201d, ha afegit.<\/p>\n\n\n\n<figure class=\"wp-block-image size-large\"><img loading=\"lazy\" decoding=\"async\" width=\"1024\" height=\"682\" src=\"http:\/\/www.tucomarca.com\/wordpress\/segunda\/wp-content\/uploads\/2025\/07\/ManoAManoPresentacion2-1024x682.jpg\" alt=\"\" class=\"wp-image-271494\" srcset=\"https:\/\/tucomarca.whitekongsoftware.com\/wp-content\/uploads\/2025\/07\/ManoAManoPresentacion2-1024x682.jpg 1024w, https:\/\/tucomarca.whitekongsoftware.com\/wp-content\/uploads\/2025\/07\/ManoAManoPresentacion2-300x200.jpg 300w, https:\/\/tucomarca.whitekongsoftware.com\/wp-content\/uploads\/2025\/07\/ManoAManoPresentacion2-768x512.jpg 768w, https:\/\/tucomarca.whitekongsoftware.com\/wp-content\/uploads\/2025\/07\/ManoAManoPresentacion2.jpg 1181w\" sizes=\"auto, (max-width: 1024px) 100vw, 1024px\" \/><\/figure>\n\n\n\n<p class=\"wp-block-paragraph\">L&#8217;acte ha comptat tamb\u00e9 amb la participaci\u00f3 dels m\u00e0xims representants de les dues societats musicals protagonistes. Per part de la SM L&#8217;Art\u00edstica, han intervingut el seu president Manuel Ferrando i el director Mario Ortu\u00f1o. En representaci\u00f3 del CIM L&#8217;Harm\u00f2nica, han sigut presents la seua presidenta Rosario Pardo i el director Sa\u00fcl G\u00f3mez.<\/p>\n\n\n\n<p class=\"wp-block-paragraph\">Galarza ha anunciat que el President d&#8217;Honor del concert ser\u00e0 enguany el compositor i director \u00d3scar Navarro, de qui ha destacat \u201cel seu vincle amb la m\u00fasica de banda i la seua projecci\u00f3 internacional, que fan d&#8217;ell el perfil ideal per a acompanyar una edici\u00f3 tan especial com aquesta\u201d.<\/p>\n\n\n\n<p class=\"wp-block-paragraph\">\u00d3scar Navarro \u00e9s un dels compositors i directors espanyols amb major projecci\u00f3 internacional de la seua generaci\u00f3. Guardonat amb m\u00e9s d&#8217;una vintena de premis \u2014entre ells els Hollywood Music in Media Awards i una nominaci\u00f3 als Goya\u2014, la seua m\u00fasica ha sigut interpretada per orquestres com la BBC Philharmonic, The Cleveland Orchestra o la Tchaikovsky Symphony Orchestra, i ha sonat en escenaris de refer\u00e8ncia com el Carnegie Hall de Nova York, el Musikverein de Viena o La Scala de Mil\u00e0. Ha treballat per a institucions com la Casa Reial, l&#8217;Orquestra i Cor Nacionals d&#8217;Espanya o la Universitat del Sud de Calif\u00f2rnia, on es va especialitzar en composici\u00f3 per a cinema. A m\u00e9s, dirigeix la seua pr\u00f2pia editorial i orquestra, i \u00e9s membre de l&#8217;Acad\u00e8mia del Cinema Espanyol i dels Latin Grammy.<\/p>\n\n\n\n<p class=\"wp-block-paragraph\">Durant la presentaci\u00f3, els representants de totes dues societats musicals han compartit els programes que interpretaran enguany i han subratllat la dimensi\u00f3 art\u00edstica i emocional de l&#8217;esdeveniment.<\/p>\n\n\n\n<p class=\"wp-block-paragraph\">La presidenta de L&#8217;Harm\u00f2nica, Rosario Pardo, ha destacat que \u201cel Mano a Mano no \u00e9s nom\u00e9s una cita musical, sin\u00f3 una oportunitat de retrobament, d&#8217;emoci\u00f3 compartida i de celebraci\u00f3 del comprom\u00eds col\u00b7lectiu amb la m\u00fasica\u201d. I ha afegit que es tracta tamb\u00e9 de \u201cun espai per a mostrar el talent dels m\u00fasics de Bunyol, el seu esfor\u00e7, la seua formaci\u00f3 i el seu amor pel que fan\u201d.<\/p>\n\n\n\n<p class=\"wp-block-paragraph\">El director del CIM, Sa\u00fcl G\u00f3mez, ha explicat que el programa de L&#8217;Harm\u00f2nica porta per t\u00edtol &#8220;El dolor a trav\u00e9s de la m\u00fasica&#8221;, com a homenatge a dos m\u00fasics molt volguts morts recentment. \u201cEl repertori tra\u00e7a un recorregut emocional, des del dolor a la llum, amb obres de Maslanka, Prok\u00f3fiev i Luis Serrano Alarc\u00f3n, i un tancament espectacular que converteix la m\u00fasica en transformaci\u00f3\u201d, ha assenyalat.<br>Per part seua, el president de L&#8217;Art\u00edstica, Manuel Ferrando, ha subratllat que el M\u00e0 a m\u00e0 \u00e9s \u201cun acte carregat d&#8217;emoci\u00f3, on la m\u00fasica no sols s&#8217;interpreta, se sent. \u00c9s el reflex d&#8217;una tradici\u00f3 viva que dona treball, que forma a centenars de m\u00fasics, i que demostra que Bunyol \u00e9s un referent a tot el m\u00f3n\u201d.<\/p>\n\n\n\n<p class=\"wp-block-paragraph\">El director de L&#8217;Art\u00edstica, Mario Ortu\u00f1o, que s&#8217;acomiada aquest any de la batuta despr\u00e9s de sis temporades al capdavant de la banda, ha titulat el seu programa &#8220;Metamorfosi&#8221;, com a reflex d&#8217;aquesta etapa de transici\u00f3 personal i col\u00b7lectiva. \u201cS\u00f3n m\u00e9s de 300 m\u00fasics els que es pujaran a l&#8217;escenari. Aquest concert \u00e9s la prova que en aquest poble xicotet es fa una cosa molt gran\u201d, ha afirmat. El seu programa inclou obres de Paul Dooley, Paul Hindemith i Vicent Ortiz Gimeno, amb peces d&#8217;alta exig\u00e8ncia t\u00e8cnica i art\u00edstica.<\/p>\n\n\n\n<p class=\"wp-block-paragraph\">Enguany ser\u00e0 el CIM L&#8217;Harm\u00f2nica qui obrir\u00e0 la vetlada, i tancar\u00e0 L&#8217;Art\u00edstica, que tamb\u00e9 interpretar\u00e0 l&#8217;Himne de Bunyol, aquesta vegada sota la direcci\u00f3 del president d&#8217;honor, \u00d3scar Navarro.<\/p>\n","protected":false},"excerpt":{"rendered":"<div class=\"mh-excerpt\">El concert, que se celebrar\u00e0 el 16 d&#8217;agost a l&#8217;Auditori de Sant Llu\u00eds, reunir\u00e0 m\u00e9s de 300 m\u00fasics de L&#8217;Art\u00edstica i L&#8217;Harm\u00f2nica en una edici\u00f3 hist\u00f2rica. El Palau de les Arts Reina Sofia ha sigut <a class=\"mh-excerpt-more\" href=\"https:\/\/tucomarca.whitekongsoftware.com\/ca\/bunyol-presenta-la-50-edicio-del-concert-mano-a-mano-amb-oscar-navarro-com-a-president-dhonor\/\" title=\"Bunyol presenta la 50 edici\u00f3 del concert &#8216;Mano a Mano&#8217; amb \u00d3scar Navarro com a President d&#8217;Honor\">[+] <\/a><\/div>\n","protected":false},"author":12,"featured_media":271493,"comment_status":"open","ping_status":"open","sticky":false,"template":"","format":"standard","meta":{"footnotes":""},"categories":[10911,11005,10894,10912,11007,10896],"tags":[10913,12193,10914],"class_list":["post-271497","post","type-post","status-publish","format-standard","has-post-thumbnail","category-bunol-ca","category-canal-musica","category-la-comarca-ca","category-la-hoya-ca","category-ocio-y-cultura-ca","category-seccion-ca","tag-bunol-ca","tag-concierto-mano-a-mano-ca","tag-la-hoya-de-bunol-chiva-ca"],"_links":{"self":[{"href":"https:\/\/tucomarca.whitekongsoftware.com\/ca\/wp-json\/wp\/v2\/posts\/271497","targetHints":{"allow":["GET"]}}],"collection":[{"href":"https:\/\/tucomarca.whitekongsoftware.com\/ca\/wp-json\/wp\/v2\/posts"}],"about":[{"href":"https:\/\/tucomarca.whitekongsoftware.com\/ca\/wp-json\/wp\/v2\/types\/post"}],"author":[{"embeddable":true,"href":"https:\/\/tucomarca.whitekongsoftware.com\/ca\/wp-json\/wp\/v2\/users\/12"}],"replies":[{"embeddable":true,"href":"https:\/\/tucomarca.whitekongsoftware.com\/ca\/wp-json\/wp\/v2\/comments?post=271497"}],"version-history":[{"count":0,"href":"https:\/\/tucomarca.whitekongsoftware.com\/ca\/wp-json\/wp\/v2\/posts\/271497\/revisions"}],"wp:featuredmedia":[{"embeddable":true,"href":"https:\/\/tucomarca.whitekongsoftware.com\/ca\/wp-json\/wp\/v2\/media\/271493"}],"wp:attachment":[{"href":"https:\/\/tucomarca.whitekongsoftware.com\/ca\/wp-json\/wp\/v2\/media?parent=271497"}],"wp:term":[{"taxonomy":"category","embeddable":true,"href":"https:\/\/tucomarca.whitekongsoftware.com\/ca\/wp-json\/wp\/v2\/categories?post=271497"},{"taxonomy":"post_tag","embeddable":true,"href":"https:\/\/tucomarca.whitekongsoftware.com\/ca\/wp-json\/wp\/v2\/tags?post=271497"}],"curies":[{"name":"wp","href":"https:\/\/api.w.org\/{rel}","templated":true}]}}