{"id":271383,"date":"2025-07-03T12:30:00","date_gmt":"2025-07-03T10:30:00","guid":{"rendered":"https:\/\/www.tucomarca.com\/wordpress\/segunda\/?p=271383"},"modified":"2025-07-03T18:49:54","modified_gmt":"2025-07-03T16:49:54","slug":"la-generalitat-reclama-major-compromis-del-govern-central-en-la-reassignacio-de-fons-europeus-per-a-palliar-els-efectes-de-la-dana","status":"publish","type":"post","link":"https:\/\/tucomarca.whitekongsoftware.com\/ca\/la-generalitat-reclama-major-compromis-del-govern-central-en-la-reassignacio-de-fons-europeus-per-a-palliar-els-efectes-de-la-dana\/","title":{"rendered":"El Consell reclama major comprom\u00eds del Govern central en la reassignaci\u00f3 de fons europeus per a pal\u00b7liar els efectes de la DANA"},"content":{"rendered":"\n<h3 class=\"wp-block-heading\">La directora general de Fons Europeus\u00a0lamenta que nom\u00e9s s&#8217;han rebut 30 milions corresponents al Fons de Solidaritat de la Uni\u00f3 Europea, dotat amb m\u00e9s de 1.000 milions.<\/h3>\n\n\n\n<h3 class=\"wp-block-heading\">La Generalitat organitza un seminari que reuneix periodistes especialitzats en fons europeus amb l&#8217;objectiu d&#8217;impulsar una xarxa estable que permeta el contacte, intercanvi i pres\u00e8ncia informativa de les actuacions finan\u00e7ades per la Uni\u00f3 Europea en la Comunitat.<\/h3>\n\n\n\n<p class=\"wp-block-paragraph\">La directora general de Fons Europeus i Sector P\u00fablic, Mar Gonz\u00e1lez, ha reclamat durant el seminari per a periodistes \u2018Xarxa Europa CV\u2019 que, per a poder abordar amb major efic\u00e0cia la reconstrucci\u00f3 i modernitzaci\u00f3 del territori i pal\u00b7liar els efectes de la inundaci\u00f3 del passat 29 d&#8217;octubre, \u201c\u00e9s imprescindible una major implicaci\u00f3 per part del Govern central en la reassignaci\u00f3 de fons europeus no executats per l&#8217;Administraci\u00f3 General de l&#8217;Estat i es destinen a la Comunitat Valenciana\u201d.<\/p>\n\n\n\n<p class=\"wp-block-paragraph\">\u201cNo hi ha hagut resposta a eixa demanda perqu\u00e8 no hi ha major dotaci\u00f3 de recursos addicional i tenim els mateixos fons europeus que abans de la dana\u201d, ha indicat la directora general, qui ha donat les gr\u00e0cies a les comunitats aut\u00f2nomes que han renunciat a part dels seus recursos europeus sense executar per a fer front als danys causats per la riuada.<\/p>\n\n\n\n<p class=\"wp-block-paragraph\">Mar Gonz\u00e1lez tamb\u00e9 ha lamentat que es va sol\u00b7licitar l&#8217;activaci\u00f3 del Fons de Solidaritat de la Uni\u00f3 Europea per un import superior als 1.000 milions d&#8217;euros, per\u00f2 fins a la data \u201cnom\u00e9s s&#8217;han rebut 30 milions, una xifra insuficient per a cobrir les necessitats generades per l&#8217;emerg\u00e8ncia.<\/p>\n\n\n\n<p class=\"wp-block-paragraph\">En aquest sentit, la directora general ha posat en valor l&#8217;aprovaci\u00f3 i execuci\u00f3 de noves l\u00ednies de suport a trav\u00e9s del reglament RESTORE, ja que aquest instrument permet \u201cfinan\u00e7ar fins al 95% i fins i tot el 100% de projectes relacionats amb la recuperaci\u00f3 de cat\u00e0strofes naturals. Gr\u00e0cies a aquest reglament, s&#8217;ha pogut avan\u00e7ar sense comprometre fons propis, refor\u00e7ant aix\u00ed la capacitat de resposta immediata\u201d.<\/p>\n\n\n\n<p class=\"wp-block-paragraph\">Les actuacions finan\u00e7ades amb aquests fons inclouen inversions en centres educatius, centres de salut, camins forestals, infraestructures ferrovi\u00e0ries com les de Metrovalencia, i mesures de suport a les pimes afectades per la riuada.<\/p>\n\n\n\n<p class=\"wp-block-paragraph\">Mar Gonz\u00e1lez ha explicat durant la seua intervenci\u00f3 que la resposta a cat\u00e0strofes com la dana ha de ser \u201c\u00e0gil i coordinada i des de la Generalitat continuem treballant perqu\u00e8 els fons europeus arriben on m\u00e9s es necessiten\u201d.<\/p>\n\n\n\n<p class=\"wp-block-paragraph\"><strong>Planificaci\u00f3 a llarg termini<\/strong><\/p>\n\n\n\n<p class=\"wp-block-paragraph\">Per part seua, el secretari auton\u00f2mic d&#8217;Economia, Jes\u00fas Gual, ha incidit en qu\u00e8 des de la Generalitat es duu a terme \u201cuna planificaci\u00f3 estrat\u00e8gica a llarg termini per a la millor gesti\u00f3 dels Fons Europeus\u201d i ha reclamat una major transpar\u00e8ncia en els processos d&#8217;assignaci\u00f3, especialment en el cas dels plans pluriregionals.<\/p>\n\n\n\n<p class=\"wp-block-paragraph\">Durant la seua participaci\u00f3 en el seminari, Gual tamb\u00e9 ha lamentat que la Comissi\u00f3 Europea no atenguera la petici\u00f3 de qualificar a la Comunitat Valenciana com a regi\u00f3 menys desenvolupada, la qual cosa hauria perm\u00e9s accedir a un cofinan\u00e7ament de fins al 85% en lloc del percentatge actual assignat com a regi\u00f3 en transici\u00f3.<\/p>\n\n\n\n<p class=\"wp-block-paragraph\">Aix\u00ed mateix, ha detallat l&#8217;estructura dels programes FEDER i FSE de la Comunitat Valenciana per al per\u00edode 2021-2027. En el cas del programa FEDER, s&#8217;ha posat com a exemple el finan\u00e7ament d&#8217;un projecte de generaci\u00f3 d&#8217;hidrogen verd en el Port de Castell\u00f3, mentre que dins del FSE s&#8217;ha destacat la iniciativa \u00c0NIMA, orientada al fet que joves que ni estudien ni treballen puguen realitzar pr\u00e0ctiques a l&#8217;estranger, millorant aix\u00ed la seua ocupabilitat.<\/p>\n\n\n\n<p class=\"wp-block-paragraph\">Durant la celebraci\u00f3 de l&#8217;esdeveniment, que ha tingut lloc en Caixaforum, s&#8217;han organitzat diverses pon\u00e8ncies i taules redones en les quals s&#8217;han tractat q\u00fcestions relacionades amb el finan\u00e7ament europeu en la Comunitat Valenciana, el Fons de Solidaritat de la Uni\u00f3 Europea que at\u00e9n les necessitats derivades de la inundaci\u00f3 del passat 29 d&#8217;octubre i els desafiaments geopol\u00edtics als quals s&#8217;enfronta Europa en l&#8217;actualitat.<\/p>\n\n\n\n<p class=\"wp-block-paragraph\">La finalitat d&#8217;aquest seminari ha sigut impulsar una xarxa estable de periodistes que permeta el contacte, intercanvi i pres\u00e8ncia informativa de la programaci\u00f3 i actuacions finan\u00e7ades per la Uni\u00f3 Europea en la Comunitat Valenciana.<\/p>\n\n\n\n<figure class=\"wp-block-image size-large\"><img loading=\"lazy\" decoding=\"async\" width=\"1024\" height=\"768\" src=\"http:\/\/www.tucomarca.com\/wordpress\/segunda\/wp-content\/uploads\/2025\/07\/HAC_foto2_Mesa_Redonda_Red_Europa-1024x768.jpg\" alt=\"\" class=\"wp-image-271380\" srcset=\"https:\/\/tucomarca.whitekongsoftware.com\/wp-content\/uploads\/2025\/07\/HAC_foto2_Mesa_Redonda_Red_Europa-1024x768.jpg 1024w, https:\/\/tucomarca.whitekongsoftware.com\/wp-content\/uploads\/2025\/07\/HAC_foto2_Mesa_Redonda_Red_Europa-300x225.jpg 300w, https:\/\/tucomarca.whitekongsoftware.com\/wp-content\/uploads\/2025\/07\/HAC_foto2_Mesa_Redonda_Red_Europa-768x576.jpg 768w, https:\/\/tucomarca.whitekongsoftware.com\/wp-content\/uploads\/2025\/07\/HAC_foto2_Mesa_Redonda_Red_Europa-1536x1152.jpg 1536w, https:\/\/tucomarca.whitekongsoftware.com\/wp-content\/uploads\/2025\/07\/HAC_foto2_Mesa_Redonda_Red_Europa-678x509.jpg 678w, https:\/\/tucomarca.whitekongsoftware.com\/wp-content\/uploads\/2025\/07\/HAC_foto2_Mesa_Redonda_Red_Europa-326x245.jpg 326w, https:\/\/tucomarca.whitekongsoftware.com\/wp-content\/uploads\/2025\/07\/HAC_foto2_Mesa_Redonda_Red_Europa-80x60.jpg 80w, https:\/\/tucomarca.whitekongsoftware.com\/wp-content\/uploads\/2025\/07\/HAC_foto2_Mesa_Redonda_Red_Europa.jpg 1600w\" sizes=\"auto, (max-width: 1024px) 100vw, 1024px\" \/><\/figure>\n","protected":false},"excerpt":{"rendered":"<div class=\"mh-excerpt\">La directora general de Fons Europeus\u00a0lamenta que nom\u00e9s s&#8217;han rebut 30 milions corresponents al Fons de Solidaritat de la Uni\u00f3 Europea, dotat amb m\u00e9s de 1.000 milions. La Generalitat organitza un seminari que reuneix periodistes <a class=\"mh-excerpt-more\" href=\"https:\/\/tucomarca.whitekongsoftware.com\/ca\/la-generalitat-reclama-major-compromis-del-govern-central-en-la-reassignacio-de-fons-europeus-per-a-palliar-els-efectes-de-la-dana\/\" title=\"El Consell reclama major comprom\u00eds del Govern central en la reassignaci\u00f3 de fons europeus per a pal\u00b7liar els efectes de la DANA\">[+] <\/a><\/div>\n","protected":false},"author":13,"featured_media":271379,"comment_status":"open","ping_status":"open","sticky":false,"template":"","format":"standard","meta":{"footnotes":""},"categories":[21466,10898,10948,10894,10904,10903,10947,10896,10897],"tags":[15409,11199,11140],"class_list":["post-271383","post","type-post","status-publish","format-standard","has-post-thumbnail","category-dana-ca","category-ventana-ca","category-infraestructuras-ca","category-la-comarca-ca","category-sin-categorizar-ca","category-medio-ambiente-la-comarca-ca","category-politica","category-seccion-ca","category-sucesos-la-comarca-ca","tag-dana-2-ca","tag-la-comunitat-ca","tag-politica-ca"],"_links":{"self":[{"href":"https:\/\/tucomarca.whitekongsoftware.com\/ca\/wp-json\/wp\/v2\/posts\/271383","targetHints":{"allow":["GET"]}}],"collection":[{"href":"https:\/\/tucomarca.whitekongsoftware.com\/ca\/wp-json\/wp\/v2\/posts"}],"about":[{"href":"https:\/\/tucomarca.whitekongsoftware.com\/ca\/wp-json\/wp\/v2\/types\/post"}],"author":[{"embeddable":true,"href":"https:\/\/tucomarca.whitekongsoftware.com\/ca\/wp-json\/wp\/v2\/users\/13"}],"replies":[{"embeddable":true,"href":"https:\/\/tucomarca.whitekongsoftware.com\/ca\/wp-json\/wp\/v2\/comments?post=271383"}],"version-history":[{"count":0,"href":"https:\/\/tucomarca.whitekongsoftware.com\/ca\/wp-json\/wp\/v2\/posts\/271383\/revisions"}],"wp:featuredmedia":[{"embeddable":true,"href":"https:\/\/tucomarca.whitekongsoftware.com\/ca\/wp-json\/wp\/v2\/media\/271379"}],"wp:attachment":[{"href":"https:\/\/tucomarca.whitekongsoftware.com\/ca\/wp-json\/wp\/v2\/media?parent=271383"}],"wp:term":[{"taxonomy":"category","embeddable":true,"href":"https:\/\/tucomarca.whitekongsoftware.com\/ca\/wp-json\/wp\/v2\/categories?post=271383"},{"taxonomy":"post_tag","embeddable":true,"href":"https:\/\/tucomarca.whitekongsoftware.com\/ca\/wp-json\/wp\/v2\/tags?post=271383"}],"curies":[{"name":"wp","href":"https:\/\/api.w.org\/{rel}","templated":true}]}}