{"id":271194,"date":"2025-07-02T08:00:00","date_gmt":"2025-07-02T06:00:00","guid":{"rendered":"https:\/\/www.tucomarca.com\/wordpress\/segunda\/?p=271194"},"modified":"2025-07-02T09:27:34","modified_gmt":"2025-07-02T07:27:34","slug":"estabilitzat-un-incendi-forestal-a-titaigues-despres-duna-amplia-intervencio-de-mitjans-terrestres-i-aeris","status":"publish","type":"post","link":"https:\/\/tucomarca.whitekongsoftware.com\/ca\/estabilitzat-un-incendi-forestal-a-titaigues-despres-duna-amplia-intervencio-de-mitjans-terrestres-i-aeris\/","title":{"rendered":"Estabilitzat un incendi forestal a Titaig\u00fces despr\u00e9s d&#8217;una \u00e0mplia intervenci\u00f3 de mitjans terrestres i aeris"},"content":{"rendered":"\n<p class=\"wp-block-paragraph\">El Consorci Provincial de Bombers de Val\u00e8ncia ha intervingut aquest dissabte, a les 13.46 hores, en un incendi forestal declarat en una zona de dif\u00edcil acc\u00e9s en el terme municipal de Titaig\u00fces, prop del cam\u00ed Ta\u00f1adilla i en els voltants de terrenys de cultiu.<\/p>\n\n\n\n<p class=\"wp-block-paragraph\">El foc, que afectava una zona embarrancada, ha mobilitzat un ampli dispositiu de mitjans terrestres i aeris, compost per tres dotacions de bombers, tres brigades BRIFO, un sergent, un t\u00e8cnic forestal i un coordinador forestal del Consorci, a m\u00e9s de tres unitats de bombers forestals i tres mitjans aeris de la Generalitat Valenciana.<\/p>\n\n\n\n<p class=\"wp-block-paragraph\">Una de les prioritats durant les labors d&#8217;extinci\u00f3 ha sigut la protecci\u00f3 d&#8217;una granja de vaques pr\u00f2xima, que no ha resultat afectada gr\u00e0cies a la r\u00e0pida actuaci\u00f3 dels efectius.<\/p>\n\n\n\n<p class=\"wp-block-paragraph\">Segons han confirmat fonts del Consorci, l&#8217;incendi es troba ja estabilitzat, encara que els treballs de refresc i vigil\u00e0ncia continuen en la zona per a evitar possibles rebrots a causa de les condicions del terreny.<\/p>\n","protected":false},"excerpt":{"rendered":"<div class=\"mh-excerpt\">El Consorci Provincial de Bombers de Val\u00e8ncia ha intervingut aquest dissabte, a les 13.46 hores, en un incendi forestal declarat en una zona de dif\u00edcil acc\u00e9s en el terme municipal de Titaig\u00fces, prop del cam\u00ed <a class=\"mh-excerpt-more\" href=\"https:\/\/tucomarca.whitekongsoftware.com\/ca\/estabilitzat-un-incendi-forestal-a-titaigues-despres-duna-amplia-intervencio-de-mitjans-terrestres-i-aeris\/\" title=\"Estabilitzat un incendi forestal a Titaig\u00fces despr\u00e9s d&#8217;una \u00e0mplia intervenci\u00f3 de mitjans terrestres i aeris\">[+] <\/a><\/div>\n","protected":false},"author":1,"featured_media":208495,"comment_status":"open","ping_status":"open","sticky":false,"template":"","format":"standard","meta":{"footnotes":""},"categories":[11046,10898,10948,10894,10903,10896,10897,11027],"tags":[12834,11080,12925],"class_list":["post-271194","post","type-post","status-publish","format-standard","has-post-thumbnail","category-los-serranos-ca","category-ventana-ca","category-infraestructuras-ca","category-la-comarca-ca","category-medio-ambiente-la-comarca-ca","category-seccion-ca","category-sucesos-la-comarca-ca","category-titaguas-ca","tag-consorcio-provincial-de-bomberos-de-valencia-ca","tag-los-serranos-ca","tag-titaguas-ca"],"_links":{"self":[{"href":"https:\/\/tucomarca.whitekongsoftware.com\/ca\/wp-json\/wp\/v2\/posts\/271194","targetHints":{"allow":["GET"]}}],"collection":[{"href":"https:\/\/tucomarca.whitekongsoftware.com\/ca\/wp-json\/wp\/v2\/posts"}],"about":[{"href":"https:\/\/tucomarca.whitekongsoftware.com\/ca\/wp-json\/wp\/v2\/types\/post"}],"author":[{"embeddable":true,"href":"https:\/\/tucomarca.whitekongsoftware.com\/ca\/wp-json\/wp\/v2\/users\/1"}],"replies":[{"embeddable":true,"href":"https:\/\/tucomarca.whitekongsoftware.com\/ca\/wp-json\/wp\/v2\/comments?post=271194"}],"version-history":[{"count":0,"href":"https:\/\/tucomarca.whitekongsoftware.com\/ca\/wp-json\/wp\/v2\/posts\/271194\/revisions"}],"wp:featuredmedia":[{"embeddable":true,"href":"https:\/\/tucomarca.whitekongsoftware.com\/ca\/wp-json\/wp\/v2\/media\/208495"}],"wp:attachment":[{"href":"https:\/\/tucomarca.whitekongsoftware.com\/ca\/wp-json\/wp\/v2\/media?parent=271194"}],"wp:term":[{"taxonomy":"category","embeddable":true,"href":"https:\/\/tucomarca.whitekongsoftware.com\/ca\/wp-json\/wp\/v2\/categories?post=271194"},{"taxonomy":"post_tag","embeddable":true,"href":"https:\/\/tucomarca.whitekongsoftware.com\/ca\/wp-json\/wp\/v2\/tags?post=271194"}],"curies":[{"name":"wp","href":"https:\/\/api.w.org\/{rel}","templated":true}]}}