{"id":271086,"date":"2025-07-01T12:00:00","date_gmt":"2025-07-01T10:00:00","guid":{"rendered":"https:\/\/www.tucomarca.com\/wordpress\/segunda\/?p=271086"},"modified":"2025-07-01T13:42:54","modified_gmt":"2025-07-01T11:42:54","slug":"detingut-un-professor-per-ciberassetjament-i-provocacio-sexual-de-menors-despres-duna-denuncia-a-la-serrania","status":"publish","type":"post","link":"https:\/\/tucomarca.whitekongsoftware.com\/ca\/detingut-un-professor-per-ciberassetjament-i-provocacio-sexual-de-menors-despres-duna-denuncia-a-la-serrania\/","title":{"rendered":"Detingut un professor per ciberassetjament i provocaci\u00f3 sexual de menors despr\u00e9s d&#8217;una den\u00fancia a la Serran\u00eda"},"content":{"rendered":"\n<h3 class=\"wp-block-heading\">L&#8217;operaci\u00f3 va comen\u00e7ar despr\u00e9s d&#8217;interposici\u00f3 de la den\u00fancia dels pares d&#8217;una menor resident en una localitat de la comarca dels Serrans (Val\u00e8ncia).<\/h3>\n\n\n\n<h3 class=\"wp-block-heading\">El detingut \u00e9s professor en la localitat de Logronyo (La Rioja) i t\u00e9 contacte amb alumnat d&#8217;entre 3 i 11 anys d&#8217;edat.<\/h3>\n\n\n\n<p class=\"wp-block-paragraph\">La Gu\u00e0rdia Civil ha detingut a l&#8217;autor dels delictes de ciberassetjament i provocaci\u00f3 sexual de menors despr\u00e9s de fer-se passar per un menor d&#8217;edat per a, mitjan\u00e7ant engany, exigir fotografies i v\u00eddeos de car\u00e0cter sexual a una menor de 10 anys.&nbsp;<\/p>\n\n\n\n<p class=\"wp-block-paragraph\">En el marc de l&#8217;operaci\u00f3 \u2018Teatres\u2019, des de gener de 2025, es ve investigant una den\u00fancia per delictes contra la llibertat i indemnitat sexual a menor de 10 anys d&#8217;edat, on un home major d&#8217;edat contacta a trav\u00e9s d&#8217;aplicacions de telefonia amb la menor i, mitjan\u00e7ant engany, li exigeix fotografies i v\u00eddeos de car\u00e0cter sexual.<\/p>\n\n\n\n<p class=\"wp-block-paragraph\">Es tractava d&#8217;un home que va contactar amb la menor de 10 anys a trav\u00e9s d&#8217;una aplicaci\u00f3 fent-se passar per un xiquet de la seua edat. Una vegada guanyada la seua confian\u00e7a, va continuar comunicant-se amb la menor a trav\u00e9s d&#8217;una altra coneguda aplicaci\u00f3 de missatgeria per on van comen\u00e7ar a enviar-se fotografies i v\u00eddeos. A poc a poc va anar introduint imatges i v\u00eddeos de car\u00e0cter sexual, fins a fotografiar-se ell mateix les seues parts \u00edntimes i demanar a la menor que es fotografiara i li enviara imatges de les seues.<\/p>\n\n\n\n<p class=\"wp-block-paragraph\">Quan els pares van ser coneixedors d&#8217;aquesta situaci\u00f3, van interposar den\u00fancia aportant dades extretes del dispositiu m\u00f2bil que usava la menor.<\/p>\n\n\n\n<p class=\"wp-block-paragraph\">Analitzada la informaci\u00f3 i evid\u00e8ncies aportades en la den\u00fancia dels pares, components de l&#8217;Equip Territorial de Policia Judicial de la Gu\u00e0rdia Civil de Lliria (Val\u00e8ncia), van procedir a analitzar el terminal usat per la menor, obtenint evid\u00e8ncies suficients per a verificar l&#8217;exist\u00e8ncia d&#8217;un delicte de ciberassetjament i un altre de provocaci\u00f3 sexual a menor d&#8217;edat, tenint const\u00e0ncia que l&#8217;autor del fet poguera residir en la localitat de Logronyo (La Rioja).<\/p>\n\n\n\n<p class=\"wp-block-paragraph\">Es va realitzar una \u00e0rdua labor operativa amb el suport de components de l&#8217;Equip Territorial de Policia Judicial de la Gu\u00e0rdia Civil de Logronyo (La Rioja), els qui van localitzar al presumpte autor en un domicili de la localitat, sent aquest un home de 52 anys d&#8217;edat que portava una vida normalitzada en companyia de la seua dona i els seus dos fills. Treballava en un centre d&#8217;ensenyament de La Rioja com a pedagog on tenia contacte amb menors de poca edat.<\/p>\n\n\n\n<p class=\"wp-block-paragraph\">Amb la informaci\u00f3 obtinguda, es va autoritzar l&#8217;entrada i registre del domicili de l&#8217;investigat, on, a m\u00e9s de detindre al presumpte autor dels delictes investigats, es van obtindre indicis que el relacionaven directament com a autor dels fets, intervenint-se abundant material inform\u00e0tic que contenen nombrosos arxius relacionats amb els fets investigats.<\/p>\n\n\n\n<p class=\"wp-block-paragraph\">S&#8217;est\u00e0 a l&#8217;espera de l&#8217;an\u00e0lisi de la informaci\u00f3 continguda en els aparells inform\u00e0tics i telef\u00f2nics. Cal destacar que el detingut es dedica a la doc\u00e8ncia, tenint contacte di\u00e0riament amb alumnes d&#8217;edats compreses entre els 3 i els 11 anys d&#8217;edat i que, a m\u00e9s, treballa per compte propi com a animador de can\u00e7ons infantils i conta contes a menors d&#8217;edat.&nbsp;<\/p>\n\n\n\n<p class=\"wp-block-paragraph\">El detingut \u00e9s un home de 52 anys i nacionalitat espanyola a qui se li atribueixen els seg\u00fcents delictes: ciberassetjament i provocaci\u00f3 sexual a menor d&#8217;edat.&nbsp;<\/p>\n\n\n\n<p class=\"wp-block-paragraph\">Les dilig\u00e8ncies van ser entregades en el Jutjat de Primera Inst\u00e0ncia i Instrucci\u00f3 n\u00famero 8 de Ll\u00edria.<\/p>\n","protected":false},"excerpt":{"rendered":"<div class=\"mh-excerpt\">L&#8217;operaci\u00f3 va comen\u00e7ar despr\u00e9s d&#8217;interposici\u00f3 de la den\u00fancia dels pares d&#8217;una menor resident en una localitat de la comarca dels Serrans (Val\u00e8ncia). El detingut \u00e9s professor en la localitat de Logronyo (La Rioja) i t\u00e9 <a class=\"mh-excerpt-more\" href=\"https:\/\/tucomarca.whitekongsoftware.com\/ca\/detingut-un-professor-per-ciberassetjament-i-provocacio-sexual-de-menors-despres-duna-denuncia-a-la-serrania\/\" title=\"Detingut un professor per ciberassetjament i provocaci\u00f3 sexual de menors despr\u00e9s d&#8217;una den\u00fancia a la Serran\u00eda\">[+] <\/a><\/div>\n","protected":false},"author":12,"featured_media":271084,"comment_status":"open","ping_status":"open","sticky":false,"template":"","format":"standard","meta":{"footnotes":""},"categories":[11046,10898,10894,10904,10896,10897],"tags":[11080,10901],"class_list":["post-271086","post","type-post","status-publish","format-standard","has-post-thumbnail","category-los-serranos-ca","category-ventana-ca","category-la-comarca-ca","category-sin-categorizar-ca","category-seccion-ca","category-sucesos-la-comarca-ca","tag-los-serranos-ca","tag-sucesos-ca"],"_links":{"self":[{"href":"https:\/\/tucomarca.whitekongsoftware.com\/ca\/wp-json\/wp\/v2\/posts\/271086","targetHints":{"allow":["GET"]}}],"collection":[{"href":"https:\/\/tucomarca.whitekongsoftware.com\/ca\/wp-json\/wp\/v2\/posts"}],"about":[{"href":"https:\/\/tucomarca.whitekongsoftware.com\/ca\/wp-json\/wp\/v2\/types\/post"}],"author":[{"embeddable":true,"href":"https:\/\/tucomarca.whitekongsoftware.com\/ca\/wp-json\/wp\/v2\/users\/12"}],"replies":[{"embeddable":true,"href":"https:\/\/tucomarca.whitekongsoftware.com\/ca\/wp-json\/wp\/v2\/comments?post=271086"}],"version-history":[{"count":0,"href":"https:\/\/tucomarca.whitekongsoftware.com\/ca\/wp-json\/wp\/v2\/posts\/271086\/revisions"}],"wp:featuredmedia":[{"embeddable":true,"href":"https:\/\/tucomarca.whitekongsoftware.com\/ca\/wp-json\/wp\/v2\/media\/271084"}],"wp:attachment":[{"href":"https:\/\/tucomarca.whitekongsoftware.com\/ca\/wp-json\/wp\/v2\/media?parent=271086"}],"wp:term":[{"taxonomy":"category","embeddable":true,"href":"https:\/\/tucomarca.whitekongsoftware.com\/ca\/wp-json\/wp\/v2\/categories?post=271086"},{"taxonomy":"post_tag","embeddable":true,"href":"https:\/\/tucomarca.whitekongsoftware.com\/ca\/wp-json\/wp\/v2\/tags?post=271086"}],"curies":[{"name":"wp","href":"https:\/\/api.w.org\/{rel}","templated":true}]}}