{"id":270931,"date":"2025-06-30T13:00:00","date_gmt":"2025-06-30T11:00:00","guid":{"rendered":"https:\/\/www.tucomarca.com\/wordpress\/segunda\/?p=270931"},"modified":"2025-06-30T14:57:57","modified_gmt":"2025-06-30T12:57:57","slug":"mazon-el-pla-endavant-contempla-339-mesures-per-a-accelerar-la-reconstruccio-planificar-infraestructures-estrategiques-i-reforcar-la-proteccio-davant-emergencies","status":"publish","type":"post","link":"https:\/\/tucomarca.whitekongsoftware.com\/ca\/mazon-el-pla-endavant-contempla-339-mesures-per-a-accelerar-la-reconstruccio-planificar-infraestructures-estrategiques-i-reforcar-la-proteccio-davant-emergencies\/","title":{"rendered":"Maz\u00f3n: \u201cEl Pla Endavant contempla 339 mesures per a accelerar la reconstrucci\u00f3, planificar infraestructures estrat\u00e8giques i refor\u00e7ar la protecci\u00f3 davant emerg\u00e8ncies\u201d"},"content":{"rendered":"\n<h3 class=\"wp-block-heading\">Assenyala la necessitat de realitzar test d&#8217;estr\u00e9s hidrol\u00f2gics, plans d&#8217;evacuaci\u00f3 vertical en tota mena d&#8217;edificis i equiparar la prevenci\u00f3 d&#8217;incendis amb la d&#8217;inundacions.<\/h3>\n\n\n\n<h3 class=\"wp-block-heading\">Destaca la intervenci\u00f3 integral en el Barranc del Poyo, la incorporaci\u00f3 de tancs de tempesta o parcs anti-inundacions, i insta les entitats competents al desplegament de sistemes d&#8217;alerta primerenca en conques.<\/h3>\n\n\n\n<h3 class=\"wp-block-heading\">Advoca per afavorir la col\u00b7laboraci\u00f3 p\u00fablic-privada per al desenvolupament de s\u00f2l i construcci\u00f3 d&#8217;habitatges i planteja la creaci\u00f3 d&#8217;una Ag\u00e8ncia Estatal de l&#8217;Aigua amb seu en la Comunitat Valenciana.<\/h3>\n\n\n\n<h3 class=\"wp-block-heading\">Aposta per la formaci\u00f3 d&#8217;una Comissi\u00f3 Parlament\u00e0ria en Les Corts per al seguiment i control del Pla.<\/h3>\n\n\n\n<h3 class=\"wp-block-heading\">Proposa la creaci\u00f3 d&#8217;una empresa p\u00fablica mixta, participada per la Generalitat i per l&#8217;Estat, per a impulsar l&#8217;execuci\u00f3 de les infraestructures hidr\u00e0uliques necess\u00e0ries\u00a0.<\/h3>\n\n\n\n<h3 class=\"wp-block-heading\">Ressalta que en huit mesos la Generalitat ha mobilitzat m\u00e9s de 2.400 milions d&#8217;euros en ajudes directes, per a executar infraestructures b\u00e0siques o recolzar a pimes i aut\u00f2noms, entre altres.<\/h3>\n\n\n\n<figure class=\"wp-block-gallery has-nested-images columns-default is-cropped wp-block-gallery-1 is-layout-flex wp-block-gallery-is-layout-flex\">\n<figure class=\"wp-block-image size-large\"><img loading=\"lazy\" decoding=\"async\" width=\"1024\" height=\"683\" data-id=\"270928\" src=\"https:\/\/www.tucomarca.com\/wordpress\/segunda\/wp-content\/uploads\/2025\/06\/PlaEndavantDANA3b-1024x683.jpeg\" alt=\"\" class=\"wp-image-270928\" srcset=\"https:\/\/tucomarca.whitekongsoftware.com\/wp-content\/uploads\/2025\/06\/PlaEndavantDANA3b-1024x683.jpeg 1024w, https:\/\/tucomarca.whitekongsoftware.com\/wp-content\/uploads\/2025\/06\/PlaEndavantDANA3b-300x200.jpeg 300w, https:\/\/tucomarca.whitekongsoftware.com\/wp-content\/uploads\/2025\/06\/PlaEndavantDANA3b-768x512.jpeg 768w, https:\/\/tucomarca.whitekongsoftware.com\/wp-content\/uploads\/2025\/06\/PlaEndavantDANA3b-1536x1024.jpeg 1536w, https:\/\/tucomarca.whitekongsoftware.com\/wp-content\/uploads\/2025\/06\/PlaEndavantDANA3b-2048x1365.jpeg 2048w\" sizes=\"auto, (max-width: 1024px) 100vw, 1024px\" \/><\/figure>\n<\/figure>\n\n\n\n<p class=\"wp-block-paragraph\">El president de la Generalitat, Carlos Maz\u00f3n, ha destacat que el Pla Endavant compta amb 339 mesures i 12 objectius estructurals amb l&#8217;objectiu de \u201caccelerar la reconstrucci\u00f3, planificar infraestructures estrat\u00e8giques i refor\u00e7ar al nostre territori davant emerg\u00e8ncies\u201d.\u00a0<\/p>\n\n\n\n<p class=\"wp-block-paragraph\">Aix\u00ed ho ha assenyalat en la presentaci\u00f3 d&#8217;aquesta iniciativa que est\u00e0 dissenyada en quatre accions principals en les \u00e0rees d&#8217;infraestructures, prevenci\u00f3, protecci\u00f3 i gesti\u00f3 de les emerg\u00e8ncies per a transformar la Comunitat Valenciana amb la finalitat que \u201cestiga m\u00e9s preparada davant possibles cat\u00e0strofes naturals\u201d.<\/p>\n\n\n\n<p class=\"wp-block-paragraph\">Durant la seua intervenci\u00f3, Maz\u00f3n ha avan\u00e7at una s\u00e8rie de propostes com la creaci\u00f3 d&#8217;una empresa p\u00fablica mixta, participada per la Generalitat i l&#8217;Estat, \u201cper a impulsar l&#8217;execuci\u00f3 d&#8217;aquelles infraestructures hidr\u00e0uliques necess\u00e0ries per a la recuperaci\u00f3 de la nostra terra\u201d.&nbsp;<\/p>\n\n\n\n<p class=\"wp-block-paragraph\">En aquesta l\u00ednia, plantejar\u00e0 al Govern d&#8217;Espanya la creaci\u00f3 d&#8217;una Ag\u00e8ncia Estatal de l&#8217;Aigua amb seu en la Comunitat Valenciana.&nbsp;<\/p>\n\n\n\n<p class=\"wp-block-paragraph\">Aix\u00ed mateix, ha advocat per afavorir la col\u00b7laboraci\u00f3 p\u00fablic-privada per al desenvolupament de s\u00f2l i construcci\u00f3 d&#8217;habitatges, mitjan\u00e7ant la constituci\u00f3 d&#8217;empreses mixtes participades per l&#8217;Entitat Valenciana d&#8217;Habitatge i S\u00f2l (EVHA) i el sector privat.<\/p>\n\n\n\n<p class=\"wp-block-paragraph\">Igualment, el cap del Consell tamb\u00e9 ha apostat per la formaci\u00f3 d&#8217;una Comissi\u00f3 Parlament\u00e0ria en Les Corts per al seguiment i control del Pla Endavant.<\/p>\n\n\n\n<figure class=\"wp-block-gallery has-nested-images columns-default is-cropped wp-block-gallery-2 is-layout-flex wp-block-gallery-is-layout-flex\">\n<figure class=\"wp-block-image size-large\"><img loading=\"lazy\" decoding=\"async\" width=\"1024\" height=\"683\" data-id=\"270925\" src=\"https:\/\/www.tucomarca.com\/wordpress\/segunda\/wp-content\/uploads\/2025\/06\/PlaEndavantDANA2b-1024x683.jpeg\" alt=\"\" class=\"wp-image-270925\" srcset=\"https:\/\/tucomarca.whitekongsoftware.com\/wp-content\/uploads\/2025\/06\/PlaEndavantDANA2b-1024x683.jpeg 1024w, https:\/\/tucomarca.whitekongsoftware.com\/wp-content\/uploads\/2025\/06\/PlaEndavantDANA2b-300x200.jpeg 300w, https:\/\/tucomarca.whitekongsoftware.com\/wp-content\/uploads\/2025\/06\/PlaEndavantDANA2b-768x512.jpeg 768w, https:\/\/tucomarca.whitekongsoftware.com\/wp-content\/uploads\/2025\/06\/PlaEndavantDANA2b-1536x1024.jpeg 1536w, https:\/\/tucomarca.whitekongsoftware.com\/wp-content\/uploads\/2025\/06\/PlaEndavantDANA2b-2048x1365.jpeg 2048w\" sizes=\"auto, (max-width: 1024px) 100vw, 1024px\" \/><\/figure>\n<\/figure>\n\n\n\n<p class=\"wp-block-paragraph\"><strong>Quatre pilars revolucionaris<\/strong><\/p>\n\n\n\n<p class=\"wp-block-paragraph\">El cap del Consell ha explicat que el Plant Endavant est\u00e0 centrat en quatre pilars que \u201csuposen una revoluci\u00f3 en cadascun dels seus \u00e0mbits perqu\u00e8 corregeix, innova, va m\u00e9s enll\u00e0 d&#8217;un canvi d&#8217;estructura i pretenen transformar la cultura de la prevenci\u00f3, la gesti\u00f3 del risc i les emerg\u00e8ncies\u201d.<\/p>\n\n\n\n<p class=\"wp-block-paragraph\">Aix\u00ed, en l&#8217;\u00e0rea de les infraestructures proposa una intervenci\u00f3 integral en el Barranc del Pedr\u00eds i sol\u00b7licita que es \u201cjerarquitzen i identifiquen els trams m\u00e9s perillosos que necessiten d&#8217;una neteja priorit\u00e0ria en funci\u00f3 del volum acumulat de restes vegetals, la proximitat a nuclis urbans o infraestructures sensibles i la capacitat de desgu\u00e0s\u201d.&nbsp;<\/p>\n\n\n\n<p class=\"wp-block-paragraph\">Aix\u00ed mateix, ha plantejat la incorporaci\u00f3 de tancs de tempesta o parcs anti-inundacions \u201cper a gestionar grans volums d&#8217;aigua de pluja, reduint la sobrec\u00e0rrega en els sistemes de clavegueram i les EDARs\u201d.<\/p>\n\n\n\n<p class=\"wp-block-paragraph\">A m\u00e9s, ha formulat la realitzaci\u00f3, en col\u00b7laboraci\u00f3 amb el Govern central, d&#8217;un estudi integral per a analitzar els motius pels quals carreteres i ponts no van suportar els efectes de la riuada amb l&#8217;objectiu d&#8217;adaptar els m\u00e8todes de construcci\u00f3 a aquesta mena de fen\u00f2mens.<\/p>\n\n\n\n<p class=\"wp-block-paragraph\">En mat\u00e8ria de prevenci\u00f3, el president ha instat les ag\u00e8ncies competents a l&#8217;actualitzaci\u00f3 completa d&#8217;infraestructures de monitoratge i el desplegament de sistemes d&#8217;alerta primerenca que \u201catenga les caracter\u00edstiques hidrol\u00f2giques, geogr\u00e0fiques o socioecon\u00f2miques de cada conca i barranc\u201d.<\/p>\n\n\n\n<p class=\"wp-block-paragraph\">En aquest sentit, ha proposat la realitzaci\u00f3 d&#8217;un test d&#8217;estr\u00e9s hidrol\u00f2gic i hidr\u00e0ulic per a cada conca o subcuenca, amb l&#8217;objectiu d&#8217;identificar zones de risc elevat, avaluar la seua capacitat per a suportar esdeveniments clim\u00e0tics extrems i definir un programa de mesures a escometre per a reduir el risc a persones i b\u00e9ns.<\/p>\n\n\n\n<p class=\"wp-block-paragraph\">Igualment, ha demandat una guia individualitzada de cada barranc, aix\u00ed com establir de manera expressa els llindars de cabal a partir de quin nivell de pluja en cada barranc pot convertir-se en una situaci\u00f3 de risc per a les poblacions.&nbsp;<\/p>\n\n\n\n<p class=\"wp-block-paragraph\">En l&#8217;\u00e0rea de protecci\u00f3, ha plantejat la modificaci\u00f3 de la normativa de seguretat en edificis per a fer obligat\u00f2ria la instal\u00b7laci\u00f3 d&#8217;una bomba de buidatge autom\u00e0tica i l&#8217;elaboraci\u00f3 de protocols amb rutes evacuaci\u00f3 vertical per a tots els edificis p\u00fablics o privats, establint rutes d&#8217;eixida davant inundacions a trav\u00e9s d&#8217;escales internes o externes d&#8217;emerg\u00e8ncia que connecten amb cobertes o plantes segures.<\/p>\n\n\n\n<p class=\"wp-block-paragraph\">Aix\u00ed mateix, ha incidit en la formaci\u00f3 als escolars en din\u00e0miques d&#8217;evacuaci\u00f3, amb simulacres i protocols espec\u00edfics sobre com actuar en casos de riuades, de manera que \u201cs&#8217;equipare la prevenci\u00f3 d&#8217;incendis amb la d&#8217;inundacions\u201d, ha assenyalat Maz\u00f3n.<\/p>\n\n\n\n<p class=\"wp-block-paragraph\"><strong>Gesti\u00f3 d&#8217;emerg\u00e8ncies<\/strong><\/p>\n\n\n\n<p class=\"wp-block-paragraph\">D&#8217;altra banda, el cap del Consell ha remarcat que \u201cuna gesti\u00f3 efica\u00e7 de les emerg\u00e8ncies \u00e9s impossible sense bona informaci\u00f3\u201d, per la qual cosa ha proposat \u201cun canvi en la normativa local, auton\u00f2mica i nacional perqu\u00e8 totes les ag\u00e8ncies que aporten informaci\u00f3 pr\u00f2pia no sols siguen responsables de traslladar les dades de la seua pr\u00f2pia ag\u00e8ncia o entitat, sin\u00f3 tamb\u00e9 d&#8217;interpretar per a la resta dels organismes quina projecci\u00f3 d&#8217;impacte tenen les seues dades en brut\u201d.&nbsp;<\/p>\n\n\n\n<p class=\"wp-block-paragraph\">En aquest sentit, ha denunciat que \u201cno pot ser suficient amb aportar un n\u00famero de volum de cabal en abstracte, sin\u00f3 tamb\u00e9 si eixe nivell implica risc o no per a la vida o la perspectiva \u00e9s de millora o empitjorament de la situaci\u00f3\u201d.<\/p>\n\n\n\n<p class=\"wp-block-paragraph\">Tamb\u00e9 planteja que els Ajuntaments reporten a Emerg\u00e8ncies el nivell del barranc al pas pel seu municipi cada 60 minuts cada vegada que hi haja alerta taronja o superior.<\/p>\n\n\n\n<p class=\"wp-block-paragraph\"><strong>Resposta a la primea fase d&#8217;urg\u00e8ncia i avan\u00e7 de la reconstrucci\u00f3<\/strong><\/p>\n\n\n\n<p class=\"wp-block-paragraph\">El cap del Consell ha destacat la labor de la Generalitat en els primer ochos mesos despr\u00e9s de les riuades amb la prioritat \u201cen l&#8217;urgent i avan\u00e7ar en la recuperaci\u00f3 de les poblacions afectades\u201d. Per a aix\u00f2, s&#8217;ha dotat d&#8217;ajudes directes a ve\u00efns i empreses perqu\u00e8 disposen de la liquiditat necess\u00e0ria per a fer front a les p\u00e8rdues materials m\u00e9s urgents.<\/p>\n\n\n\n<p class=\"wp-block-paragraph\">Aix\u00ed mateix, ha ressaltat que en aquests 240 dies s&#8217;ha reconstru\u00eft en temps r\u00e8cord les infraestructures b\u00e0siques com el servei de Metrovalencia o les 18 carreteres auton\u00f2miques amb l&#8217;objectiu de garantir el restabliment de la mobilitat, aix\u00ed com d&#8217;oferir els recursos necessaris per a la protecci\u00f3 de la salut mental de tots els afectats.&nbsp;<\/p>\n\n\n\n<p class=\"wp-block-paragraph\">Aix\u00ed, ha posat en valor que la Generalitat ha mobilitzat, comprom\u00e9s o gestionat partides per valor de 2.400 milions d&#8217;euros, dels quals m\u00e9s de 1.466 milions s&#8217;han destinat a ajudes directes a persones i empreses afectades i 945 milions d&#8217;euros corresponen a contractes per a la reconstrucci\u00f3.<\/p>\n\n\n\n<p class=\"wp-block-paragraph\">En aquest sentit, s&#8217;ha referit als diferents treballs realitzats com la neteja de 900 garatges i de 56 centres educatius, la retirada de quasi un mili\u00f3 de tones de residus i el seu corresponent tractament, m\u00e9s de 9.300 palets d&#8217;ajuda humanit\u00e0ria, la distribuci\u00f3 de 180.000 unitats d&#8217;avituallament sol en la primera setmana, les 330.824 hores de treball de personal administratiu, persones encarregades, oficials i d&#8217;altres perfils t\u00e8cnics, que se sumen a les 180.353 hores de treball de maquin\u00e0ria per a la reconstrucci\u00f3.<\/p>\n\n\n\n<p class=\"wp-block-paragraph\">Igualment, s&#8217;ha referit a l&#8217;\u00e0rea de 562 quil\u00f2metres quadrats on viuen 845.000 ciutadans, 50.000 empreses perjudicades, m\u00e9s de 275.000 treballadors afectats i altres 33.000 en ERTO, a m\u00e9s de 34.000 aut\u00f2noms. Aix\u00ed mateix, s&#8217;han reparat 650 quil\u00f2metres de carreteres de la Generalitat i Diputaci\u00f3 per a un total de 850 quil\u00f2metres, i 566 km de vies de ferrocarril i metre, incl\u00f2s el lloc de comandament de Metrovalencia.&nbsp;<\/p>\n\n\n\n<p class=\"wp-block-paragraph\">A m\u00e9s, han perm\u00e9s la reconstrucci\u00f3 total o parcial de m\u00e9s de 100 centres educatius, 61 centres de salut i tres hospitals, 421 farm\u00e0cies amb danys, i 126 resid\u00e8ncies per a majors i centres socials afectades, 55.000 hect\u00e0rees de cultiu i 50.000 parcel\u00b7les destru\u00efdes, 122 depuradores i col\u00b7lectors amb danys i incid\u00e8ncies considerables, m\u00e9s de 100.000 vehicles afectats o destru\u00efts.<br>\u00a0<\/p>\n\n\n\n<figure class=\"wp-block-gallery has-nested-images columns-default is-cropped wp-block-gallery-3 is-layout-flex wp-block-gallery-is-layout-flex\">\n<figure class=\"wp-block-image size-large\"><img loading=\"lazy\" decoding=\"async\" width=\"1024\" height=\"683\" data-id=\"270923\" src=\"https:\/\/www.tucomarca.com\/wordpress\/segunda\/wp-content\/uploads\/2025\/06\/PlaEndavantDANA-1024x683.jpeg\" alt=\"\" class=\"wp-image-270923\" srcset=\"https:\/\/tucomarca.whitekongsoftware.com\/wp-content\/uploads\/2025\/06\/PlaEndavantDANA-1024x683.jpeg 1024w, https:\/\/tucomarca.whitekongsoftware.com\/wp-content\/uploads\/2025\/06\/PlaEndavantDANA-300x200.jpeg 300w, https:\/\/tucomarca.whitekongsoftware.com\/wp-content\/uploads\/2025\/06\/PlaEndavantDANA-768x512.jpeg 768w, https:\/\/tucomarca.whitekongsoftware.com\/wp-content\/uploads\/2025\/06\/PlaEndavantDANA-1536x1024.jpeg 1536w, https:\/\/tucomarca.whitekongsoftware.com\/wp-content\/uploads\/2025\/06\/PlaEndavantDANA-2048x1365.jpeg 2048w\" sizes=\"auto, (max-width: 1024px) 100vw, 1024px\" \/><\/figure>\n<\/figure>\n","protected":false},"excerpt":{"rendered":"<div class=\"mh-excerpt\">Assenyala la necessitat de realitzar test d&#8217;estr\u00e9s hidrol\u00f2gics, plans d&#8217;evacuaci\u00f3 vertical en tota mena d&#8217;edificis i equiparar la prevenci\u00f3 d&#8217;incendis amb la d&#8217;inundacions. Destaca la intervenci\u00f3 integral en el Barranc del Poyo, la incorporaci\u00f3 de <a class=\"mh-excerpt-more\" href=\"https:\/\/tucomarca.whitekongsoftware.com\/ca\/mazon-el-pla-endavant-contempla-339-mesures-per-a-accelerar-la-reconstruccio-planificar-infraestructures-estrategiques-i-reforcar-la-proteccio-davant-emergencies\/\" title=\"Maz\u00f3n: \u201cEl Pla Endavant contempla 339 mesures per a accelerar la reconstrucci\u00f3, planificar infraestructures estrat\u00e8giques i refor\u00e7ar la protecci\u00f3 davant emerg\u00e8ncies\u201d\">[+] <\/a><\/div>\n","protected":false},"author":1,"featured_media":270926,"comment_status":"open","ping_status":"open","sticky":false,"template":"","format":"standard","meta":{"footnotes":""},"categories":[10892,21466,10898,10948,10894,10904,10912,10902,10903,10947,10906,10896,10897,10974,10975],"tags":[18807,15409,11498,22749],"class_list":["post-270931","post","type-post","status-publish","format-standard","has-post-thumbnail","category-camp-de-turia-ca","category-dana-ca","category-ventana-ca","category-infraestructuras-ca","category-la-comarca-ca","category-sin-categorizar-ca","category-la-hoya-ca","category-la-ribera-ca","category-medio-ambiente-la-comarca-ca","category-politica","category-riba-roja-ca","category-seccion-ca","category-sucesos-la-comarca-ca","category-cheste-ca","category-chiva-ca","tag-carlos-mazon-ca","tag-dana-2-ca","tag-generalitat-valenciana-ca","tag-pla-endavant-ca"],"_links":{"self":[{"href":"https:\/\/tucomarca.whitekongsoftware.com\/ca\/wp-json\/wp\/v2\/posts\/270931","targetHints":{"allow":["GET"]}}],"collection":[{"href":"https:\/\/tucomarca.whitekongsoftware.com\/ca\/wp-json\/wp\/v2\/posts"}],"about":[{"href":"https:\/\/tucomarca.whitekongsoftware.com\/ca\/wp-json\/wp\/v2\/types\/post"}],"author":[{"embeddable":true,"href":"https:\/\/tucomarca.whitekongsoftware.com\/ca\/wp-json\/wp\/v2\/users\/1"}],"replies":[{"embeddable":true,"href":"https:\/\/tucomarca.whitekongsoftware.com\/ca\/wp-json\/wp\/v2\/comments?post=270931"}],"version-history":[{"count":0,"href":"https:\/\/tucomarca.whitekongsoftware.com\/ca\/wp-json\/wp\/v2\/posts\/270931\/revisions"}],"wp:featuredmedia":[{"embeddable":true,"href":"https:\/\/tucomarca.whitekongsoftware.com\/ca\/wp-json\/wp\/v2\/media\/270926"}],"wp:attachment":[{"href":"https:\/\/tucomarca.whitekongsoftware.com\/ca\/wp-json\/wp\/v2\/media?parent=270931"}],"wp:term":[{"taxonomy":"category","embeddable":true,"href":"https:\/\/tucomarca.whitekongsoftware.com\/ca\/wp-json\/wp\/v2\/categories?post=270931"},{"taxonomy":"post_tag","embeddable":true,"href":"https:\/\/tucomarca.whitekongsoftware.com\/ca\/wp-json\/wp\/v2\/tags?post=270931"}],"curies":[{"name":"wp","href":"https:\/\/api.w.org\/{rel}","templated":true}]}}