{"id":270768,"date":"2025-06-27T09:20:00","date_gmt":"2025-06-27T07:20:00","guid":{"rendered":"https:\/\/www.tucomarca.com\/wordpress\/segunda\/?p=270768"},"modified":"2025-06-27T16:07:11","modified_gmt":"2025-06-27T14:07:11","slug":"la-mancomunitat-foia-de-bunyol-xiva-reforca-el-seu-compromis-amb-la-insercio-sociolaboral-dels-beneficiaris-de-la-renda-valenciana-dinclusio","status":"publish","type":"post","link":"https:\/\/tucomarca.whitekongsoftware.com\/ca\/la-mancomunitat-foia-de-bunyol-xiva-reforca-el-seu-compromis-amb-la-insercio-sociolaboral-dels-beneficiaris-de-la-renda-valenciana-dinclusio\/","title":{"rendered":"La Mancomunitat Foia de Bunyol Xiva refor\u00e7a el seu comprom\u00eds amb la inserci\u00f3 sociolaboral dels beneficiaris de la Renda Valenciana d&#8217;Inclusi\u00f3"},"content":{"rendered":"\n<p class=\"wp-block-paragraph\">La Mancomunitat Foia de Bunyol Xiva refor\u00e7a el seu comprom\u00eds amb la inserci\u00f3 sociolaboral dels beneficiaris de la Renda Valenciana d&#8217;Inclusi\u00f3<br>L&#8217;\u00e0rea de Serveis Socials de la Mancomunitat continua avan\u00e7ant en la seua labor d&#8217;acompanyament a les persones benefici\u00e0ries de la\u00a0Renda Valenciana d&#8217;Inclusi\u00f3, amb una aposta decidida per la inserci\u00f3 sociolaboral com a eina clau per a combatre la desigualtat i fomentar la cohesi\u00f3 social.\u00a0<br>Des de l&#8217;\u00e0rea de serveis socials, desenvolupa durant la jornada de hui dijous,\u00a0itineraris personalitzats d&#8217;inserci\u00f3\u00a0que inclouen orientaci\u00f3 laboral, formaci\u00f3 espec\u00edfica, adquisici\u00f3 de compet\u00e8ncies i acc\u00e9s a l&#8217;ocupaci\u00f3, en coordinaci\u00f3 amb LABORA i altres entitats del territori.<br>En aquest proc\u00e9s,\u00a0la Mancomunitat exerceix un paper essencial com a motor d&#8217;impuls i coordinaci\u00f3, assegurant que cada persona compte amb el suport necessari per a transitar des d&#8217;una situaci\u00f3 de vulnerabilitat cap a una participaci\u00f3 activa en la societat. A trav\u00e9s d&#8217;un acompanyament pr\u00f2xim, integral i continuat, es promou no sols la millora de l&#8217;ocupabilitat, sin\u00f3 tamb\u00e9 el desenvolupament personal, l&#8217;autonomia i l&#8217;enfortiment de xarxes comunit\u00e0ries.<br>Per a la mancomunitat Foia de Bunyol Xiva, aquesta estrat\u00e8gia, impulsada per la Generalitat, permet\u00a0avan\u00e7ar en la lluita contra l&#8217;exclusi\u00f3 social i la desigualtat\u00a0<\/p>\n","protected":false},"excerpt":{"rendered":"<div class=\"mh-excerpt\">La Mancomunitat Foia de Bunyol Xiva refor\u00e7a el seu comprom\u00eds amb la inserci\u00f3 sociolaboral dels beneficiaris de la Renda Valenciana d&#8217;Inclusi\u00f3L&#8217;\u00e0rea de Serveis Socials de la Mancomunitat continua avan\u00e7ant en la seua labor d&#8217;acompanyament a <a class=\"mh-excerpt-more\" href=\"https:\/\/tucomarca.whitekongsoftware.com\/ca\/la-mancomunitat-foia-de-bunyol-xiva-reforca-el-seu-compromis-amb-la-insercio-sociolaboral-dels-beneficiaris-de-la-renda-valenciana-dinclusio\/\" title=\"La Mancomunitat Foia de Bunyol Xiva refor\u00e7a el seu comprom\u00eds amb la inserci\u00f3 sociolaboral dels beneficiaris de la Renda Valenciana d&#8217;Inclusi\u00f3\">[+] <\/a><\/div>\n","protected":false},"author":1,"featured_media":225228,"comment_status":"open","ping_status":"open","sticky":false,"template":"","format":"standard","meta":{"footnotes":""},"categories":[10980,10948,10894,10912,10947,10896],"tags":[10914,20664],"class_list":["post-270768","post","type-post","status-publish","format-standard","has-post-thumbnail","category-yatova-ca","category-infraestructuras-ca","category-la-comarca-ca","category-la-hoya-ca","category-politica","category-seccion-ca","tag-la-hoya-de-bunol-chiva-ca","tag-mancomunidad-ca"],"_links":{"self":[{"href":"https:\/\/tucomarca.whitekongsoftware.com\/ca\/wp-json\/wp\/v2\/posts\/270768","targetHints":{"allow":["GET"]}}],"collection":[{"href":"https:\/\/tucomarca.whitekongsoftware.com\/ca\/wp-json\/wp\/v2\/posts"}],"about":[{"href":"https:\/\/tucomarca.whitekongsoftware.com\/ca\/wp-json\/wp\/v2\/types\/post"}],"author":[{"embeddable":true,"href":"https:\/\/tucomarca.whitekongsoftware.com\/ca\/wp-json\/wp\/v2\/users\/1"}],"replies":[{"embeddable":true,"href":"https:\/\/tucomarca.whitekongsoftware.com\/ca\/wp-json\/wp\/v2\/comments?post=270768"}],"version-history":[{"count":0,"href":"https:\/\/tucomarca.whitekongsoftware.com\/ca\/wp-json\/wp\/v2\/posts\/270768\/revisions"}],"wp:featuredmedia":[{"embeddable":true,"href":"https:\/\/tucomarca.whitekongsoftware.com\/ca\/wp-json\/wp\/v2\/media\/225228"}],"wp:attachment":[{"href":"https:\/\/tucomarca.whitekongsoftware.com\/ca\/wp-json\/wp\/v2\/media?parent=270768"}],"wp:term":[{"taxonomy":"category","embeddable":true,"href":"https:\/\/tucomarca.whitekongsoftware.com\/ca\/wp-json\/wp\/v2\/categories?post=270768"},{"taxonomy":"post_tag","embeddable":true,"href":"https:\/\/tucomarca.whitekongsoftware.com\/ca\/wp-json\/wp\/v2\/tags?post=270768"}],"curies":[{"name":"wp","href":"https:\/\/api.w.org\/{rel}","templated":true}]}}