{"id":270745,"date":"2025-06-27T12:55:00","date_gmt":"2025-06-27T10:55:00","guid":{"rendered":"https:\/\/www.tucomarca.com\/wordpress\/segunda\/?p=270745"},"modified":"2025-06-27T15:53:18","modified_gmt":"2025-06-27T13:53:18","slug":"la-diputacio-destina-735-000-euros-perque-els-municipis-de-menys-de-20-000-habitants-elaboren-el-seu-pla-dagenda-urbana","status":"publish","type":"post","link":"https:\/\/tucomarca.whitekongsoftware.com\/ca\/la-diputacio-destina-735-000-euros-perque-els-municipis-de-menys-de-20-000-habitants-elaboren-el-seu-pla-dagenda-urbana\/","title":{"rendered":"La Diputaci\u00f3 destina 735.000 euros perqu\u00e8 els municipis de menys de 20.000 habitants elaboren el seu Pla d&#8217;Agenda Urbana \u00a0"},"content":{"rendered":"\n<h3 class=\"wp-block-heading\">L&#8217;\u00e0rea de Fons Europeus que dirigix el diputat Juan Ram\u00f3n Adsuara publica la convocat\u00f2ria de les subvencions a les quals opten aquelles localitats que no van ser beneficiades en 2024.<\/h3>\n\n\n\n<h3 class=\"wp-block-heading\">Adsuara afirma que \u201cd&#8217;esta manera donem continu\u00eftat a unes ajudes que servixen perqu\u00e8 els nostres pobles puguen tindre un desenrotllament urb\u00e0 sostenible, en l\u00ednia amb els principis establits per la Uni\u00f3 Europea\u201d.<\/h3>\n\n\n\n<p class=\"wp-block-paragraph\">La Diputaci\u00f3 de Val\u00e8ncia ha obert el termini de la convocat\u00f2ria de subvencions perqu\u00e8 els municipis de menys de 20.000 habitants elaboren el seu Pla d&#8217;Acci\u00f3 d&#8217;Agenda Urbana, el document estrat\u00e8gic per a un desenvolupament urb\u00e0 sostenible. En 2025, l&#8217;\u00e0rea de Fons Europeus que dirigix el diputat Juan Ram\u00f3n Adsuara, destina a esta partida un total de 735.000 euros, la qual cosa suposa un increment de m\u00e9s de 15.000 euros respecte a l&#8217;any anterior. El termini perqu\u00e8 els ajuntaments presenten les seues sol\u00b7licituds finalitza el pr\u00f2xim 17 de juliol.<\/p>\n\n\n\n<p class=\"wp-block-paragraph\">En esta ocasi\u00f3, podran acollir-se a estes ajudes tots els municipis de la prov\u00edncia de Val\u00e8ncia, menors de 20.000 habitants, que no hagueren resultat beneficiaris en la convocat\u00f2ria de 2024. \u201cAmb aix\u00f2 pretenem ampliar la zona d&#8217;incid\u00e8ncia a la prov\u00edncia, propiciant que estes ajudes arriben al m\u00e0xim nombre de pobles possible\u201d, explica Juan Ram\u00f3n Adsuara.<\/p>\n\n\n\n<p class=\"wp-block-paragraph\">L&#8217;objectiu d&#8217;estes ajudes \u00e9s fomentar entre els municipis de la prov\u00edncia la planificaci\u00f3 estrat\u00e8gica territorial, per a garantir, en un termini raonablement curt, la seua alineaci\u00f3 amb els objectius, la metodologia de treball i l&#8217;enfocament transversal, estrat\u00e8gic i integrat proposats per proposats per l&#8217;Agenda Urbana Espanyola i els Objectius de Desenvolupament Sostenible. \u201cD&#8217;esta manera donem continu\u00eftat a unes ajudes que servixen perqu\u00e8 els nostres pobles puguen tindre un desenvolupament urb\u00e0 sostenible, en l\u00ednia amb els principis establits per la Uni\u00f3 Europea\u201d, subratlla Adsuara.<\/p>\n\n\n\n<p class=\"wp-block-paragraph\">Quant a la quantia m\u00e0xima que podr\u00e0 rebre cada municipi beneficiat ser\u00e0 de 7.500 euros per a les localitats menors de 5.000 habitants; de 10.000 euros per a les de menys de 10.000 habitants; i de 15.000 euros per als quals tinguen menys de 20.000 habitants.<\/p>\n\n\n\n<p class=\"wp-block-paragraph\">L&#8217;any 2024, es van veure beneficiats un total de 97 municipis de la prov\u00edncia, a m\u00e9s d&#8217;11 mancomunitats (enguany nom\u00e9s opten els municipis perqu\u00e8 l&#8217;any passat es van atendre totes les sol\u00b7licituds presentades per estes).<\/p>\n\n\n\n<p class=\"wp-block-paragraph\"><\/p>\n","protected":false},"excerpt":{"rendered":"<div class=\"mh-excerpt\">L&#8217;\u00e0rea de Fons Europeus que dirigix el diputat Juan Ram\u00f3n Adsuara publica la convocat\u00f2ria de les subvencions a les quals opten aquelles localitats que no van ser beneficiades en 2024. Adsuara afirma que \u201cd&#8217;esta manera <a class=\"mh-excerpt-more\" href=\"https:\/\/tucomarca.whitekongsoftware.com\/ca\/la-diputacio-destina-735-000-euros-perque-els-municipis-de-menys-de-20-000-habitants-elaboren-el-seu-pla-dagenda-urbana\/\" title=\"La Diputaci\u00f3 destina 735.000 euros perqu\u00e8 els municipis de menys de 20.000 habitants elaboren el seu Pla d&#8217;Agenda Urbana \u00a0\">[+] <\/a><\/div>\n","protected":false},"author":12,"featured_media":270744,"comment_status":"open","ping_status":"open","sticky":false,"template":"","format":"standard","meta":{"footnotes":""},"categories":[10898,10948,10894,10904,10947,10896],"tags":[11246,18614,21354,22743,16563],"class_list":["post-270745","post","type-post","status-publish","format-standard","has-post-thumbnail","category-ventana-ca","category-infraestructuras-ca","category-la-comarca-ca","category-sin-categorizar-ca","category-politica","category-seccion-ca","tag-diputacio-de-valencia-ca","tag-fondos-europeos-ca","tag-juan-ramon-adsuara-2-ca","tag-plan-de-agenda-urbana-ca","tag-vicente-mompo-ca"],"_links":{"self":[{"href":"https:\/\/tucomarca.whitekongsoftware.com\/ca\/wp-json\/wp\/v2\/posts\/270745","targetHints":{"allow":["GET"]}}],"collection":[{"href":"https:\/\/tucomarca.whitekongsoftware.com\/ca\/wp-json\/wp\/v2\/posts"}],"about":[{"href":"https:\/\/tucomarca.whitekongsoftware.com\/ca\/wp-json\/wp\/v2\/types\/post"}],"author":[{"embeddable":true,"href":"https:\/\/tucomarca.whitekongsoftware.com\/ca\/wp-json\/wp\/v2\/users\/12"}],"replies":[{"embeddable":true,"href":"https:\/\/tucomarca.whitekongsoftware.com\/ca\/wp-json\/wp\/v2\/comments?post=270745"}],"version-history":[{"count":0,"href":"https:\/\/tucomarca.whitekongsoftware.com\/ca\/wp-json\/wp\/v2\/posts\/270745\/revisions"}],"wp:featuredmedia":[{"embeddable":true,"href":"https:\/\/tucomarca.whitekongsoftware.com\/ca\/wp-json\/wp\/v2\/media\/270744"}],"wp:attachment":[{"href":"https:\/\/tucomarca.whitekongsoftware.com\/ca\/wp-json\/wp\/v2\/media?parent=270745"}],"wp:term":[{"taxonomy":"category","embeddable":true,"href":"https:\/\/tucomarca.whitekongsoftware.com\/ca\/wp-json\/wp\/v2\/categories?post=270745"},{"taxonomy":"post_tag","embeddable":true,"href":"https:\/\/tucomarca.whitekongsoftware.com\/ca\/wp-json\/wp\/v2\/tags?post=270745"}],"curies":[{"name":"wp","href":"https:\/\/api.w.org\/{rel}","templated":true}]}}