{"id":270691,"date":"2025-06-27T11:00:00","date_gmt":"2025-06-27T09:00:00","guid":{"rendered":"https:\/\/www.tucomarca.com\/wordpress\/segunda\/?p=270691"},"modified":"2025-06-27T16:09:57","modified_gmt":"2025-06-27T14:09:57","slug":"els-arts-amb-el-teu-arriba-a-lesglesia-de-las-ventas-de-bunyol-amb-un-concert-liric-gratuit","status":"publish","type":"post","link":"https:\/\/tucomarca.whitekongsoftware.com\/ca\/els-arts-amb-el-teu-arriba-a-lesglesia-de-las-ventas-de-bunyol-amb-un-concert-liric-gratuit\/","title":{"rendered":"&#8220;Els Arts amb el teu&#8221; arriba a l&#8217;Esgl\u00e9sia de Las Ventas de Bunyol amb un concert l\u00edric gratu\u00eft"},"content":{"rendered":"\n<p class=\"wp-block-paragraph\">La parr\u00f2quia de La nostra Senyora dels Dolors, en Ventas de Bunyol, ser\u00e0 l&#8217;escenari dijous que ve, 3 de juliol, d&#8217;una nova cita del cicle Els Arts amb el teu, una iniciativa del Palau de les Arts que acosta l&#8217;\u00f2pera i la m\u00fasica cl\u00e0ssica a tots els p\u00fablics.<\/p>\n\n\n\n<p class=\"wp-block-paragraph\">El concert, d&#8217;entrada gratu\u00efta, comptar\u00e0 amb un selecte programa d&#8217;\u00e0ries i duos de grans compositors com Mozart, Puccini, Donizetti, Strauss o Poulenc, interpretats per les veus de Holly Brown, Antonella Zanetti, Pablo Rub\u00edn Jurat i Bryan Sala, acompanyats al piano per Weronika Mackiewicz.<\/p>\n\n\n\n<p class=\"wp-block-paragraph\">Aquesta actuaci\u00f3 forma part del comprom\u00eds dels Arts de democratitzar la cultura i fer-la accessible a tota la ciutadania, sota el lema &#8220;Els Arts \u00e9s per a tots&#8221; i l&#8217;entrada ser\u00e0 gratu\u00efta.<\/p>\n","protected":false},"excerpt":{"rendered":"<div class=\"mh-excerpt\">La parr\u00f2quia de La nostra Senyora dels Dolors, en Ventas de Bunyol, ser\u00e0 l&#8217;escenari dijous que ve, 3 de juliol, d&#8217;una nova cita del cicle Els Arts amb el teu, una iniciativa del Palau de <a class=\"mh-excerpt-more\" href=\"https:\/\/tucomarca.whitekongsoftware.com\/ca\/els-arts-amb-el-teu-arriba-a-lesglesia-de-las-ventas-de-bunyol-amb-un-concert-liric-gratuit\/\" title=\"&#8220;Els Arts amb el teu&#8221; arriba a l&#8217;Esgl\u00e9sia de Las Ventas de Bunyol amb un concert l\u00edric gratu\u00eft\">[+] <\/a><\/div>\n","protected":false},"author":12,"featured_media":270690,"comment_status":"open","ping_status":"open","sticky":false,"template":"","format":"standard","meta":{"footnotes":""},"categories":[11019,10911,11005,10894,10912,11007,10896],"tags":[10913,10914,22741],"class_list":["post-270691","post","type-post","status-publish","format-standard","has-post-thumbnail","category-agenda-ca","category-bunol-ca","category-canal-musica","category-la-comarca-ca","category-la-hoya-ca","category-ocio-y-cultura-ca","category-seccion-ca","tag-bunol-ca","tag-la-hoya-de-bunol-chiva-ca","tag-les-arts-amb-tu-ca"],"_links":{"self":[{"href":"https:\/\/tucomarca.whitekongsoftware.com\/ca\/wp-json\/wp\/v2\/posts\/270691","targetHints":{"allow":["GET"]}}],"collection":[{"href":"https:\/\/tucomarca.whitekongsoftware.com\/ca\/wp-json\/wp\/v2\/posts"}],"about":[{"href":"https:\/\/tucomarca.whitekongsoftware.com\/ca\/wp-json\/wp\/v2\/types\/post"}],"author":[{"embeddable":true,"href":"https:\/\/tucomarca.whitekongsoftware.com\/ca\/wp-json\/wp\/v2\/users\/12"}],"replies":[{"embeddable":true,"href":"https:\/\/tucomarca.whitekongsoftware.com\/ca\/wp-json\/wp\/v2\/comments?post=270691"}],"version-history":[{"count":0,"href":"https:\/\/tucomarca.whitekongsoftware.com\/ca\/wp-json\/wp\/v2\/posts\/270691\/revisions"}],"wp:featuredmedia":[{"embeddable":true,"href":"https:\/\/tucomarca.whitekongsoftware.com\/ca\/wp-json\/wp\/v2\/media\/270690"}],"wp:attachment":[{"href":"https:\/\/tucomarca.whitekongsoftware.com\/ca\/wp-json\/wp\/v2\/media?parent=270691"}],"wp:term":[{"taxonomy":"category","embeddable":true,"href":"https:\/\/tucomarca.whitekongsoftware.com\/ca\/wp-json\/wp\/v2\/categories?post=270691"},{"taxonomy":"post_tag","embeddable":true,"href":"https:\/\/tucomarca.whitekongsoftware.com\/ca\/wp-json\/wp\/v2\/tags?post=270691"}],"curies":[{"name":"wp","href":"https:\/\/api.w.org\/{rel}","templated":true}]}}