{"id":270682,"date":"2025-06-27T08:00:00","date_gmt":"2025-06-27T06:00:00","guid":{"rendered":"https:\/\/www.tucomarca.com\/wordpress\/segunda\/?p=270682"},"modified":"2025-06-27T16:03:24","modified_gmt":"2025-06-27T14:03:24","slug":"el-pspv-psoe-de-bunyol-renova-la-seua-direccio-local","status":"publish","type":"post","link":"https:\/\/tucomarca.whitekongsoftware.com\/ca\/el-pspv-psoe-de-bunyol-renova-la-seua-direccio-local\/","title":{"rendered":"El PSPV-PSOE de Bunyol renova la seua Direcci\u00f3 local"},"content":{"rendered":"\n<p class=\"wp-block-paragraph\">L&#8217;agrupaci\u00f3 local del PSPV-PSOE de Bunyol ha celebrat aquest dimecres una assemblea per a aprovar la gesti\u00f3 anterior i renovar la seua Comissi\u00f3 Executiva Local. La trobada ha comptat amb una alta participaci\u00f3 de la milit\u00e0ncia i amb la pres\u00e8ncia del diputat provincial i secretari d&#8217;Organitzaci\u00f3 del PSPV-PSOE de la prov\u00edncia de Val\u00e8ncia,&nbsp;Jorge Vidal.<\/p>\n\n\n\n<p class=\"wp-block-paragraph\">Durant l&#8217;assemblea s&#8217;ha aprovat per \u00e0mplia majoria la gesti\u00f3 de l&#8217;Executiva Local anterior, que ha destacat per fomentar una milit\u00e0ncia m\u00e9s activa i refor\u00e7ar la transpar\u00e8ncia i el funcionament intern del partit.<\/p>\n\n\n\n<p class=\"wp-block-paragraph\">Tot seguit, la milit\u00e0ncia ha triat a la nova&nbsp;Comissi\u00f3 Executiva Local, una candidatura liderada per&nbsp;Aurelio Palmer&nbsp;com a secretari general i que combina comprom\u00eds, experi\u00e8ncia i renovaci\u00f3. Aquesta \u00e9s la nova estructura del PSOE de Bunyol:<\/p>\n\n\n\n<p class=\"wp-block-paragraph\">President:&nbsp;Juan Fuentes<br>Secretario General:&nbsp;Aurelio Palmer<br>Vicesecret\u00e0ria General:&nbsp;Mar\u00eda Vall\u00e9s<br>Vicesecret\u00e0ria i secret\u00e0ria d&#8217;Organitzaci\u00f3 i Portaveu:&nbsp;Ana S\u00e1ez<br>Secretar\u00eda d&#8217;Administraci\u00f3:&nbsp;Desi Perell\u00f3<br>Secretar\u00eda de Relacions Institucionals:&nbsp;Pedro Vall\u00e9s<br>Secretaria de Transport i Comunicacions:&nbsp;Carlos Barbero<br>Secretaria d&#8217;Emerg\u00e8ncia Clim\u00e0tica, Medi Ambient i Agricultura:&nbsp;Mat\u00edas Palmer<br>Secretaria d&#8217;Agenda Urbana i Mitjans de comunicaci\u00f3:&nbsp;Indira Sarabia<br>Secretar\u00eda de Cultura i Joventut:&nbsp;Paco Moril Perell\u00f3<br>Secretar\u00eda de Mem\u00f2ria Hist\u00f2rica i Ateneu Republic\u00e0:&nbsp;Alicia Hern\u00e1ndez<br>Secretar\u00eda d&#8217;Educaci\u00f3, Esports i Bandes de M\u00fasica:&nbsp;Giovanna Navarro<br>Secretar\u00eda de Pol\u00edtiques Socials:&nbsp;Mariv\u00ed Cuenca<br>Secretaria de Turisme:&nbsp;Araceli Mas<br>Secretaria d&#8217;Acci\u00f3 Electoral i Dia D:&nbsp;Pili Garrigues<br>Vocal Adjunt a Secretaria General:&nbsp;Andr\u00e9s Perell\u00f3<br>Vocal Adjunt d&#8217;Educaci\u00f3, Esports i Bandes de M\u00fasica:&nbsp;Chimo Faubell<br>Vocal Adjunt de Cultura i Joventut:&nbsp;Concha Perell\u00f3 Villar<br>Vocal Adjunt de Transport i Comunicacions:&nbsp;Rafa P\u00e9rez Piqueras<br>Durant l&#8217;assemblea es va recon\u00e9ixer i va agrair el treball de l&#8217;executiva&nbsp; sortint&nbsp;pel seu \u201ccomprom\u00eds i responsabilitat durant aquests anys tan complexos per a la pol\u00edtica local\u201d. La nova direcci\u00f3 assumeix amb il\u00b7lusi\u00f3 el repte de continuar construint un PSOE fort, unit i \u00fatil per a Bunyol, comprom\u00e9s amb una gesti\u00f3 municipal progressista, efica\u00e7 i centrada en millorar la vida dels ve\u00efns i ve\u00efnes de Bunyol.<\/p>\n\n\n\n<p class=\"wp-block-paragraph\"><\/p>\n","protected":false},"excerpt":{"rendered":"<div class=\"mh-excerpt\">L&#8217;agrupaci\u00f3 local del PSPV-PSOE de Bunyol ha celebrat aquest dimecres una assemblea per a aprovar la gesti\u00f3 anterior i renovar la seua Comissi\u00f3 Executiva Local. La trobada ha comptat amb una alta participaci\u00f3 de la <a class=\"mh-excerpt-more\" href=\"https:\/\/tucomarca.whitekongsoftware.com\/ca\/el-pspv-psoe-de-bunyol-renova-la-seua-direccio-local\/\" title=\"El PSPV-PSOE de Bunyol renova la seua Direcci\u00f3 local\">[+] <\/a><\/div>\n","protected":false},"author":12,"featured_media":270681,"comment_status":"open","ping_status":"open","sticky":false,"template":"","format":"standard","meta":{"footnotes":""},"categories":[10911,10894,10912,10947,10896],"tags":[10913,10914,11381],"class_list":["post-270682","post","type-post","status-publish","format-standard","has-post-thumbnail","category-bunol-ca","category-la-comarca-ca","category-la-hoya-ca","category-politica","category-seccion-ca","tag-bunol-ca","tag-la-hoya-de-bunol-chiva-ca","tag-pspv-psoe-bunol-ca"],"_links":{"self":[{"href":"https:\/\/tucomarca.whitekongsoftware.com\/ca\/wp-json\/wp\/v2\/posts\/270682","targetHints":{"allow":["GET"]}}],"collection":[{"href":"https:\/\/tucomarca.whitekongsoftware.com\/ca\/wp-json\/wp\/v2\/posts"}],"about":[{"href":"https:\/\/tucomarca.whitekongsoftware.com\/ca\/wp-json\/wp\/v2\/types\/post"}],"author":[{"embeddable":true,"href":"https:\/\/tucomarca.whitekongsoftware.com\/ca\/wp-json\/wp\/v2\/users\/12"}],"replies":[{"embeddable":true,"href":"https:\/\/tucomarca.whitekongsoftware.com\/ca\/wp-json\/wp\/v2\/comments?post=270682"}],"version-history":[{"count":0,"href":"https:\/\/tucomarca.whitekongsoftware.com\/ca\/wp-json\/wp\/v2\/posts\/270682\/revisions"}],"wp:featuredmedia":[{"embeddable":true,"href":"https:\/\/tucomarca.whitekongsoftware.com\/ca\/wp-json\/wp\/v2\/media\/270681"}],"wp:attachment":[{"href":"https:\/\/tucomarca.whitekongsoftware.com\/ca\/wp-json\/wp\/v2\/media?parent=270682"}],"wp:term":[{"taxonomy":"category","embeddable":true,"href":"https:\/\/tucomarca.whitekongsoftware.com\/ca\/wp-json\/wp\/v2\/categories?post=270682"},{"taxonomy":"post_tag","embeddable":true,"href":"https:\/\/tucomarca.whitekongsoftware.com\/ca\/wp-json\/wp\/v2\/tags?post=270682"}],"curies":[{"name":"wp","href":"https:\/\/api.w.org\/{rel}","templated":true}]}}