{"id":270621,"date":"2025-06-26T14:00:00","date_gmt":"2025-06-26T12:00:00","guid":{"rendered":"https:\/\/www.tucomarca.com\/wordpress\/segunda\/?p=270621"},"modified":"2025-06-26T18:44:00","modified_gmt":"2025-06-26T16:44:00","slug":"martinez-mus-destaca-el-treball-de-lequip-de-metrovalencia-durant-275-000-hores-per-a-aconseguir-la-reobertura-aquest-divendres-27-de-juny","status":"publish","type":"post","link":"https:\/\/tucomarca.whitekongsoftware.com\/ca\/martinez-mus-destaca-el-treball-de-lequip-de-metrovalencia-durant-275-000-hores-per-a-aconseguir-la-reobertura-aquest-divendres-27-de-juny\/","title":{"rendered":"Mart\u00ednez Mus destaca el treball de l&#8217;equip de Metrovalencia durant 275.000 hores per a aconseguir la reobertura aquest divendres, 27 de juny"},"content":{"rendered":"\n<h3 class=\"wp-block-heading\">El conseller de Medi Ambient, Infraestructures i Territori ha comprovat el desenvolupament dels \u00faltims treballs en l&#8217;estaci\u00f3 de Paiporta que obrir\u00e0 les seues portes als usuaris igual que tot el tram de la zona zero.<\/h3>\n\n\n\n<h3 class=\"wp-block-heading\">La circulaci\u00f3 es recupera en el tram Val\u00e8ncia Sud-Castell\u00f3 on han treballat 500 persones despr\u00e9s de reparar 50 quil\u00f2metres i 20 estacions i que va patir greus danys durant les inundacions.<\/h3>\n\n\n\n<h3 class=\"wp-block-heading\">El servei de llan\u00e7adores amb parades a Val\u00e8ncia Sud i Safranar deixar\u00e0 de funcionar, en entrar en servei els trams de les l\u00ednies 1, 2 i 7 de metre.<\/h3>\n\n\n\n<p class=\"wp-block-paragraph\">El conseller de Medi Ambient, Infraestructures i Territori, Vicente Mart\u00ednez Mus, ha anunciat que el tram Val\u00e8ncia Sud-Castell\u00f3, a les comarques de l&#8217;Horta Sud i la Ribera, i pel qual discorren les L\u00ednies 1, 2 i 7 de Metrovalencia \u201crecuperar\u00e0 la circulaci\u00f3 ferrovi\u00e0ria des de primera hora del mat\u00ed del divendres 27 de juny, una vegada completat el proc\u00e9s de reconstrucci\u00f3 executat en els \u00faltims mesos\u201d.<\/p>\n\n\n\n<p class=\"wp-block-paragraph\">\u201cTotes les infraestructures i instal\u00b7lacions afectades per les inundacions del passat 29 d&#8217;octubre, al llarg d&#8217;aquest tram, s&#8217;han renovat o reconstru\u00eft en els \u00faltims mesos, en un esfor\u00e7 sense precedents, al qual s&#8217;han destinat 27 contractes per a execuci\u00f3 d&#8217;obra i serveis d&#8217;enginyeria amb un pressupost d&#8217;uns 140 milions d&#8217;euros\u201d.&nbsp;<\/p>\n\n\n\n<p class=\"wp-block-paragraph\">\u201cEn aquest proc\u00e9s han participat uns 500 treballadors juntament amb el personal propi d&#8217;FGV que han realitzat 275.000 hores de treball per a fer possible aquesta reobertura\u201d, ha explicat Mart\u00ednez Mus.<\/p>\n\n\n\n<p class=\"wp-block-paragraph\"><strong>\u00daltims preparatius<\/strong><\/p>\n\n\n\n<p class=\"wp-block-paragraph\">A Paiporta, el conseller, acompanyat pel director gerent d&#8217;FGV, Alfonso Novo, ha visitat el nou edifici de l&#8217;estaci\u00f3 de Metrovalencia en aquesta localitat i el pont reconstru\u00eft sobre el barranc del Pedr\u00eds que incorpora, com a part de la mateixa estructura, la passarel\u00b7la per als vianants que comunica aquesta localitat amb Picanya.&nbsp;<\/p>\n\n\n\n<p class=\"wp-block-paragraph\">\u201cL&#8217;estaci\u00f3 de Paiporta, pel que fa al seu edifici principal, estar\u00e0 operativa per als viatgers el mateix 27 de juny, mentre que continuaran les obres de l&#8217;edifici annex destinat a cafeteria. FGV ha destinat m\u00e9s de 5 milions d&#8217;euros per a les noves instal\u00b7lacions de Paiporta i condicionar els desperfectes de l&#8217;edifici de Picanya\u201d, ha assenyalat Mart\u00ednez Mus.<\/p>\n\n\n\n<p class=\"wp-block-paragraph\">La reconstrucci\u00f3 de l&#8217;edifici, realitzada en una mica m\u00e9s de dos mesos, permet dotar d&#8217;unes instal\u00b7lacions m\u00e9s c\u00f2modes i accessibles a la localitat, al mateix temps que s&#8217;han reconstru\u00eft les andanes i tota la infraestructura ferrovi\u00e0ria, arrasada per l&#8217;aigua.<\/p>\n\n\n\n<p class=\"wp-block-paragraph\">\u201cDe manera paral\u00b7lela, s&#8217;han completat les obres del pont sobre el barranc del Pedr\u00eds, les obres del qual, que compten amb un pressupost de 6,4 milions d&#8217;euros, han perm\u00e9s integrar la passarel\u00b7la per als vianants en la mateixa estructura, sent una infraestructura fonamental per a recuperar el servei entre Val\u00e8ncia Sud i Castell\u00f3\u201d, ha explicat el conseller.\u00a0<\/p>\n\n\n\n<p class=\"wp-block-paragraph\">En el mateix sentit, el primer tinent d&#8217;alcalde i regidor d&#8217;Hisenda i Administraci\u00f3 General de l&#8217;Ajuntament de Paiporta, el socialista Vicent Ciscar Chisbert, ha destacat l'&#8221;esfor\u00e7 impressionant de treball de persones, durant dies i nits, perqu\u00e8 aix\u00f2 funcione. I la veritat \u00e9s que estem molt satisfets&#8221;. El regidor tamb\u00e9 ha volgut traslladar la seua enhorabona al conseller i al seu equip, perqu\u00e8 han fet una gran faena. Ten\u00edem ganes que arribara aquest moment&#8221;, ha finalitzat.<\/p>\n\n\n\n<p class=\"wp-block-paragraph\"><strong>Canvis en Metrovalencia, el divendres 27 de juny<\/strong><\/p>\n\n\n\n<p class=\"wp-block-paragraph\">El mateix dia 27 de juny, amb la recuperaci\u00f3 del servei, deixen de circular els autobusos alternatius que actualment arribaven fins a Safranar i Val\u00e8ncia Sud, per a suplir la falta de servei de metro en les poblacions afectades.<\/p>\n\n\n\n<p class=\"wp-block-paragraph\">En aquests huit mesos sense metre, els autobusos han recorregut m\u00e9s de 2,2 milions de quil\u00f2metres, superant els 7 milions d&#8217;usuaris.<\/p>\n\n\n\n<p class=\"wp-block-paragraph\">Pel que respecta al servei de Metrovalencia, \u201camb la posada en marxa d&#8217;aquest tram s&#8217;incrementa el nombre de trens en circulaci\u00f3, en les l\u00ednies 1 i 2 es passa de 17 a 23 trens, mentre que en les l\u00ednies 3, 5, 7 i 9 s\u00f3n els mateixos 23 vehicles que ja circulen, per la qual cosa en total circularan 46 trens, el mateix n\u00famero que els que hi havia en servei abans de les inundacions despr\u00e9s de recuperar els combois afectats\u201d, ha explicat el conseller.<\/p>\n\n\n\n<p class=\"wp-block-paragraph\"><strong>Servei nocturn<\/strong><\/p>\n\n\n\n<p class=\"wp-block-paragraph\">Mart\u00ednez Mus ha anunciat que est\u00e0 previst que el servei nocturn es recupere a partir del pr\u00f2xim d&#8217;agost, \u201cen les mateixes condicions que s&#8217;oferia abans del 29 d&#8217;octubre, amb circulacions de metre i tramvia les nits dels divendres i dissabtes\u201d.<\/p>\n\n\n\n<p class=\"wp-block-paragraph\">Tamb\u00e9 el divendres 27 de juny i fins al 31 d&#8217;agost s&#8217;interromp la circulaci\u00f3 entre Arag\u00f3 i Mar\u00edtim per obres de rehabilitaci\u00f3 i renovaci\u00f3 de la infraestructura i superestructura d&#8217;aquest t\u00fanel, i entre Masies i B\u00e9tera, pels treballs que el Ministeri de Transport, Mobilitat i Agenda Urbana escometr\u00e0 en l&#8217;A-7.<\/p>\n\n\n\n<p class=\"wp-block-paragraph\">Amb aquesta reobertura es continua mantenint la prohibici\u00f3 d&#8217;accedir amb patinets el\u00e8ctrics a les instal\u00b7lacions i unitats i es limita l&#8217;acc\u00e9s a dues bicicletes per unitat.<audio src=\"https:\/\/comunica.gva.es\/documents\/373428693\/393924652\/250626_MED_audio_aperturaFGV.mp3\/932b2d6e-fd4a-134d-747b-16b4fb1d1b05?t=1750937697285\"><\/audio><\/p>\n\n\n\n<figure class=\"wp-block-image size-large\"><img loading=\"lazy\" decoding=\"async\" width=\"1024\" height=\"683\" src=\"http:\/\/www.tucomarca.com\/wordpress\/segunda\/wp-content\/uploads\/2025\/06\/ObrasMetroValenciaDANA2-1024x683.jpeg\" alt=\"\" class=\"wp-image-270618\" srcset=\"https:\/\/tucomarca.whitekongsoftware.com\/wp-content\/uploads\/2025\/06\/ObrasMetroValenciaDANA2-1024x683.jpeg 1024w, https:\/\/tucomarca.whitekongsoftware.com\/wp-content\/uploads\/2025\/06\/ObrasMetroValenciaDANA2-300x200.jpeg 300w, https:\/\/tucomarca.whitekongsoftware.com\/wp-content\/uploads\/2025\/06\/ObrasMetroValenciaDANA2-768x512.jpeg 768w, https:\/\/tucomarca.whitekongsoftware.com\/wp-content\/uploads\/2025\/06\/ObrasMetroValenciaDANA2-1536x1024.jpeg 1536w, https:\/\/tucomarca.whitekongsoftware.com\/wp-content\/uploads\/2025\/06\/ObrasMetroValenciaDANA2-2048x1365.jpeg 2048w\" sizes=\"auto, (max-width: 1024px) 100vw, 1024px\" \/><\/figure>\n","protected":false},"excerpt":{"rendered":"<div class=\"mh-excerpt\">El conseller de Medi Ambient, Infraestructures i Territori ha comprovat el desenvolupament dels \u00faltims treballs en l&#8217;estaci\u00f3 de Paiporta que obrir\u00e0 les seues portes als usuaris igual que tot el tram de la zona zero. <a class=\"mh-excerpt-more\" href=\"https:\/\/tucomarca.whitekongsoftware.com\/ca\/martinez-mus-destaca-el-treball-de-lequip-de-metrovalencia-durant-275-000-hores-per-a-aconseguir-la-reobertura-aquest-divendres-27-de-juny\/\" title=\"Mart\u00ednez Mus destaca el treball de l&#8217;equip de Metrovalencia durant 275.000 hores per a aconseguir la reobertura aquest divendres, 27 de juny\">[+] <\/a><\/div>\n","protected":false},"author":1,"featured_media":270617,"comment_status":"open","ping_status":"open","sticky":false,"template":"","format":"image","meta":{"footnotes":""},"categories":[21466,10898,10948,10894,10904,10902,10903,10947,10896,10897,11052],"tags":[19792,15409,11498,11077],"class_list":["post-270621","post","type-post","status-publish","format-image","has-post-thumbnail","category-dana-ca","category-ventana-ca","category-infraestructuras-ca","category-la-comarca-ca","category-sin-categorizar-ca","category-la-ribera-ca","category-medio-ambiente-la-comarca-ca","category-politica","category-seccion-ca","category-sucesos-la-comarca-ca","category-villanueva-de-castellon-ca","tag-conselleria-de-medio-ambiente-ca","tag-dana-2-ca","tag-generalitat-valenciana-ca","tag-la-ribera-alta-ca","post_format-post-format-image"],"_links":{"self":[{"href":"https:\/\/tucomarca.whitekongsoftware.com\/ca\/wp-json\/wp\/v2\/posts\/270621","targetHints":{"allow":["GET"]}}],"collection":[{"href":"https:\/\/tucomarca.whitekongsoftware.com\/ca\/wp-json\/wp\/v2\/posts"}],"about":[{"href":"https:\/\/tucomarca.whitekongsoftware.com\/ca\/wp-json\/wp\/v2\/types\/post"}],"author":[{"embeddable":true,"href":"https:\/\/tucomarca.whitekongsoftware.com\/ca\/wp-json\/wp\/v2\/users\/1"}],"replies":[{"embeddable":true,"href":"https:\/\/tucomarca.whitekongsoftware.com\/ca\/wp-json\/wp\/v2\/comments?post=270621"}],"version-history":[{"count":0,"href":"https:\/\/tucomarca.whitekongsoftware.com\/ca\/wp-json\/wp\/v2\/posts\/270621\/revisions"}],"wp:featuredmedia":[{"embeddable":true,"href":"https:\/\/tucomarca.whitekongsoftware.com\/ca\/wp-json\/wp\/v2\/media\/270617"}],"wp:attachment":[{"href":"https:\/\/tucomarca.whitekongsoftware.com\/ca\/wp-json\/wp\/v2\/media?parent=270621"}],"wp:term":[{"taxonomy":"category","embeddable":true,"href":"https:\/\/tucomarca.whitekongsoftware.com\/ca\/wp-json\/wp\/v2\/categories?post=270621"},{"taxonomy":"post_tag","embeddable":true,"href":"https:\/\/tucomarca.whitekongsoftware.com\/ca\/wp-json\/wp\/v2\/tags?post=270621"}],"curies":[{"name":"wp","href":"https:\/\/api.w.org\/{rel}","templated":true}]}}