{"id":270608,"date":"2025-06-26T10:34:00","date_gmt":"2025-06-26T08:34:00","guid":{"rendered":"https:\/\/www.tucomarca.com\/wordpress\/segunda\/?p=270608"},"modified":"2025-06-26T18:17:58","modified_gmt":"2025-06-26T16:17:58","slug":"mompo-i-enguix-en-el-minut-de-silenci-a-algemesi-per-lultim-assassinat-masclista-la-nostra-resposta-ha-de-ser-unitat-justicia-i-accio","status":"publish","type":"post","link":"https:\/\/tucomarca.whitekongsoftware.com\/ca\/mompo-i-enguix-en-el-minut-de-silenci-a-algemesi-per-lultim-assassinat-masclista-la-nostra-resposta-ha-de-ser-unitat-justicia-i-accio\/","title":{"rendered":"Momp\u00f3 i Enguix, en el minut de silenci a Algemes\u00ed per l&#8217;\u00faltim assassinat masclista: la nostra resposta ha de ser unitat, just\u00edcia i acci\u00f3\u00a0"},"content":{"rendered":"\n<p class=\"wp-block-paragraph\">El president de la Diputaci\u00f3 de Val\u00e8ncia, Vicent Momp\u00f3, i la vicepresidenta primera, Nat\u00e0lia Enguix, han participat en el minut de silenci guardat este migdia a Algemes\u00ed com a acte de condemna a l&#8217;assassinat masclista d&#8217;Alejandra i Samuel a les mans de la parella d&#8217;ella i pare del xiquet.&nbsp;<\/p>\n\n\n\n<p class=\"wp-block-paragraph\">\u201cUn silenci contra la barb\u00e0rie. Un gest que expressa en for\u00e7a el que les paraules no poden: dolor, r\u00e0bia i condemna absoluta davant esta terrible trag\u00e8dia\u201d, ha assegurat Momp\u00f3, qui ha def\u00e9s que \u201ccontra la viol\u00e8ncia, nom\u00e9s cap una resposta: unitat, just\u00edcia i acci\u00f3 decidida i valenta\u201d.<\/p>\n\n\n\n<p class=\"wp-block-paragraph\">En la mateixa l\u00ednia, Enguix ha manifestat el seu \u201cprofund dolor\u201d davant un fet \u201cintolerable per a qualsevol societat democr\u00e0tica\u201d. \u201cLa lluita contra la viol\u00e8ncia masclista i vic\u00e0ria ens interpel\u00b7la a tots: dones i h\u00f2mens, institucions i ciutadania. No podem mirar cap a un altre costat. Nom\u00e9s des de la unitat, la fermesa i la implicaci\u00f3 real aconseguirem erradicar d&#8217;una vegada per sempre esta xacra\u201d, ha subratllat la tamb\u00e9 responsable d&#8217;Igualtat de la Diputaci\u00f3.<\/p>\n","protected":false},"excerpt":{"rendered":"<div class=\"mh-excerpt\">El president de la Diputaci\u00f3 de Val\u00e8ncia, Vicent Momp\u00f3, i la vicepresidenta primera, Nat\u00e0lia Enguix, han participat en el minut de silenci guardat este migdia a Algemes\u00ed com a acte de condemna a l&#8217;assassinat masclista <a class=\"mh-excerpt-more\" href=\"https:\/\/tucomarca.whitekongsoftware.com\/ca\/mompo-i-enguix-en-el-minut-de-silenci-a-algemesi-per-lultim-assassinat-masclista-la-nostra-resposta-ha-de-ser-unitat-justicia-i-accio\/\" title=\"Momp\u00f3 i Enguix, en el minut de silenci a Algemes\u00ed per l&#8217;\u00faltim assassinat masclista: la nostra resposta ha de ser unitat, just\u00edcia i acci\u00f3\u00a0\">[+] <\/a><\/div>\n","protected":false},"author":12,"featured_media":270606,"comment_status":"open","ping_status":"open","sticky":false,"template":"","format":"standard","meta":{"footnotes":""},"categories":[10983,10898,10894,10902,10947,10896,10897],"tags":[11246,20404,11356,16563,13109,22739],"class_list":["post-270608","post","type-post","status-publish","format-standard","has-post-thumbnail","category-algemesi-ca","category-ventana-ca","category-la-comarca-ca","category-la-ribera-ca","category-politica","category-seccion-ca","category-sucesos-la-comarca-ca","tag-diputacio-de-valencia-ca","tag-natalia-enguix-2-ca","tag-ribera-alta-ca","tag-vicente-mompo-ca","tag-violencia-machista-ca","tag-violencia-vicaria-ca"],"_links":{"self":[{"href":"https:\/\/tucomarca.whitekongsoftware.com\/ca\/wp-json\/wp\/v2\/posts\/270608","targetHints":{"allow":["GET"]}}],"collection":[{"href":"https:\/\/tucomarca.whitekongsoftware.com\/ca\/wp-json\/wp\/v2\/posts"}],"about":[{"href":"https:\/\/tucomarca.whitekongsoftware.com\/ca\/wp-json\/wp\/v2\/types\/post"}],"author":[{"embeddable":true,"href":"https:\/\/tucomarca.whitekongsoftware.com\/ca\/wp-json\/wp\/v2\/users\/12"}],"replies":[{"embeddable":true,"href":"https:\/\/tucomarca.whitekongsoftware.com\/ca\/wp-json\/wp\/v2\/comments?post=270608"}],"version-history":[{"count":0,"href":"https:\/\/tucomarca.whitekongsoftware.com\/ca\/wp-json\/wp\/v2\/posts\/270608\/revisions"}],"wp:featuredmedia":[{"embeddable":true,"href":"https:\/\/tucomarca.whitekongsoftware.com\/ca\/wp-json\/wp\/v2\/media\/270606"}],"wp:attachment":[{"href":"https:\/\/tucomarca.whitekongsoftware.com\/ca\/wp-json\/wp\/v2\/media?parent=270608"}],"wp:term":[{"taxonomy":"category","embeddable":true,"href":"https:\/\/tucomarca.whitekongsoftware.com\/ca\/wp-json\/wp\/v2\/categories?post=270608"},{"taxonomy":"post_tag","embeddable":true,"href":"https:\/\/tucomarca.whitekongsoftware.com\/ca\/wp-json\/wp\/v2\/tags?post=270608"}],"curies":[{"name":"wp","href":"https:\/\/api.w.org\/{rel}","templated":true}]}}