{"id":270601,"date":"2025-06-26T11:45:00","date_gmt":"2025-06-26T09:45:00","guid":{"rendered":"https:\/\/www.tucomarca.com\/wordpress\/segunda\/?p=270601"},"modified":"2025-06-26T18:03:17","modified_gmt":"2025-06-26T16:03:17","slug":"la-generalitat-retira-lemergencia-en-els-32-municipis-de-la-provincia-de-valencia-afectats-per-les-riuades-que-es-trobaven-en-situacio-1","status":"publish","type":"post","link":"https:\/\/tucomarca.whitekongsoftware.com\/ca\/la-generalitat-retira-lemergencia-en-els-32-municipis-de-la-provincia-de-valencia-afectats-per-les-riuades-que-es-trobaven-en-situacio-1\/","title":{"rendered":"La Generalitat retira l&#8217;emerg\u00e8ncia en els 32 municipis de la prov\u00edncia de Val\u00e8ncia afectats per les riuades que es trobaven en situaci\u00f3 1"},"content":{"rendered":"\n<h3 class=\"wp-block-heading\">El conseller d&#8217;Emerg\u00e8ncies i Interior subratlla que el Consell \u201ccontinuar\u00e0 treballant amb responsabilitat i proximitat, al costat d&#8217;administracions, entitats i ciutadania, per a garantir que cap municipi es quede arrere\u201d.<\/h3>\n\n\n\n<h3 class=\"wp-block-heading\">Durant l&#8217;emerg\u00e8ncia s&#8217;ha desplegat un dispositiu log\u00edstic que ha gestionat m\u00e9s de 360.000 tones de residus i coordinat un operatiu que ha invertit 330.824 hores de treball-<\/h3>\n\n\n\n<h3 class=\"wp-block-heading\">S&#8217;ha intervingut sobre una superf\u00edcie de 7.889 hect\u00e0rees amb tractaments bactericides i larvicides, s&#8217;han distribu\u00eft m\u00e9s de 9.300 palets d&#8217;ajuda humanit\u00e0ria i netejat 56 centres educatius, entre altres actuacions.<\/h3>\n\n\n\n<p class=\"wp-block-paragraph\">La Generalitat ha retirat aquest dijous l&#8217;emerg\u00e8ncia en els 32 municipis de la prov\u00edncia de Val\u00e8ncia afectats per les riuades que encara es trobaven en situaci\u00f3 1 i ha donat per completada la fase final de la desescalada.<\/p>\n\n\n\n<p class=\"wp-block-paragraph\">Aix\u00ed ho ha explicat el conseller d&#8217;Emerg\u00e8ncies i Interior, Juan Carlos Valderrama, que ha comparegut en roda de premsa acompanyat de la secret\u00e0ria auton\u00f2mica d&#8217;Emerg\u00e8ncies i Interior, Irene Rodr\u00edguez, per a informar sobre la finalitzaci\u00f3 de l&#8217;emerg\u00e8ncia i donar compte de les accions desenvolupades en mat\u00e8ria de protecci\u00f3 civil per a atendre les necessitats de les zones damnificades. La decisi\u00f3, que s&#8217;ha traslladat aquest dijous als municipis en situaci\u00f3 1 en la reuni\u00f3 setmanal a la qual estaven convocats, s&#8217;ha adoptat despr\u00e9s de la \u201can\u00e0lisi exhaustiva\u201d de les actuacions que continuen requerint aquestes localitats i que s&#8217;ha determinat que ja no guarden relaci\u00f3 directa amb la intervenci\u00f3 dels serveis operatius d&#8217;emerg\u00e8ncies, sin\u00f3 que estan lligades a les labors de recuperaci\u00f3 i reconstrucci\u00f3.<\/p>\n\n\n\n<p class=\"wp-block-paragraph\">Els municipis que encara es mantenien en situaci\u00f3 d&#8217;emerg\u00e8ncia i que passen a deixar d&#8217;estar-ho s\u00f3n Alaqu\u00e0s, Albal, Aldaia, Alfafar, Alfarb, Algemes\u00ed, Alginet, Alzira, Benet\u00fasser, Beniparrell, Bugarra, Bunyol, Catarroja, Xest, Xiva, Xestalgar, Godelleta, L&#8217;Alc\u00fadia, Llocnou de la Corona, Llombai, Massanassa, Montroi, Paiporta, Pedralba, Picanya, Real, Riba-roja de T\u00faria, Sedav\u00ed, Sot de Xera, Torrent, Utiel i Xirivella.<\/p>\n\n\n\n<p class=\"wp-block-paragraph\">\u201cHui, han passat 241 dies, quasi 8 mesos, des de la cat\u00e0strofe que vivim el 29 d&#8217;octubre i durant aquest temps, l&#8217;esfor\u00e7 conjunt de les administracions, els serveis d&#8217;emerg\u00e8ncia i la ciutadania ha perm\u00e9s avan\u00e7ar cap a la recuperaci\u00f3\u201d, ha dit el conseller. Juan Carlos Valderrama ha destacat en aquest sentit la \u201ccomunicaci\u00f3 constant i directa\u201d mantinguda tamb\u00e9 aquesta \u00faltima fase de desescalada amb tots els municipis a trav\u00e9s del Centre de Coordinaci\u00f3 d&#8217;Emerg\u00e8ncies, aix\u00ed com la realitzaci\u00f3 de reunions setmanals i visites a les 32 localitats afectades.<\/p>\n\n\n\n<p class=\"wp-block-paragraph\">El conseller ha remarcat, no obstant aix\u00f2, que \u201cla finalitzaci\u00f3 de la situaci\u00f3 d&#8217;emerg\u00e8ncia en mat\u00e8ria de protecci\u00f3 civil no suposa en cap cas una disminuci\u00f3 del comprom\u00eds institucional amb els municipis afectats\u201d, ja que \u201cqueda treball per fer, i ara ens centrem en avan\u00e7ar amb fermesa en aquesta nova etapa, refor\u00e7ant l&#8217;acci\u00f3 institucional en l&#8217;\u00e0mbit de la recuperaci\u00f3\u201d, ha dit.<\/p>\n\n\n\n<p class=\"wp-block-paragraph\">Valderrama ha assenyalat que \u201creafirmem la nostra voluntat de continuar treballant, amb responsabilitat i proximitat, al costat de totes les administracions, entitats i ciutadania, per a garantir que cap municipi quede arrere\u201d, ha subratllat el conseller, per a qui \u201cla superaci\u00f3 d&#8217;aquesta crisi nom\u00e9s ser\u00e0 plena si aconseguim que tots i totes puguem mirar al futur amb esperan\u00e7a, seguretat i noves oportunitats\u201d.<\/p>\n\n\n\n<p class=\"wp-block-paragraph\">Per tant, aquests municipis passaran a estar \u201cen comunicaci\u00f3 directa amb la Vicepresid\u00e8ncia Segona i Conselleria per a la Recuperaci\u00f3 Econ\u00f2mica i Social de la Comunitat Valenciana\u201d, encarregada de portar avant el Pla Endavant per a la recuperaci\u00f3 econ\u00f2mica i social de la Comunitat Valenciana.<\/p>\n\n\n\n<p class=\"wp-block-paragraph\"><strong>Coordinaci\u00f3 institucional<\/strong><\/p>\n\n\n\n<p class=\"wp-block-paragraph\">Valderrama ha subratllat que la coordinaci\u00f3 institucional ha quedat de manifest \u201camb les m\u00e9s de 350 reunions i visites mantingudes des del 29 d&#8217;octubre fins al dia de hui: 119 reunions del CECOPI i del Centre de Coordinaci\u00f3 d&#8217;Emerg\u00e8ncies, 143 reunions amb agents directament implicats en l&#8217;emerg\u00e8ncia des de desembre de 2024, aix\u00ed com 115 reunions i visites espec\u00edfiques amb responsables dels ajuntaments i la Diputaci\u00f3 de Val\u00e8ncia\u201d.<\/p>\n\n\n\n<p class=\"wp-block-paragraph\">A m\u00e9s, segons ha detallat, durant el per\u00edode en qu\u00e8 ha estat activa la situaci\u00f3 d&#8217;emerg\u00e8ncia, la Conselleria ha desplegat un dispositiu operatiu i log\u00edstic que ha perm\u00e9s atendre les necessitats derivades de l&#8217;episodi. En aquest marc, s&#8217;han gestionat m\u00e9s de 9.300 palets d&#8217;ajuda humanit\u00e0ria i m\u00e9s de 360.000 tones de residus.<\/p>\n\n\n\n<p class=\"wp-block-paragraph\">Aix\u00ed mateix, s&#8217;ha intervingut sobre una superf\u00edcie total de 7.889 hect\u00e0rees mitjan\u00e7ant tractaments bactericides i larvicides, i s&#8217;han mobilitzat 220 autobusos per a facilitar la participaci\u00f3 del voluntariat. Tamb\u00e9 s&#8217;ha procedit a la neteja de m\u00e9s de 56 centres educatius i s&#8217;han distribu\u00eft m\u00e9s de 180.000 unitats d&#8217;avituallament per a garantir el subministrament b\u00e0sic en les zones afectades.&nbsp;<\/p>\n\n\n\n<p class=\"wp-block-paragraph\">A aquestes actuacions, tal com ha remarcat, s&#8217;afig la labor conjunta amb institucions i entitats en mat\u00e8ria de retirada de llots en m\u00e9s de 900 garatges, en l&#8217;aigualeig de carrers i en la recuperaci\u00f3 del servei de clavegueram.<\/p>\n\n\n\n<p class=\"wp-block-paragraph\">Aix\u00ed mateix, per a donar una resposta sobre el terreny, s&#8217;han mobilitzat diferents tipus de maquin\u00e0ria al servei dels equips d&#8217;intervenci\u00f3 \u2014tractors, excavadores, grues\u2014 que han acumulat un total de 180.353 hores de treball, xifra que \u201cdona compte de la magnitud de l&#8217;esfor\u00e7 t\u00e8cnic i log\u00edstic desplegat\u201d.<\/p>\n\n\n\n<p class=\"wp-block-paragraph\"><strong>330.824 hores de treball<\/strong><\/p>\n\n\n\n<p class=\"wp-block-paragraph\">A aix\u00f2 se sumen -ha agregat el conseller- 170.471 hores de treball realitzades per personal administratiu, persones encarregades, oficials i altres perfils t\u00e8cnics, \u201cla implicaci\u00f3 dels quals ha sigut igualment clau per a garantir una gesti\u00f3 operativa eficient en tots els municipis afectats\u201d. Per tant, \u201cparlem de 330.824 hores, a les quals caldria sumar la dedicaci\u00f3 de tots els serveis d&#8217;emerg\u00e8ncies i el personal funcionari de totes les administracions afectades\u201d, ha enumerat.<\/p>\n\n\n\n<p class=\"wp-block-paragraph\">Finalment, el titular d&#8217;Emerg\u00e8ncies s&#8217;ha referit a l&#8217;esfor\u00e7 realitzat en mat\u00e8ria d&#8217;ajudes, amb la concessi\u00f3 de m\u00e9s de 12 milions d&#8217;euros per a fer costat a 87 municipis de la prov\u00edncia de Val\u00e8ncia afectats per l&#8217;emerg\u00e8ncia i de m\u00e9s 155 milions d&#8217;euros en ajudes de primera necessitat. \u201cAquestes actuacions han perm\u00e9s atendre amb celeritat i efic\u00e0cia les necessitats m\u00e9s urgents de la poblaci\u00f3, refor\u00e7ant el comprom\u00eds d&#8217;aquesta Administraci\u00f3 amb la recuperaci\u00f3 i el benestar dels territoris afectats\u201d, ha indicat.<\/p>\n\n\n\n<p class=\"wp-block-paragraph\"><strong>Fases de la desescalada<\/strong><\/p>\n\n\n\n<p class=\"wp-block-paragraph\">El conseller ha recordat que la trag\u00e8dia ocasionada per les inundacions, que va impactar sobre m\u00e9s de 306.000 persones de 103 municipis i va provocar importants danys personals i materials, va obligar a declarar la situaci\u00f3 2 d&#8217;emerg\u00e8ncia en els 266 municipis de la prov\u00edncia de Val\u00e8ncia despr\u00e9s de l&#8217;activaci\u00f3 del pla especial davant inundacions.<\/p>\n\n\n\n<p class=\"wp-block-paragraph\">El passat 17 de gener, i despr\u00e9s de la sol\u00b7licitud i an\u00e0lisi t\u00e8cnica de dades de 28 indicadors d&#8217;avaluaci\u00f3, agrupats en 11 mat\u00e8ries relacionades amb la situaci\u00f3 de l&#8217;emerg\u00e8ncia, es va dur a terme la primera desescalada, que va propiciar que 163 municipis deixaren d&#8217;estar situaci\u00f3 d&#8217;emerg\u00e8ncia, 75 passaren a la situaci\u00f3 1 i 28 municipis romangueren en situaci\u00f3 2.<\/p>\n\n\n\n<p class=\"wp-block-paragraph\">Despr\u00e9s d&#8217;una segona an\u00e0lisi t\u00e8cnica de la informaci\u00f3 recaptada, el 27 de mar\u00e7 va tindre lloc la segona desescalada, en la qual es va retirar l&#8217;emerg\u00e8ncia en 71 localitats i es va mantindre la situaci\u00f3 1 en 4. A m\u00e9s, en els 28 municipis en situaci\u00f3 d&#8217;emerg\u00e8ncia de 2 es va passar a 1, amb el que persistia fins a aquest dijous la situaci\u00f3 1 en 32 municipis.<\/p>\n\n\n\n<p class=\"wp-block-paragraph\">\u201cTot aquest treball ha sigut possible gr\u00e0cies al ferm comprom\u00eds del Consell amb les persones i les zones afectades per la cat\u00e0strofe\u201d, per\u00f2 \u201cres d&#8217;aix\u00f2 hauria sigut possible sense la implicaci\u00f3, l&#8217;esfor\u00e7 i la dedicaci\u00f3 de tots els efectius que han participat en la gesti\u00f3 d&#8217;aquesta emerg\u00e8ncia\u201d, ha assenyalat Valderrama.<\/p>\n\n\n\n<p class=\"wp-block-paragraph\">En aquest sentit, ha expressat el seu agra\u00efment tant al voluntariat com a l&#8217;equip de professionals del Centre de Coordinaci\u00f3 d&#8217;Emerg\u00e8ncies, el 1\u00b71\u00b72, el Servei de Bombers Forestals de la Generalitat, els consorcis provincials, les policies locals, la Unitat Militar d&#8217;Emerg\u00e8ncies, la resta de forces armades, la Policia de la Generalitat, la Policia Nacional, la Gu\u00e0rdia Civil, administracions i empreses p\u00fabliques i privades. \u201cEl seu lliurament desinteressat ha posat de manifest els valors m\u00e9s s\u00f2lids de la nostra societat: la solidaritat, la cooperaci\u00f3 i el comprom\u00eds amb els altres\u201d, ha concl\u00f2s.<\/p>\n","protected":false},"excerpt":{"rendered":"<div class=\"mh-excerpt\">El conseller d&#8217;Emerg\u00e8ncies i Interior subratlla que el Consell \u201ccontinuar\u00e0 treballant amb responsabilitat i proximitat, al costat d&#8217;administracions, entitats i ciutadania, per a garantir que cap municipi es quede arrere\u201d. Durant l&#8217;emerg\u00e8ncia s&#8217;ha desplegat un <a class=\"mh-excerpt-more\" href=\"https:\/\/tucomarca.whitekongsoftware.com\/ca\/la-generalitat-retira-lemergencia-en-els-32-municipis-de-la-provincia-de-valencia-afectats-per-les-riuades-que-es-trobaven-en-situacio-1\/\" title=\"La Generalitat retira l&#8217;emerg\u00e8ncia en els 32 municipis de la prov\u00edncia de Val\u00e8ncia afectats per les riuades que es trobaven en situaci\u00f3 1\">[+] <\/a><\/div>\n","protected":false},"author":1,"featured_media":270598,"comment_status":"open","ping_status":"open","sticky":false,"template":"","format":"standard","meta":{"footnotes":""},"categories":[10983,10889,10911,10892,21466,11046,10898,11034,10977,10995,10904,10912,10902,10997,11001,11025,10909,10906,10896,11026,11059,10974,10975],"tags":[10899,10914,11077,10910],"class_list":["post-270601","post","type-post","status-publish","format-standard","has-post-thumbnail","category-algemesi-ca","category-alzira-cat","category-bunol-ca","category-camp-de-turia-ca","category-dana-ca","category-los-serranos-ca","category-ventana-ca","category-gestalgar-ca","category-godelleta-ca","category-lalcudia-ca","category-sin-categorizar-ca","category-la-hoya-ca","category-la-ribera-ca","category-llombai-ca","category-montroi-ca","category-pedralba-ca","category-requena-utiel-ca","category-riba-roja-ca","category-seccion-ca","category-sot-de-chera-ca","category-utiel-ca","category-cheste-ca","category-chiva-ca","tag-camp-de-turia-ca","tag-la-hoya-de-bunol-chiva-ca","tag-la-ribera-alta-ca","tag-requena-utiel-ca"],"_links":{"self":[{"href":"https:\/\/tucomarca.whitekongsoftware.com\/ca\/wp-json\/wp\/v2\/posts\/270601","targetHints":{"allow":["GET"]}}],"collection":[{"href":"https:\/\/tucomarca.whitekongsoftware.com\/ca\/wp-json\/wp\/v2\/posts"}],"about":[{"href":"https:\/\/tucomarca.whitekongsoftware.com\/ca\/wp-json\/wp\/v2\/types\/post"}],"author":[{"embeddable":true,"href":"https:\/\/tucomarca.whitekongsoftware.com\/ca\/wp-json\/wp\/v2\/users\/1"}],"replies":[{"embeddable":true,"href":"https:\/\/tucomarca.whitekongsoftware.com\/ca\/wp-json\/wp\/v2\/comments?post=270601"}],"version-history":[{"count":0,"href":"https:\/\/tucomarca.whitekongsoftware.com\/ca\/wp-json\/wp\/v2\/posts\/270601\/revisions"}],"wp:featuredmedia":[{"embeddable":true,"href":"https:\/\/tucomarca.whitekongsoftware.com\/ca\/wp-json\/wp\/v2\/media\/270598"}],"wp:attachment":[{"href":"https:\/\/tucomarca.whitekongsoftware.com\/ca\/wp-json\/wp\/v2\/media?parent=270601"}],"wp:term":[{"taxonomy":"category","embeddable":true,"href":"https:\/\/tucomarca.whitekongsoftware.com\/ca\/wp-json\/wp\/v2\/categories?post=270601"},{"taxonomy":"post_tag","embeddable":true,"href":"https:\/\/tucomarca.whitekongsoftware.com\/ca\/wp-json\/wp\/v2\/tags?post=270601"}],"curies":[{"name":"wp","href":"https:\/\/api.w.org\/{rel}","templated":true}]}}