{"id":270511,"date":"2025-06-26T11:00:00","date_gmt":"2025-06-26T09:00:00","guid":{"rendered":"https:\/\/www.tucomarca.com\/wordpress\/segunda\/?p=270511"},"modified":"2025-06-26T12:43:25","modified_gmt":"2025-06-26T10:43:25","slug":"joves-de-benaguasil-visiten-guardistallo-en-el-marc-de-lagermanament-entre-tots-dos-municipis","status":"publish","type":"post","link":"https:\/\/tucomarca.whitekongsoftware.com\/ca\/joves-de-benaguasil-visiten-guardistallo-en-el-marc-de-lagermanament-entre-tots-dos-municipis\/","title":{"rendered":"Joves de Benaguasil visiten Guardistallo en el marc de l&#8217;agermanament entre tots dos municipis"},"content":{"rendered":"\n<h3 class=\"wp-block-heading\">Fins al 30 de juny els joves gaudiran de l&#8217;intercanvi i coneixeran la cultura i tradicions d&#8217;aquesta localitat italiana.<\/h3>\n\n\n\n<p class=\"wp-block-paragraph\">Un total de 12 joves de Benaguasil es troben d&#8217;intercanvi en la localitat italiana de Guardistallo per a con\u00e9ixer aspectes de la seua cultura, gastronomia i tradicions.<br>A la seua arribada el grup de joves va ser rebut pel seu alcalde, Sandro Ceccarelli, qui els va donar la benvinguda i els ha agra\u00eft la seua pres\u00e8ncia, desitjant-los una feli\u00e7 estada amb les fam\u00edlies d&#8217;acolliment.<br>Entre les activitats previstes fins al dia 30 de juny es troben visites culturals a Flor\u00e8ncia i a Pisa, a Volterra i a Cecina. Aix\u00ed mateix tamb\u00e9 gaudiran de la platja i d&#8217;activitats aqu\u00e0tiques, culturals, esportives i d&#8217;oci.<br>Es tracta del segon any que tots dos Ajuntaments organitzen aquesta iniciativa que permet als joves con\u00e9ixer l&#8217;idioma, els seus costums i intercanviar experi\u00e8ncies.<br>La regidor de l&#8217;\u00e0rea, Ana Aleixandre, s&#8217;ha mostrat satisfeta per l&#8217;acolliment d&#8217;aquest programa juvenil que \u201cpermet als nostres joves adaptar-se a nous entorns fora del seu \u00e0mbit quotidi\u00e0, con\u00e9ixer l&#8217;idioma i la cultura, i establir una estreta relaci\u00f3 amb les seues fam\u00edlies d&#8217;acolliment\u201d.<br>Del 8 al 14 de juliol seran els joves de Guardistallo els qui visiten Benaguasil.<\/p>\n\n\n\n<figure class=\"wp-block-gallery has-nested-images columns-2 is-cropped wp-block-gallery-1 is-layout-flex wp-block-gallery-is-layout-flex\">\n<figure class=\"wp-block-image size-large\"><img loading=\"lazy\" decoding=\"async\" width=\"1024\" height=\"768\" data-id=\"270504\" src=\"https:\/\/www.tucomarca.com\/wordpress\/segunda\/wp-content\/uploads\/2025\/06\/Benaguasil_Guardistallo03-1024x768.jpg\" alt=\"\" class=\"wp-image-270504\" srcset=\"https:\/\/tucomarca.whitekongsoftware.com\/wp-content\/uploads\/2025\/06\/Benaguasil_Guardistallo03-1024x768.jpg 1024w, https:\/\/tucomarca.whitekongsoftware.com\/wp-content\/uploads\/2025\/06\/Benaguasil_Guardistallo03-300x225.jpg 300w, https:\/\/tucomarca.whitekongsoftware.com\/wp-content\/uploads\/2025\/06\/Benaguasil_Guardistallo03-768x576.jpg 768w, https:\/\/tucomarca.whitekongsoftware.com\/wp-content\/uploads\/2025\/06\/Benaguasil_Guardistallo03-678x509.jpg 678w, https:\/\/tucomarca.whitekongsoftware.com\/wp-content\/uploads\/2025\/06\/Benaguasil_Guardistallo03-326x245.jpg 326w, https:\/\/tucomarca.whitekongsoftware.com\/wp-content\/uploads\/2025\/06\/Benaguasil_Guardistallo03-80x60.jpg 80w, https:\/\/tucomarca.whitekongsoftware.com\/wp-content\/uploads\/2025\/06\/Benaguasil_Guardistallo03.jpg 1181w\" sizes=\"auto, (max-width: 1024px) 100vw, 1024px\" \/><\/figure>\n\n\n\n<figure class=\"wp-block-image size-large\"><img loading=\"lazy\" decoding=\"async\" width=\"1024\" height=\"768\" data-id=\"270506\" src=\"https:\/\/www.tucomarca.com\/wordpress\/segunda\/wp-content\/uploads\/2025\/06\/Benaguasil_Guardistallo04-1024x768.jpg\" alt=\"\" class=\"wp-image-270506\" srcset=\"https:\/\/tucomarca.whitekongsoftware.com\/wp-content\/uploads\/2025\/06\/Benaguasil_Guardistallo04-1024x768.jpg 1024w, https:\/\/tucomarca.whitekongsoftware.com\/wp-content\/uploads\/2025\/06\/Benaguasil_Guardistallo04-300x225.jpg 300w, https:\/\/tucomarca.whitekongsoftware.com\/wp-content\/uploads\/2025\/06\/Benaguasil_Guardistallo04-768x576.jpg 768w, https:\/\/tucomarca.whitekongsoftware.com\/wp-content\/uploads\/2025\/06\/Benaguasil_Guardistallo04-678x509.jpg 678w, https:\/\/tucomarca.whitekongsoftware.com\/wp-content\/uploads\/2025\/06\/Benaguasil_Guardistallo04-326x245.jpg 326w, https:\/\/tucomarca.whitekongsoftware.com\/wp-content\/uploads\/2025\/06\/Benaguasil_Guardistallo04-80x60.jpg 80w, https:\/\/tucomarca.whitekongsoftware.com\/wp-content\/uploads\/2025\/06\/Benaguasil_Guardistallo04.jpg 1181w\" sizes=\"auto, (max-width: 1024px) 100vw, 1024px\" \/><\/figure>\n\n\n\n<figure class=\"wp-block-image size-large\"><img loading=\"lazy\" decoding=\"async\" width=\"1024\" height=\"768\" data-id=\"270502\" src=\"https:\/\/www.tucomarca.com\/wordpress\/segunda\/wp-content\/uploads\/2025\/06\/Benaguasil_Guardistallo02-1024x768.jpg\" alt=\"\" class=\"wp-image-270502\" srcset=\"https:\/\/tucomarca.whitekongsoftware.com\/wp-content\/uploads\/2025\/06\/Benaguasil_Guardistallo02-1024x768.jpg 1024w, https:\/\/tucomarca.whitekongsoftware.com\/wp-content\/uploads\/2025\/06\/Benaguasil_Guardistallo02-300x225.jpg 300w, https:\/\/tucomarca.whitekongsoftware.com\/wp-content\/uploads\/2025\/06\/Benaguasil_Guardistallo02-768x576.jpg 768w, https:\/\/tucomarca.whitekongsoftware.com\/wp-content\/uploads\/2025\/06\/Benaguasil_Guardistallo02-678x509.jpg 678w, https:\/\/tucomarca.whitekongsoftware.com\/wp-content\/uploads\/2025\/06\/Benaguasil_Guardistallo02-326x245.jpg 326w, https:\/\/tucomarca.whitekongsoftware.com\/wp-content\/uploads\/2025\/06\/Benaguasil_Guardistallo02-80x60.jpg 80w, https:\/\/tucomarca.whitekongsoftware.com\/wp-content\/uploads\/2025\/06\/Benaguasil_Guardistallo02.jpg 1181w\" sizes=\"auto, (max-width: 1024px) 100vw, 1024px\" \/><\/figure>\n<\/figure>\n","protected":false},"excerpt":{"rendered":"<div class=\"mh-excerpt\">Fins al 30 de juny els joves gaudiran de l&#8217;intercanvi i coneixeran la cultura i tradicions d&#8217;aquesta localitat italiana. Un total de 12 joves de Benaguasil es troben d&#8217;intercanvi en la localitat italiana de Guardistallo <a class=\"mh-excerpt-more\" href=\"https:\/\/tucomarca.whitekongsoftware.com\/ca\/joves-de-benaguasil-visiten-guardistallo-en-el-marc-de-lagermanament-entre-tots-dos-municipis\/\" title=\"Joves de Benaguasil visiten Guardistallo en el marc de l&#8217;agermanament entre tots dos municipis\">[+] <\/a><\/div>\n","protected":false},"author":12,"featured_media":270501,"comment_status":"open","ping_status":"open","sticky":false,"template":"","format":"standard","meta":{"footnotes":""},"categories":[10952,10892,10948,10894,11007,10947,10896],"tags":[11136,10899,17893],"class_list":["post-270511","post","type-post","status-publish","format-standard","has-post-thumbnail","category-benaguasil-ca","category-camp-de-turia-ca","category-infraestructuras-ca","category-la-comarca-ca","category-ocio-y-cultura-ca","category-politica","category-seccion-ca","tag-benaguasil-ca","tag-camp-de-turia-ca","tag-guardistallo-ca"],"_links":{"self":[{"href":"https:\/\/tucomarca.whitekongsoftware.com\/ca\/wp-json\/wp\/v2\/posts\/270511","targetHints":{"allow":["GET"]}}],"collection":[{"href":"https:\/\/tucomarca.whitekongsoftware.com\/ca\/wp-json\/wp\/v2\/posts"}],"about":[{"href":"https:\/\/tucomarca.whitekongsoftware.com\/ca\/wp-json\/wp\/v2\/types\/post"}],"author":[{"embeddable":true,"href":"https:\/\/tucomarca.whitekongsoftware.com\/ca\/wp-json\/wp\/v2\/users\/12"}],"replies":[{"embeddable":true,"href":"https:\/\/tucomarca.whitekongsoftware.com\/ca\/wp-json\/wp\/v2\/comments?post=270511"}],"version-history":[{"count":0,"href":"https:\/\/tucomarca.whitekongsoftware.com\/ca\/wp-json\/wp\/v2\/posts\/270511\/revisions"}],"wp:featuredmedia":[{"embeddable":true,"href":"https:\/\/tucomarca.whitekongsoftware.com\/ca\/wp-json\/wp\/v2\/media\/270501"}],"wp:attachment":[{"href":"https:\/\/tucomarca.whitekongsoftware.com\/ca\/wp-json\/wp\/v2\/media?parent=270511"}],"wp:term":[{"taxonomy":"category","embeddable":true,"href":"https:\/\/tucomarca.whitekongsoftware.com\/ca\/wp-json\/wp\/v2\/categories?post=270511"},{"taxonomy":"post_tag","embeddable":true,"href":"https:\/\/tucomarca.whitekongsoftware.com\/ca\/wp-json\/wp\/v2\/tags?post=270511"}],"curies":[{"name":"wp","href":"https:\/\/api.w.org\/{rel}","templated":true}]}}