{"id":270498,"date":"2025-06-26T10:33:00","date_gmt":"2025-06-26T08:33:00","guid":{"rendered":"https:\/\/www.tucomarca.com\/wordpress\/segunda\/?p=270498"},"modified":"2025-06-26T12:11:40","modified_gmt":"2025-06-26T10:11:40","slug":"el-consell-autoritza-lampliacio-dels-contractes-demergencia-per-a-atendre-la-totalitat-de-les-obres-de-reparacio-de-danys-en-el-castell-de-bunol","status":"publish","type":"post","link":"https:\/\/tucomarca.whitekongsoftware.com\/ca\/el-consell-autoritza-lampliacio-dels-contractes-demergencia-per-a-atendre-la-totalitat-de-les-obres-de-reparacio-de-danys-en-el-castell-de-bunol\/","title":{"rendered":"El Consell autoritza l\u2019ampliaci\u00f3 dels contractes d\u2019emerg\u00e8ncia per a atendre la totalitat de les obres de reparaci\u00f3 de danys en el castell de Bu\u00f1ol"},"content":{"rendered":"\n<h3 class=\"wp-block-heading\">El pressupost passa de 287.209 euros previstos inicialment a 413.669 euros per a la rehabilitaci\u00f3 dels danys provocats per la dana en l\u2019esgl\u00e9sia del Salvador.<\/h3>\n\n\n\n<h3 class=\"wp-block-heading\">A l\u2019actuaci\u00f3 inicial se suma la reparaci\u00f3 dels danys ocasionats per les solsides produ\u00efdes en mar\u00e7 de 2025 a causa del mal estat de l\u2019edifici.<\/h3>\n\n\n\n<p class=\"wp-block-paragraph\">El Consell ha autoritzat l\u2019ampliaci\u00f3 dels contractes d\u2019emerg\u00e8ncia per a la reparaci\u00f3 dels danys a l\u2019esgl\u00e9sia del Salvador del castell de Bu\u00f1ol afectada per les inundacions del passat 29 d\u2019octubre.&nbsp;<\/p>\n\n\n\n<p class=\"wp-block-paragraph\">El castell de Bu\u00f1ol \u00e9s el b\u00e9 d\u2019inter\u00e9s cultural (BIC) que m\u00e9s danys ha patit a conseq\u00fc\u00e8ncia del temporal, que va provocar greus problemes en l\u2019estructura de la seua esgl\u00e9sia, seu del Museu Etnogr\u00e0fic de la localitat, tal com s\u2019arreplega en l\u2019informe realitzat pel personal t\u00e8cnic de la Direcci\u00f3 General de Patrimoni Cultural en coordinaci\u00f3 amb l\u2019ajuntament de la localitat.<\/p>\n\n\n\n<p class=\"wp-block-paragraph\">Esta situaci\u00f3 va comportar una declaraci\u00f3 d\u2019emerg\u00e8ncia de les obres de conservaci\u00f3 i restauraci\u00f3, amb la finalitat d\u2019evitar danys irreparables que pogueren provocar la p\u00e8rdua de part del patrimoni cultural declarat BIC.<\/p>\n\n\n\n<p class=\"wp-block-paragraph\">Aix\u00ed, els efectes de les pluges van produir diversos despreniments que van deixar dos dels llen\u00e7os de l\u2019edifici en un estat precari i inestable i amb el risc de col\u00b7lapse de les estructures existents, la qual cosa podia afectar la integritat dels elements del castell, aix\u00ed com comprometre la seguretat de les persones.<\/p>\n\n\n\n<p class=\"wp-block-paragraph\">Per aix\u00f2, la contractaci\u00f3 d\u2019emerg\u00e8ncia inicial tenia com a objectiu la reparaci\u00f3 puntual del mur que dona a la pla\u00e7a de l\u2019esgl\u00e9sia del Salvador i del mur lateral, que dona al barranc, per a poder retornar l\u2019estabilitat a l\u2019edifici.<\/p>\n\n\n\n<p class=\"wp-block-paragraph\">No obstant aix\u00f2, el mes de mar\u00e7 de 2025 es van produir noves solsides a causa del mal estat en el qual havia quedat l\u2019edifici, la qual cosa ha portat a ampliar la contractaci\u00f3 d\u2019emerg\u00e8ncia per a poder atendre estos danys i garantir la seguretat estructural i protecci\u00f3 del patrimoni hist\u00f2ric.<\/p>\n\n\n\n<p class=\"wp-block-paragraph\">D\u2019esta manera, el pressupost d\u2019estes obres d\u2019emerg\u00e8ncia passa dels 287.209 euros inicials a 413.669 euros, procedents del Pla de recuperaci\u00f3, transformaci\u00f3 i resili\u00e8ncia (PRTR) de la Uni\u00f3 Europea, en el seu apartat destinat a la conservaci\u00f3, restauraci\u00f3 i valoritzaci\u00f3 del patrimoni cultural en la Comunitat Valenciana.&nbsp;<\/p>\n\n\n\n<p class=\"wp-block-paragraph\">Esta quantitat es destina a finan\u00e7ar l\u2019execuci\u00f3 de les obres de consolidaci\u00f3 dels murs, la direcci\u00f3 d\u2019obra, el projecte i la mem\u00f2ria final, aix\u00ed com el seguiment arqueol\u00f2gic.<br>\u00a0<\/p>\n\n\n\n<figure class=\"wp-block-gallery has-nested-images columns-default is-cropped wp-block-gallery-1 is-layout-flex wp-block-gallery-is-layout-flex\">\n<figure class=\"wp-block-image size-large\"><img loading=\"lazy\" decoding=\"async\" width=\"768\" height=\"1024\" data-id=\"270493\" src=\"https:\/\/www.tucomarca.com\/wordpress\/segunda\/wp-content\/uploads\/2025\/06\/BunolObrasCastillo2-768x1024.jpg\" alt=\"\" class=\"wp-image-270493\" srcset=\"https:\/\/tucomarca.whitekongsoftware.com\/wp-content\/uploads\/2025\/06\/BunolObrasCastillo2-768x1024.jpg 768w, https:\/\/tucomarca.whitekongsoftware.com\/wp-content\/uploads\/2025\/06\/BunolObrasCastillo2-225x300.jpg 225w, https:\/\/tucomarca.whitekongsoftware.com\/wp-content\/uploads\/2025\/06\/BunolObrasCastillo2.jpg 945w\" sizes=\"auto, (max-width: 768px) 100vw, 768px\" \/><\/figure>\n\n\n\n<figure class=\"wp-block-image size-large\"><img loading=\"lazy\" decoding=\"async\" width=\"768\" height=\"1024\" data-id=\"270495\" src=\"https:\/\/www.tucomarca.com\/wordpress\/segunda\/wp-content\/uploads\/2025\/06\/BunolObrasCastillo3-768x1024.jpg\" alt=\"\" class=\"wp-image-270495\" srcset=\"https:\/\/tucomarca.whitekongsoftware.com\/wp-content\/uploads\/2025\/06\/BunolObrasCastillo3-768x1024.jpg 768w, https:\/\/tucomarca.whitekongsoftware.com\/wp-content\/uploads\/2025\/06\/BunolObrasCastillo3-225x300.jpg 225w, https:\/\/tucomarca.whitekongsoftware.com\/wp-content\/uploads\/2025\/06\/BunolObrasCastillo3.jpg 945w\" sizes=\"auto, (max-width: 768px) 100vw, 768px\" \/><\/figure>\n<\/figure>\n","protected":false},"excerpt":{"rendered":"<div class=\"mh-excerpt\">El pressupost passa de 287.209 euros previstos inicialment a 413.669 euros per a la rehabilitaci\u00f3 dels danys provocats per la dana en l\u2019esgl\u00e9sia del Salvador. A l\u2019actuaci\u00f3 inicial se suma la reparaci\u00f3 dels danys ocasionats <a class=\"mh-excerpt-more\" href=\"https:\/\/tucomarca.whitekongsoftware.com\/ca\/el-consell-autoritza-lampliacio-dels-contractes-demergencia-per-a-atendre-la-totalitat-de-les-obres-de-reparacio-de-danys-en-el-castell-de-bunol\/\" title=\"El Consell autoritza l\u2019ampliaci\u00f3 dels contractes d\u2019emerg\u00e8ncia per a atendre la totalitat de les obres de reparaci\u00f3 de danys en el castell de Bu\u00f1ol\">[+] <\/a><\/div>\n","protected":false},"author":1,"featured_media":270492,"comment_status":"open","ping_status":"open","sticky":false,"template":"","format":"gallery","meta":{"footnotes":""},"categories":[10911,10898,10948,10894,10904,10912,11007,10947,10896,10897],"tags":[10913,12679,11498,10914],"class_list":["post-270498","post","type-post","status-publish","format-gallery","has-post-thumbnail","category-bunol-ca","category-ventana-ca","category-infraestructuras-ca","category-la-comarca-ca","category-sin-categorizar-ca","category-la-hoya-ca","category-ocio-y-cultura-ca","category-politica","category-seccion-ca","category-sucesos-la-comarca-ca","tag-bunol-ca","tag-castillo-ca","tag-generalitat-valenciana-ca","tag-la-hoya-de-bunol-chiva-ca","post_format-post-format-gallery"],"_links":{"self":[{"href":"https:\/\/tucomarca.whitekongsoftware.com\/ca\/wp-json\/wp\/v2\/posts\/270498","targetHints":{"allow":["GET"]}}],"collection":[{"href":"https:\/\/tucomarca.whitekongsoftware.com\/ca\/wp-json\/wp\/v2\/posts"}],"about":[{"href":"https:\/\/tucomarca.whitekongsoftware.com\/ca\/wp-json\/wp\/v2\/types\/post"}],"author":[{"embeddable":true,"href":"https:\/\/tucomarca.whitekongsoftware.com\/ca\/wp-json\/wp\/v2\/users\/1"}],"replies":[{"embeddable":true,"href":"https:\/\/tucomarca.whitekongsoftware.com\/ca\/wp-json\/wp\/v2\/comments?post=270498"}],"version-history":[{"count":0,"href":"https:\/\/tucomarca.whitekongsoftware.com\/ca\/wp-json\/wp\/v2\/posts\/270498\/revisions"}],"wp:featuredmedia":[{"embeddable":true,"href":"https:\/\/tucomarca.whitekongsoftware.com\/ca\/wp-json\/wp\/v2\/media\/270492"}],"wp:attachment":[{"href":"https:\/\/tucomarca.whitekongsoftware.com\/ca\/wp-json\/wp\/v2\/media?parent=270498"}],"wp:term":[{"taxonomy":"category","embeddable":true,"href":"https:\/\/tucomarca.whitekongsoftware.com\/ca\/wp-json\/wp\/v2\/categories?post=270498"},{"taxonomy":"post_tag","embeddable":true,"href":"https:\/\/tucomarca.whitekongsoftware.com\/ca\/wp-json\/wp\/v2\/tags?post=270498"}],"curies":[{"name":"wp","href":"https:\/\/api.w.org\/{rel}","templated":true}]}}