{"id":270438,"date":"2025-06-25T09:15:00","date_gmt":"2025-06-25T07:15:00","guid":{"rendered":"https:\/\/www.tucomarca.com\/wordpress\/segunda\/?p=270438"},"modified":"2025-06-25T22:27:04","modified_gmt":"2025-06-25T20:27:04","slug":"la-diputacio-aprova-sis-nous-projectes-del-pla-obert-al-camp-de-turia-la-serrania-i-el-rincon-de-ademuz","status":"publish","type":"post","link":"https:\/\/tucomarca.whitekongsoftware.com\/ca\/la-diputacio-aprova-sis-nous-projectes-del-pla-obert-al-camp-de-turia-la-serrania-i-el-rincon-de-ademuz\/","title":{"rendered":"La Diputaci\u00f3 aprova sis nous projectes del Pla Obert al Camp de T\u00faria, la Serran\u00eda i el Rinc\u00f3n de Ademuz"},"content":{"rendered":"\n<h3 class=\"wp-block-heading\">L&#8217;\u00e0rea de Cooperaci\u00f3 Municipal destina un total de 250.000 euros a diferents millores en els municipis de Marines, Vilamarxant, Dome\u00f1o, Casas Bajas i Ademuz.<\/h3>\n\n\n\n<h3 class=\"wp-block-heading\">La vicepresidenta Nat\u00e0lia Enguix destaca \u201cl&#8217;increment progressiu de la presentaci\u00f3 de sol\u00b7licituds per part dels ajuntaments, que ja tenen en marxa o executats 508 projectes per valor de quasi 80 milions\u201d.<\/h3>\n\n\n\n<h3 class=\"wp-block-heading\">El president, Vicent Momp\u00f3, recorda als alcaldes i alcaldesses que \u201cpoden recolzar-se en la Diputaci\u00f3 i els seus t\u00e8cnics per a portar avant les actuacions i gastar fins a l&#8217;\u00faltim euro d&#8217;un pla amb 350 milions\u201d.<\/h3>\n\n\n\n<p class=\"wp-block-paragraph\">La Diputaci\u00f3 de Val\u00e8ncia ha donat llum verda durant el mes de juny a dos nous projectes presentats per altres tants municipis del Camp de T\u00faria (Marines i Vilamarxant); a un projecte a la comarca de la Serran\u00eda, concretament en la localitat de Dome\u00f1o; i a tres projectes m\u00e9s en dos pobles del Rinc\u00f3n de Ademuz (Casas Bajas i Ademuz). La inversi\u00f3 global dels sis projectes ascendix a 247.779 euros, que ser\u00e0 finan\u00e7ada amb els fons del Pla Obert de la Diputaci\u00f3.<\/p>\n\n\n\n<p class=\"wp-block-paragraph\">Al Camp de T\u00faria, destaca l&#8217;actuaci\u00f3 que dur\u00e0 a terme l&#8217;Ajuntament de Marines per a executar un nou circuit de pumptrack per a \u00fas de bicicletes i patinets, que s&#8217;empla\u00e7ar\u00e0 al parc p\u00fablic del Real, i que suposar\u00e0 una inversi\u00f3 de 53.000 euros; mentres que en el municipi de Vilamarxant, es destinaran 49.500 euros per a escometre millores en el CEIP Horta Major.<\/p>\n\n\n\n<p class=\"wp-block-paragraph\">Per part seua, en el Rinc\u00f3n de Ademuz, un dels projectes presentats per Casas Bajas consistix en la renovaci\u00f3 de diferents elements del got de la piscina municipal. A m\u00e9s, en el terme municipal d&#8217;Ademuz es realitzaran obres de reurbanitzaci\u00f3 en l\u2019aldea de Sesga per valor de 50.000 euros. Finalment, la localitat de Dome\u00f1o, en la Serran\u00eda, ha presentat un projecte per a renovar aparells d&#8217;aire condicionat en depend\u00e8ncies municipals.<\/p>\n\n\n\n<p class=\"wp-block-paragraph\"><strong>Nou decret<\/strong><\/p>\n\n\n\n<p class=\"wp-block-paragraph\">El nou decret del Pla Obert aprovat per la Diputaci\u00f3 de Val\u00e8ncia eleva a 508 els projectes en marxa o ja executats en el total de la prov\u00edncia, amb una inversi\u00f3 global de 78,5 milions d&#8217;euros. D&#8217;esta manera, en poc m\u00e9s d&#8217;un any, l&#8217;\u00e0rea de Cooperaci\u00f3 Municipal que coordina la vicepresidenta primera, Nat\u00e0lia Enguix, ha donat llum verda al 23% del pla quadriennal, amb 350 milions d&#8217;euros que podran destinar-se a la millora d&#8217;infraestructures i servicis fins a finals de 2027. \u201cEn els \u00faltims mesos hem experimentat un increment progressiu en la presentaci\u00f3 de les sol\u00b7licituds per part dels ajuntaments, que continuen definint i posant en marxa els seus projectes de legislatura\u201d, afirma Enguix.<\/p>\n\n\n\n<p class=\"wp-block-paragraph\">La mateixa Enguix, responsable de Cooperaci\u00f3 Municipal, explica que en el nou decret \u201cdestaquen principalment les actuacions de millora i ampliaci\u00f3 d&#8217;espais verds, jardins i instal\u00b7lacions esportives, aix\u00ed com les obres de renovaci\u00f3 de les xarxes d&#8217;aigua potable i clavegueram, que s\u00f3n els projectes que incentivem des de la Diputaci\u00f3 per la seua import\u00e0ncia per al desenvolupament sostenible i la qualitat de vida en els nostres municipis\u201d. No falten altres actuacions en mat\u00e8ria d&#8217;urbanisme i accessibilitat, efici\u00e8ncia energ\u00e8tica o rehabilitaci\u00f3 d&#8217;espais municipals, afig la vicepresidenta Enguix, qui recorda que els ajuntaments \u201cpoden continuar presentant les sol\u00b7licituds sense terminis, tenint en compte que les obres es podran executar fins a finals de 2027\u201d.<\/p>\n\n\n\n<p class=\"wp-block-paragraph\">Per part seua, el president, Vicent Momp\u00f3, es dirigix als alcaldes i alcaldesses per a insistir en la proximitat de la Diputaci\u00f3: \u201cpoden recolzar-se en la instituci\u00f3 i els seus t\u00e8cnics per a portar avant eixos projectes de present i futur que en molts casos demanen les ve\u00efnes i ve\u00efns de cada municipi\u201d. \u201cNo es tracta nom\u00e9s d&#8217;aportar recursos econ\u00f2mics, que en este cas \u00e9s la major aportaci\u00f3 en la hist\u00f2ria de la corporaci\u00f3, sin\u00f3 d&#8217;estar molt pendents que els diners es tradu\u00efsquen en millores reals a les nostres comarques, ajudant als pobles, especialment els m\u00e9s xicotets, al fet que executen fins a l&#8217;\u00faltim euro del pla\u201d, afig Momp\u00f3.<\/p>\n\n\n\n<p class=\"wp-block-paragraph\">L&#8217;\u00faltim decret, el setz\u00e9 des que es va posar en marxa el Pla Obert, ha aprovat al juny 53 projectes de 39 municipis, que ja poden posar en marxa el proc\u00e9s de licitaci\u00f3 i adjudicaci\u00f3 de les obres per a executar-les en els terminis previstos. \u201cVeient el desenvolupament del pla, estem cada vegada m\u00e9s conven\u00e7uts que no ens varem equivocar en plantejar un programa quadriennal que oferix facilitats als ajuntaments i que va incrementant el ritme de presentaci\u00f3 de projectes de manera progressiva\u201d, apunta Enguix, que explica que \u201cla major dotaci\u00f3 pressupost\u00e0ria est\u00e0 prevista per a enguany i el pr\u00f2xim any, que s\u00f3n els que han d&#8217;acumular m\u00e9s sol\u00b7licituds perqu\u00e8 les obres es completen en el temps establit\u201d.<\/p>\n","protected":false},"excerpt":{"rendered":"<div class=\"mh-excerpt\">L&#8217;\u00e0rea de Cooperaci\u00f3 Municipal destina un total de 250.000 euros a diferents millores en els municipis de Marines, Vilamarxant, Dome\u00f1o, Casas Bajas i Ademuz. La vicepresidenta Nat\u00e0lia Enguix destaca \u201cl&#8217;increment progressiu de la presentaci\u00f3 de <a class=\"mh-excerpt-more\" href=\"https:\/\/tucomarca.whitekongsoftware.com\/ca\/la-diputacio-aprova-sis-nous-projectes-del-pla-obert-al-camp-de-turia-la-serrania-i-el-rincon-de-ademuz\/\" title=\"La Diputaci\u00f3 aprova sis nous projectes del Pla Obert al Camp de T\u00faria, la Serran\u00eda i el Rinc\u00f3n de Ademuz\">[+] <\/a><\/div>\n","protected":false},"author":12,"featured_media":270435,"comment_status":"open","ping_status":"open","sticky":false,"template":"","format":"standard","meta":{"footnotes":""},"categories":[10890,10926,10892,10924,11035,11046,10898,10948,10894,10932,10903,10947,10896,10927],"tags":[10899,11246,11928,20404],"class_list":["post-270438","post","type-post","status-publish","format-standard","has-post-thumbnail","category-ademus","category-ademus-ca","category-camp-de-turia-ca","category-cases-baixes","category-domeno-ca","category-los-serranos-ca","category-ventana-ca","category-infraestructuras-ca","category-la-comarca-ca","category-marines-ca","category-medio-ambiente-la-comarca-ca","category-politica","category-seccion-ca","category-vilamarxant-ca","tag-camp-de-turia-ca","tag-diputacio-de-valencia-ca","tag-la-serrania-ca","tag-natalia-enguix-2-ca"],"_links":{"self":[{"href":"https:\/\/tucomarca.whitekongsoftware.com\/ca\/wp-json\/wp\/v2\/posts\/270438","targetHints":{"allow":["GET"]}}],"collection":[{"href":"https:\/\/tucomarca.whitekongsoftware.com\/ca\/wp-json\/wp\/v2\/posts"}],"about":[{"href":"https:\/\/tucomarca.whitekongsoftware.com\/ca\/wp-json\/wp\/v2\/types\/post"}],"author":[{"embeddable":true,"href":"https:\/\/tucomarca.whitekongsoftware.com\/ca\/wp-json\/wp\/v2\/users\/12"}],"replies":[{"embeddable":true,"href":"https:\/\/tucomarca.whitekongsoftware.com\/ca\/wp-json\/wp\/v2\/comments?post=270438"}],"version-history":[{"count":0,"href":"https:\/\/tucomarca.whitekongsoftware.com\/ca\/wp-json\/wp\/v2\/posts\/270438\/revisions"}],"wp:featuredmedia":[{"embeddable":true,"href":"https:\/\/tucomarca.whitekongsoftware.com\/ca\/wp-json\/wp\/v2\/media\/270435"}],"wp:attachment":[{"href":"https:\/\/tucomarca.whitekongsoftware.com\/ca\/wp-json\/wp\/v2\/media?parent=270438"}],"wp:term":[{"taxonomy":"category","embeddable":true,"href":"https:\/\/tucomarca.whitekongsoftware.com\/ca\/wp-json\/wp\/v2\/categories?post=270438"},{"taxonomy":"post_tag","embeddable":true,"href":"https:\/\/tucomarca.whitekongsoftware.com\/ca\/wp-json\/wp\/v2\/tags?post=270438"}],"curies":[{"name":"wp","href":"https:\/\/api.w.org\/{rel}","templated":true}]}}