{"id":270429,"date":"2025-06-25T10:15:00","date_gmt":"2025-06-25T08:15:00","guid":{"rendered":"https:\/\/www.tucomarca.com\/wordpress\/segunda\/?p=270429"},"modified":"2025-06-25T22:24:43","modified_gmt":"2025-06-25T20:24:43","slug":"la-diputacio-reivindica-en-europa-el-treball-realitzat-despres-de-la-dana-amb-200-milions-dinversio-i-suport-tecnic","status":"publish","type":"post","link":"https:\/\/tucomarca.whitekongsoftware.com\/ca\/la-diputacio-reivindica-en-europa-el-treball-realitzat-despres-de-la-dana-amb-200-milions-dinversio-i-suport-tecnic\/","title":{"rendered":"La Diputaci\u00f3 reivindica en Europa el treball realitzat despr\u00e9s de la dana amb 200 milions d&#8217;inversi\u00f3 i suport t\u00e8cnic"},"content":{"rendered":"\n<h3 class=\"wp-block-heading\">Les vicepresidentes primera i segona, Nat\u00e0lia Enguix i Reme Mazzolari, i el diputat de Fons Europeus, Juan Ram\u00f3n Adsuara, participen en Vars\u00f2via en una confer\u00e8ncia sobre la resili\u00e8ncia enfront de les cat\u00e0strofes<\/h3>\n\n\n\n<h3 class=\"wp-block-heading\">Mazzolari destaca la recuperaci\u00f3 de les infraestructures danyades en les zones afectades; Enguix exposa el projecte de la Cantereria d&#8217;Ontinyent com a exemple d&#8217;efic\u00e0cia i Adsuara parla de la reconstrucci\u00f3 a Alfafar<\/h3>\n\n\n\n<h3 class=\"wp-block-heading\">La idea \u00e9s \u201cretornar al riu all\u00f2 que \u00e9s del riu i evitar que les persones habiten zones inundables\u201d, coincidixen els responsables de la Diputaci\u00f3<\/h3>\n\n\n\n<p class=\"wp-block-paragraph\">Les vicepresidentes Nat\u00e0lia Enguix i Reme Mazzolari i el diputat de Fons Europeus, Juan Ram\u00f3n Adsuara, han exposat a Vars\u00f2via la gesti\u00f3 de la Diputaci\u00f3 de Val\u00e8ncia despr\u00e9s de la dana en la 18a Confer\u00e8ncia Nacional per a Governs Locals organitzada pel Banc Nacional d&#8217;Economia de Pol\u00f2nia (BGK). En un simposi que ha tingut com a tema central la resili\u00e8ncia enfront de cat\u00e0strofes i situacions de risc, la representaci\u00f3 provincial ha posat com a exemple la r\u00e0pida reacci\u00f3 i el treball realitzat des del primer moment per part de la corporaci\u00f3, destacant els prop de 200 milions d&#8217;euros d&#8217;inversi\u00f3 per a recuperar els servicis b\u00e0sics i les infraestructures danyades en els municipis afectats, per\u00f2 tamb\u00e9 el suport t\u00e8cnic i els recursos humans que continua oferint la Diputaci\u00f3.<\/p>\n\n\n\n<p class=\"wp-block-paragraph\">En este sentit, la vicepresidenta segona i responsable de Carreteres, Reme Mazzolari, ha destacat \u201cla import\u00e0ncia dels governs intermedis i les prov\u00edncies per a fer front a les cat\u00e0strofes, com a institucions m\u00e9s pr\u00f2ximes als municipis\u201d. Despr\u00e9s de la dana, \u201cla Diputaci\u00f3 va actuar amb immediatesa davant l&#8217;emerg\u00e8ncia, mobilitzant eixos 200 milions d&#8217;euros per a destinar-los a la neteja de garatges i soterranis, assist\u00e8ncia t\u00e8cnica, la restituci\u00f3 de ponts, carreteres i comunicacions danyades per la riuada i un fons de conting\u00e8ncia per a ajuntaments afectats. L&#8217;ajuda que vam prestar als municipis tamb\u00e9 ha servit per a restablir el servici d&#8217;aigua potable, arreglar depuradores i reposar material inform\u00e0tic, entre altres actuacions&#8221;, ha afegit.<\/p>\n\n\n\n<p class=\"wp-block-paragraph\">La vicepresidenta segona va recordar, a m\u00e9s, que la dana \u201cva provocar danys estructurals en quasi un centenar de municipis, amb p\u00e8rdues de m\u00e9s de 1.300 milions d&#8217;euros, una cat\u00e0strofe que exigia una resposta r\u00e0pida, humana i efica\u00e7, una resposta institucional exemplar que \u00e9s la que hem donat des de la Diputaci\u00f3\u201d. Reme Mazzolari considera que aix\u00f2 va ser possible en tractar-se \u201cd&#8217;una administraci\u00f3 preparada, compromesa i amb visi\u00f3 a llarg termini, que \u00e9s l&#8217;\u00fanica manera de fer front a les amenaces\u201d.<\/p>\n\n\n\n<p class=\"wp-block-paragraph\">Per a Mazzolari, \u201cesta dram\u00e0tica experi\u00e8ncia tamb\u00e9 ens ha deixat un aprenentatge, que forma part del concepte de resili\u00e8ncia que abordem en esta confer\u00e8ncia\u201d. En la seua opini\u00f3, \u201cnecessitem refor\u00e7ar els vincles entre les nostres diputacions, les prov\u00edncies i les institucions europees, i en eixa l\u00ednia estem treballant per a recuperar les nostres comarques i al mateix temps transformar-les amb criteris de sostenibilitat i prevenci\u00f3\u201d. En este punt ha intervingut la vicepresidenta Enguix amb el referent de la Cantereria, exemple clar de prevenci\u00f3.<\/p>\n\n\n\n<p class=\"wp-block-paragraph\"><strong>La Cantereria d&#8217;Ontinyent<\/strong><\/p>\n\n\n\n<p class=\"wp-block-paragraph\">El projecte de regeneraci\u00f3 de La Cantereria a Ontinyent, conegut tamb\u00e9 com el Parc inundable de les Mam\u00e0s\u202fBelgues, \u00e9s una intervenci\u00f3 mediambiental i urban\u00edstica pionera per a protegir la ciutat enfront del canvi clim\u00e0tic i les crescudes del riu Clariano. La vicepresidenta Enguix, primera tinenta d&#8217;alcalde en la capital de la Vall d&#8217;Albaida, ha exposat el cas de la Cantereria a Vars\u00f2via com a exemple de resili\u00e8ncia i de millorar la seguretat de les persones davant cat\u00e0strofes naturals.<\/p>\n\n\n\n<p class=\"wp-block-paragraph\">Al setembre de 2019, una dana va obligar a desallotjar el barri, que per sort no va registrar v\u00edctimes mortals, per\u00f2 s\u00ed fortes p\u00e8rdues materials. A penes quatre mesos despr\u00e9s, la borrasca Gloria va agreujar la vulnerabilitat de la zona, que es va tornar a evacuar per precauci\u00f3. Davant el risc per a les persones que van posar de manifest els dos fen\u00f2mens, l&#8217;ajuntament va decidir comprar els habitatges i demolir les situades en \u00e0rees d&#8217;alt risc, per a crear un parc inundable. La Conselleria d&#8217;Habitatge va ajudar en les indemnitzacions, igual que el Ministeri constru\u00efx en estos moments la passarel\u00b7la per als vianants per a connectar els marges del riu.<\/p>\n\n\n\n<p class=\"wp-block-paragraph\">En paraules de Nat\u00e0lia Enguix, el projecte de Cantereria &#8220;va ser una iniciativa valenta del nostre alcalde, Jorge Rodr\u00edguez, reconeguda per totes les administracions, que han acabat participant d&#8217;una inversi\u00f3 global pr\u00f2xima als cinc milions d&#8217;euros&#8221;. &#8220;La clau \u00e9s aprendre de situacions que ens mostren el perill per a evitar-lo en un futur&#8221;, assenyala Enguix, qui explica que en el cas d&#8217;Ontinyent &#8220;es va estabilitzar el tal\u00fas per on es va evacuar a les persones i es va transformar l&#8217;espai que estava habitat en un parc que permet la contenci\u00f3 natural de l&#8217;aigua, seguint l&#8217;exemple d&#8217;un altre parc d&#8217;este tipus que est\u00e0 a l&#8217;altre extrem del municipi i que va funcionar molt b\u00e9 durant la dana&#8221;.<\/p>\n\n\n\n<p class=\"wp-block-paragraph\">Tamb\u00e9 ha intervingut el cap de gabinet de Vicepresid\u00e8ncia i representant de l&#8217;Alcaldia d&#8217;Ontinyent, Ricard Gallego, qui ha insistit en la idea de \u201cretornar al riu all\u00f2 que \u00e9s del riu, acabant aix\u00ed amb el perill que suposava la pres\u00e8ncia de persones que vivien en una zona inundable i, per tant, perillosa\u201d. \u201cEl cas d&#8217;Ontinyent ha saltat als mitjans de comunicaci\u00f3 internacionals com un cas d&#8217;\u00e8xit de cara a la preparaci\u00f3 de les ciutats per al canvi clim\u00e0tic&#8221;, ha concl\u00f2s Gallego.<\/p>\n\n\n\n<p class=\"wp-block-paragraph\"><strong>Alfafar, zona zero<\/strong><\/p>\n\n\n\n<p class=\"wp-block-paragraph\">L&#8217;\u00faltim a intervindre ha sigut el diputat d&#8217;Innovaci\u00f3 i Fons Europeus, Juan Ram\u00f3n Adsuara, qui abans d&#8217;entrar en mat\u00e8ria amb el cas d&#8217;Alfafar, municipi de la zona zero de la dana del qual \u00e9s alcalde, ha llan\u00e7at un missatge sobre un altre dels pilars de la resili\u00e8ncia: &#8220;\u00e9s de gran rellev\u00e0ncia en moments cr\u00edtics tenir en compte la salut mental de les persones, aspecte a incidir en futurs programes de preparaci\u00f3 de la poblaci\u00f3 davant cat\u00e0strofes\u201d. La situaci\u00f3 despr\u00e9s de la dana \u201cva ser un s\u00edmil del que podria succeir en qualsevol lloc d&#8217;Europa davant una guerra&#8221;, va assenyalar Adsuara.<\/p>\n\n\n\n<p class=\"wp-block-paragraph\">Respecte a l&#8217;experi\u00e8ncia d&#8217;Alfafar, el seu municipi, ha ressaltat la r\u00e0pida reacci\u00f3 de l&#8217;ajuntament des de l&#8217;endem\u00e0 de la trag\u00e8dia, \u201chabilitant punts municipals per a l&#8217;entrega urgent de subministraments b\u00e0sics, refor\u00e7ant l&#8217;atenci\u00f3 domicili\u00e0ria per a localitzar a persones dependents atrapades a les seues cases, i duent a terme les primeres tasques de neteja i retirada de vehicles\u201d.<\/p>\n\n\n\n<p class=\"wp-block-paragraph\"><\/p>\n","protected":false},"excerpt":{"rendered":"<div class=\"mh-excerpt\">Les vicepresidentes primera i segona, Nat\u00e0lia Enguix i Reme Mazzolari, i el diputat de Fons Europeus, Juan Ram\u00f3n Adsuara, participen en Vars\u00f2via en una confer\u00e8ncia sobre la resili\u00e8ncia enfront de les cat\u00e0strofes Mazzolari destaca la <a class=\"mh-excerpt-more\" href=\"https:\/\/tucomarca.whitekongsoftware.com\/ca\/la-diputacio-reivindica-en-europa-el-treball-realitzat-despres-de-la-dana-amb-200-milions-dinversio-i-suport-tecnic\/\" title=\"La Diputaci\u00f3 reivindica en Europa el treball realitzat despr\u00e9s de la dana amb 200 milions d&#8217;inversi\u00f3 i suport t\u00e8cnic\">[+] <\/a><\/div>\n","protected":false},"author":12,"featured_media":270428,"comment_status":"open","ping_status":"open","sticky":false,"template":"","format":"standard","meta":{"footnotes":""},"categories":[21466,10898,10948,10894,10904,10903,10947,10896,10897],"tags":[15409,11246,21354,21202,20404,19433,22726],"class_list":["post-270429","post","type-post","status-publish","format-standard","has-post-thumbnail","category-dana-ca","category-ventana-ca","category-infraestructuras-ca","category-la-comarca-ca","category-sin-categorizar-ca","category-medio-ambiente-la-comarca-ca","category-politica","category-seccion-ca","category-sucesos-la-comarca-ca","tag-dana-2-ca","tag-diputacio-de-valencia-ca","tag-juan-ramon-adsuara-2-ca","tag-juan-ramon-adsuara","tag-natalia-enguix-2-ca","tag-reme-mazzolari-ca","tag-varsovia-ca"],"_links":{"self":[{"href":"https:\/\/tucomarca.whitekongsoftware.com\/ca\/wp-json\/wp\/v2\/posts\/270429","targetHints":{"allow":["GET"]}}],"collection":[{"href":"https:\/\/tucomarca.whitekongsoftware.com\/ca\/wp-json\/wp\/v2\/posts"}],"about":[{"href":"https:\/\/tucomarca.whitekongsoftware.com\/ca\/wp-json\/wp\/v2\/types\/post"}],"author":[{"embeddable":true,"href":"https:\/\/tucomarca.whitekongsoftware.com\/ca\/wp-json\/wp\/v2\/users\/12"}],"replies":[{"embeddable":true,"href":"https:\/\/tucomarca.whitekongsoftware.com\/ca\/wp-json\/wp\/v2\/comments?post=270429"}],"version-history":[{"count":0,"href":"https:\/\/tucomarca.whitekongsoftware.com\/ca\/wp-json\/wp\/v2\/posts\/270429\/revisions"}],"wp:featuredmedia":[{"embeddable":true,"href":"https:\/\/tucomarca.whitekongsoftware.com\/ca\/wp-json\/wp\/v2\/media\/270428"}],"wp:attachment":[{"href":"https:\/\/tucomarca.whitekongsoftware.com\/ca\/wp-json\/wp\/v2\/media?parent=270429"}],"wp:term":[{"taxonomy":"category","embeddable":true,"href":"https:\/\/tucomarca.whitekongsoftware.com\/ca\/wp-json\/wp\/v2\/categories?post=270429"},{"taxonomy":"post_tag","embeddable":true,"href":"https:\/\/tucomarca.whitekongsoftware.com\/ca\/wp-json\/wp\/v2\/tags?post=270429"}],"curies":[{"name":"wp","href":"https:\/\/api.w.org\/{rel}","templated":true}]}}