{"id":270421,"date":"2025-06-25T09:20:00","date_gmt":"2025-06-25T07:20:00","guid":{"rendered":"https:\/\/www.tucomarca.com\/wordpress\/segunda\/?p=270421"},"modified":"2025-06-25T22:29:02","modified_gmt":"2025-06-25T20:29:02","slug":"la-diputacio-financa-la-remodelacio-de-dos-places-de-carlet-amb-una-inversio-de-quasi-15-milions-deuros","status":"publish","type":"post","link":"https:\/\/tucomarca.whitekongsoftware.com\/ca\/la-diputacio-financa-la-remodelacio-de-dos-places-de-carlet-amb-una-inversio-de-quasi-15-milions-deuros\/","title":{"rendered":"La Diputaci\u00f3 finan\u00e7a la remodelaci\u00f3 de dos places de Carlet amb una inversi\u00f3 de quasi 1,5 milions d\u2019euros"},"content":{"rendered":"\n<h3 class=\"wp-block-heading\">El nou decret del Pla Obert aprova set projectes a la Ribera Alta per un valor de 2.557.000 euros.<\/h3>\n\n\n\n<h3 class=\"wp-block-heading\">La vicepresidenta Nat\u00e0lia Enguix destaca \u201cl&#8217;increment progressiu de la presentaci\u00f3 de sol\u00b7licituds per part dels ajuntaments, que ja tenen en marxa o executats 508 projectes per valor de quasi 80 milions\u201d.<\/h3>\n\n\n\n<h3 class=\"wp-block-heading\">El president, Vicent Momp\u00f3, recorda als alcaldes i alcaldesses que \u201cpoden secundar-se en la Diputaci\u00f3 i els seus t\u00e8cnics per a portar avant les actuacions i gastar fins a l&#8217;\u00faltim euro d&#8217;un pla amb 350 milions\u201d.<\/h3>\n\n\n\n<p class=\"wp-block-paragraph\">Dimecres 25 de juny de 2025.- La Diputaci\u00f3 de Val\u00e8ncia ha aprovat un nou decret del Pla Obert en el qual s&#8217;arrepleguen set projectes a la Ribera Alta per valor de 2.557.000 euros. Entre ells destaca el de Carlet que, amb una inversi\u00f3 d&#8217;1.454.602, preveu la remodelaci\u00f3 de la pla\u00e7a del Convent i la Vila, i la pla\u00e7a Major.&nbsp;<\/p>\n\n\n\n<p class=\"wp-block-paragraph\">A m\u00e9s, s&#8217;ha donat el vistiplau a dos projectes a C\u00e0rcer. D&#8217;una banda, la reforma del poliesportiu municipal per un valor de 428.000 euros. D&#8217;altra banda, la millora de l&#8217;accessibilitat al parc de la pla\u00e7a de la Mare de D\u00e9u dels Desemparats amb una inversi\u00f3 de 51.380 euros.<\/p>\n\n\n\n<p class=\"wp-block-paragraph\">Tamb\u00e9 hi ha dos projectes aprovats a Alzira: es destinaran 150.000 euros a millorar la zona enjardinada de la Muntanyeta del Sant Salvador i 90.000 a renovar la pintura de la senyalitzaci\u00f3 vi\u00e0ria horitzontal en el cas urb\u00e0.&nbsp;<\/p>\n\n\n\n<p class=\"wp-block-paragraph\">D&#8217;altra banda, a Massalav\u00e9s s&#8217;instal\u00b7laran jocs infantils als parcs Jos\u00e9 Mar\u00eda Ordeig i Vicente Giner amb una inversi\u00f3 de 90.529 euros, i en Manuel es destinaran 292-439 euros a substituir la canonada d&#8217;aigua potable en diferents carrers del municipi.<\/p>\n\n\n\n<p class=\"wp-block-paragraph\"><strong>Nou decret<\/strong><\/p>\n\n\n\n<p class=\"wp-block-paragraph\">Este decret, el setz\u00e9 des que es va posar en marxa el Pla Obert, eleva a 508 els projectes en marxa o ja executats, amb una inversi\u00f3 global de 78,5 milions d&#8217;euros. D&#8217;esta manera, en poc m\u00e9s d&#8217;un any, l&#8217;\u00e0rea de Cooperaci\u00f3 Municipal que coordina la vicepresidenta primera, Nat\u00e0lia Enguix, ha donat llum verda al 23% del pla quadriennal, amb 350 milions d&#8217;euros que podran destinar-se a la millora d&#8217;infraestructures i servicis fins a finals de 2027. \u201cEn els \u00faltims mesos hem experimentat un increment progressiu en la presentaci\u00f3 de les sol\u00b7licituds per part dels ajuntaments, que continuen definint i posant en marxa els seus projectes de legislatura\u201d, afirma Enguix.<\/p>\n\n\n\n<p class=\"wp-block-paragraph\">La mateixa Enguix, responsable de Cooperaci\u00f3 Municipal, explica que en el nou decret \u201cdestaquen principalment les actuacions de millora i ampliaci\u00f3 d&#8217;espais verds, jardins i instal\u00b7lacions esportives, aix\u00ed com les obres de renovaci\u00f3 de les xarxes d&#8217;aigua potable i clavegueram, que s\u00f3n els projectes que incentivem des de la Diputaci\u00f3 per la seua import\u00e0ncia per al desenrotllament sostenible i la qualitat de vida en els nostres municipis\u201d. No falten altres actuacions en mat\u00e8ria d&#8217;urbanisme i accessibilitat, efici\u00e8ncia energ\u00e8tica o rehabilitaci\u00f3 d&#8217;espais municipals, afig la vicepresidenta Enguix, qui recorda que els ajuntaments \u201cpoden continuar presentant les sol\u00b7licituds sense terminis, tenint en compte que les obres es podran executar fins a finals de 2027\u201d.<\/p>\n\n\n\n<p class=\"wp-block-paragraph\">Per part seua, el president, Vicent Momp\u00f3, es dirigix als alcaldes i alcaldesses per a insistir en la proximitat de la Diputaci\u00f3: \u201cpoden secundar-se en la instituci\u00f3 i els seus t\u00e8cnics per a portar avant eixos projectes de present i futur que en molts casos demanen les ve\u00efnes i ve\u00efns de cada municipi\u201d. \u201cNo es tracta nom\u00e9s d&#8217;aportar recursos econ\u00f2mics, que en este cas \u00e9s la major aportaci\u00f3 en la hist\u00f2ria de la corporaci\u00f3, sin\u00f3 d&#8217;estar molt pendents que els diners es tradu\u00efsca en millores reals a les nostres comarques, ajudant als pobles, especialment els m\u00e9s xicotets, al fet que executen fins a l&#8217;\u00faltim euro del pla\u201d, afig Momp\u00f3.<\/p>\n","protected":false},"excerpt":{"rendered":"<div class=\"mh-excerpt\">El nou decret del Pla Obert aprova set projectes a la Ribera Alta per un valor de 2.557.000 euros. La vicepresidenta Nat\u00e0lia Enguix destaca \u201cl&#8217;increment progressiu de la presentaci\u00f3 de sol\u00b7licituds per part dels ajuntaments, <a class=\"mh-excerpt-more\" href=\"https:\/\/tucomarca.whitekongsoftware.com\/ca\/la-diputacio-financa-la-remodelacio-de-dos-places-de-carlet-amb-una-inversio-de-quasi-15-milions-deuros\/\" title=\"La Diputaci\u00f3 finan\u00e7a la remodelaci\u00f3 de dos places de Carlet amb una inversi\u00f3 de quasi 1,5 milions d\u2019euros\">[+] <\/a><\/div>\n","protected":false},"author":12,"featured_media":270420,"comment_status":"open","ping_status":"open","sticky":false,"template":"","format":"standard","meta":{"footnotes":""},"categories":[10990,10898,10948,10894,10902,10903,10947,10896],"tags":[11082,11246,11356],"class_list":["post-270421","post","type-post","status-publish","format-standard","has-post-thumbnail","category-carlet-ca","category-ventana-ca","category-infraestructuras-ca","category-la-comarca-ca","category-la-ribera-ca","category-medio-ambiente-la-comarca-ca","category-politica","category-seccion-ca","tag-carlet-ca","tag-diputacio-de-valencia-ca","tag-ribera-alta-ca"],"_links":{"self":[{"href":"https:\/\/tucomarca.whitekongsoftware.com\/ca\/wp-json\/wp\/v2\/posts\/270421","targetHints":{"allow":["GET"]}}],"collection":[{"href":"https:\/\/tucomarca.whitekongsoftware.com\/ca\/wp-json\/wp\/v2\/posts"}],"about":[{"href":"https:\/\/tucomarca.whitekongsoftware.com\/ca\/wp-json\/wp\/v2\/types\/post"}],"author":[{"embeddable":true,"href":"https:\/\/tucomarca.whitekongsoftware.com\/ca\/wp-json\/wp\/v2\/users\/12"}],"replies":[{"embeddable":true,"href":"https:\/\/tucomarca.whitekongsoftware.com\/ca\/wp-json\/wp\/v2\/comments?post=270421"}],"version-history":[{"count":0,"href":"https:\/\/tucomarca.whitekongsoftware.com\/ca\/wp-json\/wp\/v2\/posts\/270421\/revisions"}],"wp:featuredmedia":[{"embeddable":true,"href":"https:\/\/tucomarca.whitekongsoftware.com\/ca\/wp-json\/wp\/v2\/media\/270420"}],"wp:attachment":[{"href":"https:\/\/tucomarca.whitekongsoftware.com\/ca\/wp-json\/wp\/v2\/media?parent=270421"}],"wp:term":[{"taxonomy":"category","embeddable":true,"href":"https:\/\/tucomarca.whitekongsoftware.com\/ca\/wp-json\/wp\/v2\/categories?post=270421"},{"taxonomy":"post_tag","embeddable":true,"href":"https:\/\/tucomarca.whitekongsoftware.com\/ca\/wp-json\/wp\/v2\/tags?post=270421"}],"curies":[{"name":"wp","href":"https:\/\/api.w.org\/{rel}","templated":true}]}}