{"id":270358,"date":"2025-06-25T09:45:00","date_gmt":"2025-06-25T07:45:00","guid":{"rendered":"https:\/\/www.tucomarca.com\/wordpress\/segunda\/?p=270358"},"modified":"2025-06-25T11:34:13","modified_gmt":"2025-06-25T09:34:13","slug":"plans-i-experiencies-en-tierra-bobal-fest-per-a-gaudir-al-complet-de-tot-el-que-tofereix-tierra-bobal","status":"publish","type":"post","link":"https:\/\/tucomarca.whitekongsoftware.com\/ca\/plans-i-experiencies-en-tierra-bobal-fest-per-a-gaudir-al-complet-de-tot-el-que-tofereix-tierra-bobal\/","title":{"rendered":"Plans i experi\u00e8ncies en Tierra Bobal Fest per a gaudir al complet de tot el que t&#8217;ofereix Tierra Bobal"},"content":{"rendered":"\n<h3 class=\"wp-block-heading\">El festival Tierra Bobal Fest \u00e9s molt m\u00e9s que m\u00fasica, \u00e9s el pla perfecte per a descobrir el paisatge, la naturalesa, gastronomia, cultura i patrimoni de Tierra Bobal.<\/h3>\n\n\n\n<p class=\"wp-block-paragraph\">Camporrobles, Caudete de las Fuentes, Xera, Fuenterrobles, Requena, Sinarques, Utiel, Venta del Moro i Villargordo del Cabriel, els nou municipis que integren Tierra Bobal, ultimen els seus preparatius per a gaudir al m\u00e0xim de Tierra Bobal Fest, un festival que a m\u00e9s de m\u00fasica en directe amb artistes com Quique Gonz\u00e1lez, Santiago Auser\u00f3n &amp; L&#8217;Acad\u00e8mia Nocturna o Coneixent R\u00fassia, ve carregat de plans, experi\u00e8ncies, tastos, rutes i senderisme.<\/p>\n\n\n\n<p class=\"wp-block-paragraph\">Les conegudes com a Experi\u00e8ncies Territori s\u00f3n la millor manera de descobrir el territori i gaudir la seua riquesa paisatg\u00edstica i natural. Es tracta d&#8217;una proposta d&#8217;activitats dissenyada a mesura del territori perqu\u00e8 el p\u00fablic conega a fons el seu paisatge, cultura, patrimoni, tradici\u00f3 vitivin\u00edcola i gastronomia.<\/p>\n\n\n\n<p class=\"wp-block-paragraph\">Dins d&#8217;aquestes experi\u00e8ncies, el punt de partida ser\u00e0 la Presentaci\u00f3 de Tierra Bobal Fest i Tast Ac\u00fastic: el divendres 27, a les 17.30 hores, el Museu del Vi de la DO Utiel-Requena acull la presentaci\u00f3 oficial del festival i posteriorment el p\u00fablic podr\u00e0 gaudir del Tast Ac\u00fastic, una proposta de la m\u00e0 del sommelier Juanjo Figueiroa, qui maridar\u00e1 vins DO Utiel-Requena amb m\u00fasica.<\/p>\n\n\n\n<figure class=\"wp-block-gallery has-nested-images columns-default is-cropped wp-block-gallery-1 is-layout-flex wp-block-gallery-is-layout-flex\">\n<figure class=\"wp-block-image size-large\"><img loading=\"lazy\" decoding=\"async\" width=\"1024\" height=\"576\" data-id=\"270353\" src=\"https:\/\/www.tucomarca.com\/wordpress\/segunda\/wp-content\/uploads\/2025\/06\/experienciascava-1024x576.jpg\" alt=\"\" class=\"wp-image-270353\" srcset=\"https:\/\/tucomarca.whitekongsoftware.com\/wp-content\/uploads\/2025\/06\/experienciascava-1024x576.jpg 1024w, https:\/\/tucomarca.whitekongsoftware.com\/wp-content\/uploads\/2025\/06\/experienciascava-300x169.jpg 300w, https:\/\/tucomarca.whitekongsoftware.com\/wp-content\/uploads\/2025\/06\/experienciascava-768x432.jpg 768w, https:\/\/tucomarca.whitekongsoftware.com\/wp-content\/uploads\/2025\/06\/experienciascava-678x381.jpg 678w, https:\/\/tucomarca.whitekongsoftware.com\/wp-content\/uploads\/2025\/06\/experienciascava.jpg 1400w\" sizes=\"auto, (max-width: 1024px) 100vw, 1024px\" \/><\/figure>\n\n\n\n<figure class=\"wp-block-image size-large\"><img loading=\"lazy\" decoding=\"async\" width=\"1024\" height=\"576\" data-id=\"270355\" src=\"https:\/\/www.tucomarca.com\/wordpress\/segunda\/wp-content\/uploads\/2025\/06\/esperienciasvinicolas-1024x576.jpg\" alt=\"\" class=\"wp-image-270355\" srcset=\"https:\/\/tucomarca.whitekongsoftware.com\/wp-content\/uploads\/2025\/06\/esperienciasvinicolas-1024x576.jpg 1024w, https:\/\/tucomarca.whitekongsoftware.com\/wp-content\/uploads\/2025\/06\/esperienciasvinicolas-300x169.jpg 300w, https:\/\/tucomarca.whitekongsoftware.com\/wp-content\/uploads\/2025\/06\/esperienciasvinicolas-768x432.jpg 768w, https:\/\/tucomarca.whitekongsoftware.com\/wp-content\/uploads\/2025\/06\/esperienciasvinicolas-678x381.jpg 678w, https:\/\/tucomarca.whitekongsoftware.com\/wp-content\/uploads\/2025\/06\/esperienciasvinicolas.jpg 1400w\" sizes=\"auto, (max-width: 1024px) 100vw, 1024px\" \/><\/figure>\n<\/figure>\n\n\n\n<p class=\"wp-block-paragraph\"><strong>Experi\u00e8ncies Territori: patrimoni, estreles i viticultura<\/strong><\/p>\n\n\n\n<p class=\"wp-block-paragraph\">El divendres 27 de juny, a les 18 hores, la jornada arranca amb la Ruta Patrimonial, una experi\u00e8ncia \u00fanica a trav\u00e9s d&#8217;una ruta guiada pel Ecomuseo de l&#8217;H\u00e0bitat Tradicional i el Museu del Cereal de Sinarques. Tamb\u00e9 a Sinarques, a partir de les 24.00 hores, Tierra Bobal Fest proposa una nit m\u00e0gica en Cellers Pasiego: un tast de vi fermentat en barrica maridada amb astronomia, per a descobrir aix\u00ed Tierra Bobal com a dest\u00ed Starlight, gr\u00e0cies a la qualitat dels seus cels per la seua baixa contaminaci\u00f3 lum\u00ednica.<\/p>\n\n\n\n<p class=\"wp-block-paragraph\">El dissabte 28 de juny, a les 11.30 hores, la cita Territorios Vin\u00edcolas tindr\u00e0 lloc en Celler Les Merc\u00e8s del Cabriol, a Villargordo del Cabriel, un recorregut enol\u00f2gic per la diversitat de paisatges, s\u00f2ls i expressions del Boval.<\/p>\n\n\n\n<p class=\"wp-block-paragraph\">A les 17 hores, ser\u00e0 el torn del T\u00fanel del Vi a l&#8217;Esgl\u00e9sia de Santa Mar\u00eda de Requena, una degustaci\u00f3 oberta que reuneix cellers del territori per a mostrar la riquesa enol\u00f2gica de Tierra Bobal. Un recorregut lliure entre copes, hist\u00f2ria i arquitectura g\u00f2tica. I per als amants del cava, a partir de les 17.30 hores, les Cuevas de la Vila acolliran en el seu hist\u00f2ric subsol subterrani un exclusiu tast de cava on les bambolles del territori es troben amb segles d&#8217;hist\u00f2ria excavada en la roca.<\/p>\n\n\n\n<p class=\"wp-block-paragraph\">Totes les entrades a les Experi\u00e8ncies Territori tenen acc\u00e9s independent i \u00e9s necessari tindre l&#8217;abonament del festival per a participar en elles.<\/p>\n\n\n\n<p class=\"wp-block-paragraph\"><strong>Plans de naturalesa, gastronomia i vi<\/strong><\/p>\n\n\n\n<p class=\"wp-block-paragraph\">A m\u00e9s de les Experiencias Territorio, Tierra Bobal Fest ofereix plans a trav\u00e9s dels quals descobrir l&#8217;origen i la hist\u00f2ria de Tierra Bobal, propostes per a continuar explorant el territori:<\/p>\n\n\n\n<p class=\"wp-block-paragraph\">El dissabte 28 s&#8217;organitzen multitud d&#8217;activitats com una ruta de senderisme des de les impressionants vistes de Penyes Blanques fins a les Fal\u00e7s del Cabriol, un entorn declarat Reserva de la Biosfera; aix\u00ed com activitats aqu\u00e0tiques en el Pant\u00e0 de Contreras de Villargordo del Cabriel.<\/p>\n\n\n\n<p class=\"wp-block-paragraph\">Per a tancar un cap de setmana \u00fanic, el diumenge 29 s&#8217;ofereix la possibilitat de realitzar un tast sensorial d&#8217;olis ecol\u00f2gics Oli Oli, o un taller i tast de formatges frescos tradicionals en la Formatgeria Foia de l&#8217;Esgl\u00e9sia; gaudir de degustacions copitapas en Ferevin; gaudir tastos de vi en els cellers Sexto Elemento a Venta del Moro i Vinea Clausa a Fuenterrobles; o realitzar la visita al Jaciment Arqueol\u00f2gic el Mol\u00f3n de Camporrobles, un viatge al passat guiat per especialistes, on es conserven vestigis d&#8217;una antiga ciutat fortificada amb espectaculars vistes sobre la comarca.<\/p>\n\n\n\n<p class=\"wp-block-paragraph\">La informaci\u00f3 de preus i reserves d&#8217;aquests plans es poden consultar en la web del festival.<\/p>\n","protected":false},"excerpt":{"rendered":"<div class=\"mh-excerpt\">El festival Tierra Bobal Fest \u00e9s molt m\u00e9s que m\u00fasica, \u00e9s el pla perfecte per a descobrir el paisatge, la naturalesa, gastronomia, cultura i patrimoni de Tierra Bobal. Camporrobles, Caudete de las Fuentes, Xera, Fuenterrobles, <a class=\"mh-excerpt-more\" href=\"https:\/\/tucomarca.whitekongsoftware.com\/ca\/plans-i-experiencies-en-tierra-bobal-fest-per-a-gaudir-al-complet-de-tot-el-que-tofereix-tierra-bobal\/\" title=\"Plans i experi\u00e8ncies en Tierra Bobal Fest per a gaudir al complet de tot el que t&#8217;ofereix Tierra Bobal\">[+] <\/a><\/div>\n","protected":false},"author":12,"featured_media":270352,"comment_status":"open","ping_status":"open","sticky":false,"template":"","format":"standard","meta":{"footnotes":""},"categories":[11019,11031,11032,11054,10898,11055,10894,11007,10908,10909,10896,11058,11059,11060,11061],"tags":[12387,10910,20650],"class_list":["post-270358","post","type-post","status-publish","format-standard","has-post-thumbnail","category-agenda-ca","category-camporrobles-ca","category-caudete-ca","category-chera-ca","category-ventana-ca","category-fuenterrobles-ca","category-la-comarca-ca","category-ocio-y-cultura-ca","category-requena-ca","category-requena-utiel-ca","category-seccion-ca","category-sinarcas-ca","category-utiel-ca","category-venta-del-moro-ca","category-villargordo-del-cabriel-ca","tag-mancomunidad-del-interior-tierra-del-vino-ca","tag-requena-utiel-ca","tag-tierra-bobal-fest-ca"],"_links":{"self":[{"href":"https:\/\/tucomarca.whitekongsoftware.com\/ca\/wp-json\/wp\/v2\/posts\/270358","targetHints":{"allow":["GET"]}}],"collection":[{"href":"https:\/\/tucomarca.whitekongsoftware.com\/ca\/wp-json\/wp\/v2\/posts"}],"about":[{"href":"https:\/\/tucomarca.whitekongsoftware.com\/ca\/wp-json\/wp\/v2\/types\/post"}],"author":[{"embeddable":true,"href":"https:\/\/tucomarca.whitekongsoftware.com\/ca\/wp-json\/wp\/v2\/users\/12"}],"replies":[{"embeddable":true,"href":"https:\/\/tucomarca.whitekongsoftware.com\/ca\/wp-json\/wp\/v2\/comments?post=270358"}],"version-history":[{"count":0,"href":"https:\/\/tucomarca.whitekongsoftware.com\/ca\/wp-json\/wp\/v2\/posts\/270358\/revisions"}],"wp:featuredmedia":[{"embeddable":true,"href":"https:\/\/tucomarca.whitekongsoftware.com\/ca\/wp-json\/wp\/v2\/media\/270352"}],"wp:attachment":[{"href":"https:\/\/tucomarca.whitekongsoftware.com\/ca\/wp-json\/wp\/v2\/media?parent=270358"}],"wp:term":[{"taxonomy":"category","embeddable":true,"href":"https:\/\/tucomarca.whitekongsoftware.com\/ca\/wp-json\/wp\/v2\/categories?post=270358"},{"taxonomy":"post_tag","embeddable":true,"href":"https:\/\/tucomarca.whitekongsoftware.com\/ca\/wp-json\/wp\/v2\/tags?post=270358"}],"curies":[{"name":"wp","href":"https:\/\/api.w.org\/{rel}","templated":true}]}}