{"id":270309,"date":"2025-06-25T09:50:00","date_gmt":"2025-06-25T07:50:00","guid":{"rendered":"https:\/\/www.tucomarca.com\/wordpress\/segunda\/?p=270309"},"modified":"2025-06-25T22:41:46","modified_gmt":"2025-06-25T20:41:46","slug":"el-festival-vivir-de-cine-de-bunyol-finalitza-aquest-divendres-amb-el-classic-de-chaplin-la-quimera-de-lor-amb-acompanyament-musical-del-grup-manjana","status":"publish","type":"post","link":"https:\/\/tucomarca.whitekongsoftware.com\/ca\/el-festival-vivir-de-cine-de-bunyol-finalitza-aquest-divendres-amb-el-classic-de-chaplin-la-quimera-de-lor-amb-acompanyament-musical-del-grup-manjana\/","title":{"rendered":"El Festival Vivir de Cine de Bunyol finalitza aquest divendres amb el cl\u00e0ssic de Chaplin \u201cLa Quimera de l&#8217;Or\u201d amb acompanyament musical del Grup Manjana"},"content":{"rendered":"\n<p class=\"wp-block-paragraph\">El Festival Vvir de Cine de Bunyol posa el fermall d&#8217;or a la seua programaci\u00f3 aquest divendres 27 de juny, a les 19.30 h, en el Palau de la M\u00fasica. La clausura arriba amb una joia del cinema cl\u00e0ssic: La Quimera de l&#8217;Or, de Charles Chaplin, que ser\u00e0 projectada amb acompanyament musical en directe a c\u00e0rrec del Grup Manjana.<\/p>\n\n\n\n<p class=\"wp-block-paragraph\">Aquesta obra mestra del cinema mut, estrenada originalment en 1925 i reeditada en versi\u00f3 sonora pel propi Chaplin en 1942, narra les perip\u00e8cies d&#8217;un solitari cercador d&#8217;or que arriba a Alaska a principis del segle XX. All\u00ed, atrapat per una tempesta de neu, es refugia en la cabanya d&#8217;un bandit, donant lloc a algunes de les escenes m\u00e9s ic\u00f2niques del cinema universal.<\/p>\n\n\n\n<p class=\"wp-block-paragraph\">Amb motiu del centenari de la seua estrena, La Quimera de l&#8217;Or ha sigut reestrenada recentment en sales de cinema de tota Espanya, incloent-hi aquesta projecci\u00f3 especial a Bunyol. La pel\u00b7l\u00edcula va ser nominada als Premis Oscar de 1943 en les categories de Millor banda sonora (drama o com\u00e8dia) i Millor so (James L. Fields).<\/p>\n\n\n\n<p class=\"wp-block-paragraph\">Una oportunitat \u00fanica per a gaudir del millor cinema cl\u00e0ssic amb m\u00fasica en viu, en una experi\u00e8ncia cinematogr\u00e0fica inoblidable.<\/p>\n","protected":false},"excerpt":{"rendered":"<div class=\"mh-excerpt\">El Festival Vvir de Cine de Bunyol posa el fermall d&#8217;or a la seua programaci\u00f3 aquest divendres 27 de juny, a les 19.30 h, en el Palau de la M\u00fasica. La clausura arriba amb una <a class=\"mh-excerpt-more\" href=\"https:\/\/tucomarca.whitekongsoftware.com\/ca\/el-festival-vivir-de-cine-de-bunyol-finalitza-aquest-divendres-amb-el-classic-de-chaplin-la-quimera-de-lor-amb-acompanyament-musical-del-grup-manjana\/\" title=\"El Festival Vivir de Cine de Bunyol finalitza aquest divendres amb el cl\u00e0ssic de Chaplin \u201cLa Quimera de l&#8217;Or\u201d amb acompanyament musical del Grup Manjana\">[+] <\/a><\/div>\n","protected":false},"author":12,"featured_media":270308,"comment_status":"open","ping_status":"open","sticky":false,"template":"","format":"standard","meta":{"footnotes":""},"categories":[11019,10911,11005,10894,10912,11007,10896],"tags":[10913,20414,10914,22722,22267],"class_list":["post-270309","post","type-post","status-publish","format-standard","has-post-thumbnail","category-agenda-ca","category-bunol-ca","category-canal-musica","category-la-comarca-ca","category-la-hoya-ca","category-ocio-y-cultura-ca","category-seccion-ca","tag-bunol-ca","tag-grupo-manjana-ca","tag-la-hoya-de-bunol-chiva-ca","tag-la-quimera-del-oro-ca","tag-vivir-de-cine-2025-ca"],"_links":{"self":[{"href":"https:\/\/tucomarca.whitekongsoftware.com\/ca\/wp-json\/wp\/v2\/posts\/270309","targetHints":{"allow":["GET"]}}],"collection":[{"href":"https:\/\/tucomarca.whitekongsoftware.com\/ca\/wp-json\/wp\/v2\/posts"}],"about":[{"href":"https:\/\/tucomarca.whitekongsoftware.com\/ca\/wp-json\/wp\/v2\/types\/post"}],"author":[{"embeddable":true,"href":"https:\/\/tucomarca.whitekongsoftware.com\/ca\/wp-json\/wp\/v2\/users\/12"}],"replies":[{"embeddable":true,"href":"https:\/\/tucomarca.whitekongsoftware.com\/ca\/wp-json\/wp\/v2\/comments?post=270309"}],"version-history":[{"count":0,"href":"https:\/\/tucomarca.whitekongsoftware.com\/ca\/wp-json\/wp\/v2\/posts\/270309\/revisions"}],"wp:featuredmedia":[{"embeddable":true,"href":"https:\/\/tucomarca.whitekongsoftware.com\/ca\/wp-json\/wp\/v2\/media\/270308"}],"wp:attachment":[{"href":"https:\/\/tucomarca.whitekongsoftware.com\/ca\/wp-json\/wp\/v2\/media?parent=270309"}],"wp:term":[{"taxonomy":"category","embeddable":true,"href":"https:\/\/tucomarca.whitekongsoftware.com\/ca\/wp-json\/wp\/v2\/categories?post=270309"},{"taxonomy":"post_tag","embeddable":true,"href":"https:\/\/tucomarca.whitekongsoftware.com\/ca\/wp-json\/wp\/v2\/tags?post=270309"}],"curies":[{"name":"wp","href":"https:\/\/api.w.org\/{rel}","templated":true}]}}