{"id":270228,"date":"2025-06-23T13:15:00","date_gmt":"2025-06-23T11:15:00","guid":{"rendered":"https:\/\/www.tucomarca.com\/wordpress\/segunda\/?p=270228"},"modified":"2025-06-23T13:28:49","modified_gmt":"2025-06-23T11:28:49","slug":"la-generalitat-continua-les-obres-de-reconstruccio-de-la-cv-50-a-xest-que-estara-totalment-operativa-aquest-estiu","status":"publish","type":"post","link":"https:\/\/tucomarca.whitekongsoftware.com\/ca\/la-generalitat-continua-les-obres-de-reconstruccio-de-la-cv-50-a-xest-que-estara-totalment-operativa-aquest-estiu\/","title":{"rendered":"La Generalitat cont\u00ednua les obres de reconstrucci\u00f3 de la CV-50 a Xest que estar\u00e0 totalment operativa aquest estiu"},"content":{"rendered":"\n<h3 class=\"wp-block-heading\">El divendres va arribar a Val\u00e8ncia procedent de Sevilla una biga de 36 metres i 190 tones, clau per a culminar les obres en la CV-50.<\/h3>\n\n\n\n<h3 class=\"wp-block-heading\">Els ponts situats en aquesta via en el terme municipal de Xest van resultar greument afectats per les inundacions.<\/h3>\n\n\n\n<p class=\"wp-block-paragraph\">La Conselleria de Medi Ambient, Infraestructures i Territori ha anunciat l&#8217;arribada de la imponent biga que marca l&#8217;inici de la recta final en les obres de reconstrucci\u00f3 dels ponts de la CV\u201150 a Xest, una infraestructura clau que va patir greus danys durant les inundacions del passat mes d&#8217;octubre.<\/p>\n\n\n\n<p class=\"wp-block-paragraph\">La directora general d&#8217;Infraestructures Vi\u00e0ries, Mar\u00eda Jos\u00e9 Mart\u00ednez Ruzafa, ha assenyalat que la instal\u00b7laci\u00f3 de la biga \u201c\u00e9s una intervenci\u00f3 decisiva que permetr\u00e0 restablir per complet la funcionalitat i seguretat de la CV-50, amb previsi\u00f3 que estiga plenament operativa el mes d&#8217;agost\u201d.<\/p>\n\n\n\n<p class=\"wp-block-paragraph\">Mart\u00ednez Ruzafa ha explicat que aquesta biga, de 36 metres de longitud, 190 tones de pes i cinc metres d&#8217;ample, ha hagut de fabricar-se a Sevilla a causa de les seues dimensions i especificacions t\u00e8cniques, i el seu trasllat fins a Xest ha requerit una setmana de transport especialitzat.<\/p>\n\n\n\n<p class=\"wp-block-paragraph\">\u201cEs tracta d&#8217;una pe\u00e7a fonamental per a continuar amb els treballs en els trams compresos entre els punts quilom\u00e8trics 74+000 i 76+200, on se situen els ponts afectats pel temporal\u201d, ha subratllat Mart\u00ednez Ruzafa, qui ha recordat que aquestes actuacions van ser declarades d&#8217;emerg\u00e8ncia pel Consell al novembre de 2024, amb una inversi\u00f3 total de 8,7 milions d&#8217;euros.<\/p>\n\n\n\n<p class=\"wp-block-paragraph\">Cal assenyalar que, per a garantir la mobilitat durant les obres, la Conselleria va posar en marxa al febrer un desviament provisional que ha millorat notablement la circulaci\u00f3 en la zona, en substituci\u00f3 del pont\u00f3 militar instal\u00b7lat per la Unitat Militar d&#8217;Emerg\u00e8ncies al novembre.<\/p>\n\n\n\n<p class=\"wp-block-paragraph\">Aquest desviament, concebut com un pas tipus \u2018gual inundable\u2019, creua el barranc de Xiva i compta amb una longitud de 480 metres. Disposa de dos carrils de 3,5 metres d&#8217;ample, vorals de mig metre i bermes de 0,75 metres, la qual cosa configura una plataforma m\u00e9s segura i funcional que l&#8217;anterior soluci\u00f3 provisional.<\/p>\n\n\n\n<p class=\"wp-block-paragraph\">L&#8217;arribada i instal\u00b7laci\u00f3 d&#8217;aquesta biga representa una fita t\u00e8cnica en la reconstrucci\u00f3 de la CV-50, una via estrat\u00e8gica per a la connectivitat i vertebraci\u00f3 del territori, dins del pla \u2018Recuperem Val\u00e8ncia\u2019, amb el qual la Generalitat continua avan\u00e7ant en la recuperaci\u00f3 d&#8217;infraestructures clau en temps r\u00e8cord.<\/p>\n","protected":false},"excerpt":{"rendered":"<div class=\"mh-excerpt\">El divendres va arribar a Val\u00e8ncia procedent de Sevilla una biga de 36 metres i 190 tones, clau per a culminar les obres en la CV-50. Els ponts situats en aquesta via en el terme <a class=\"mh-excerpt-more\" href=\"https:\/\/tucomarca.whitekongsoftware.com\/ca\/la-generalitat-continua-les-obres-de-reconstruccio-de-la-cv-50-a-xest-que-estara-totalment-operativa-aquest-estiu\/\" title=\"La Generalitat cont\u00ednua les obres de reconstrucci\u00f3 de la CV-50 a Xest que estar\u00e0 totalment operativa aquest estiu\">[+] <\/a><\/div>\n","protected":false},"author":1,"featured_media":270224,"comment_status":"open","ping_status":"open","sticky":false,"template":"","format":"standard","meta":{"footnotes":""},"categories":[21466,10898,10948,10894,10904,10912,10903,10947,10896,10897,10974],"tags":[11071,12537,15409,11498,10914],"class_list":["post-270228","post","type-post","status-publish","format-standard","has-post-thumbnail","category-dana-ca","category-ventana-ca","category-infraestructuras-ca","category-la-comarca-ca","category-sin-categorizar-ca","category-la-hoya-ca","category-medio-ambiente-la-comarca-ca","category-politica","category-seccion-ca","category-sucesos-la-comarca-ca","category-cheste-ca","tag-cheste","tag-cv-50-ca","tag-dana-2-ca","tag-generalitat-valenciana-ca","tag-la-hoya-de-bunol-chiva-ca"],"_links":{"self":[{"href":"https:\/\/tucomarca.whitekongsoftware.com\/ca\/wp-json\/wp\/v2\/posts\/270228","targetHints":{"allow":["GET"]}}],"collection":[{"href":"https:\/\/tucomarca.whitekongsoftware.com\/ca\/wp-json\/wp\/v2\/posts"}],"about":[{"href":"https:\/\/tucomarca.whitekongsoftware.com\/ca\/wp-json\/wp\/v2\/types\/post"}],"author":[{"embeddable":true,"href":"https:\/\/tucomarca.whitekongsoftware.com\/ca\/wp-json\/wp\/v2\/users\/1"}],"replies":[{"embeddable":true,"href":"https:\/\/tucomarca.whitekongsoftware.com\/ca\/wp-json\/wp\/v2\/comments?post=270228"}],"version-history":[{"count":0,"href":"https:\/\/tucomarca.whitekongsoftware.com\/ca\/wp-json\/wp\/v2\/posts\/270228\/revisions"}],"wp:featuredmedia":[{"embeddable":true,"href":"https:\/\/tucomarca.whitekongsoftware.com\/ca\/wp-json\/wp\/v2\/media\/270224"}],"wp:attachment":[{"href":"https:\/\/tucomarca.whitekongsoftware.com\/ca\/wp-json\/wp\/v2\/media?parent=270228"}],"wp:term":[{"taxonomy":"category","embeddable":true,"href":"https:\/\/tucomarca.whitekongsoftware.com\/ca\/wp-json\/wp\/v2\/categories?post=270228"},{"taxonomy":"post_tag","embeddable":true,"href":"https:\/\/tucomarca.whitekongsoftware.com\/ca\/wp-json\/wp\/v2\/tags?post=270228"}],"curies":[{"name":"wp","href":"https:\/\/api.w.org\/{rel}","templated":true}]}}