{"id":270096,"date":"2025-06-20T09:05:00","date_gmt":"2025-06-20T07:05:00","guid":{"rendered":"https:\/\/www.tucomarca.com\/wordpress\/segunda\/?p=270096"},"modified":"2025-06-20T20:06:12","modified_gmt":"2025-06-20T18:06:12","slug":"fotogaleria-ruta-sota-la-lluna-plena-a-xest","status":"publish","type":"post","link":"https:\/\/tucomarca.whitekongsoftware.com\/ca\/fotogaleria-ruta-sota-la-lluna-plena-a-xest\/","title":{"rendered":"Fotogaler\u00eda: ruta sota la lluna plena a Xest"},"content":{"rendered":"\n<p class=\"wp-block-paragraph\">25 persones han participat en una nova cita de senderisme nocturn organitzada aquesta passada setmana des de la Regidoria de Medi Ambient juntament amb l&#8217;empresa CM Plastik.<\/p>\n\n\n\n<p class=\"wp-block-paragraph\">La caminada va partir des de l&#8217;Alberg de La C\u00e1rcama a les 20.00 i el recorregut va disc\u00f3rrer per la Costa del Y\u00e9sar, el barranc del Ganivet i l&#8217;alt de Les Garroferas de Ma\u00f1an fins al refugi. All\u00ed el grup va poder gaudir del sopar amb l&#8217;acompanyament del duo \u00c0nima, que va oferir un variat repertori musical amb peces cl\u00e0ssiques, pop i tangos.<\/p>\n\n\n\n<p class=\"wp-block-paragraph\">Durant el recorregut es van visitar les restes d&#8217;un forn de cal\u00e7 i es van con\u00e9ixer els seus usos tradicionals, i es van visitar construccions d&#8217;antigues cases que s&#8217;empraven per a labors de cultiu com la Ca\u00f1adiquia del Chon, la Casiquia de Mall\u00e9n i la Casiquia de Pe\u00f1o. En el cam\u00ed de tornada els i les senderistes van poder contemplar la lluna plena i fer una observaci\u00f3 guiada en la qual localitzar l&#8217;Ossa major, l&#8217;Ossa menor i estreles com la Polar o Casiopea.<\/p>\n\n\n\n<p class=\"wp-block-paragraph\">Ja passada la mitjanit la ruta finalitzava de nou a Xest, on les persones participants en l&#8217;activitat van rebre com a obsequi una motxilla.<\/p>\n\n\n\n<p class=\"wp-block-paragraph\">\u201cConsiderem imprescindibles aquestes iniciatives per a posar en valor el nostre patrimoni natural i fomentar l&#8217;amor a la naturalesa com a pas previ a la conscienciaci\u00f3 per a la seua conservaci\u00f3 i el foment d&#8217;actituds i h\u00e0bits respectuoses\u201d, ha declarat el Regidor de Medi Ambient, David Pujals.<\/p>\n\n\n\n<figure class=\"wp-block-gallery has-nested-images columns-2 is-cropped wp-block-gallery-1 is-layout-flex wp-block-gallery-is-layout-flex\">\n<figure class=\"wp-block-image size-large\"><img loading=\"lazy\" decoding=\"async\" width=\"1024\" height=\"665\" data-id=\"270087\" src=\"https:\/\/www.tucomarca.com\/wordpress\/segunda\/wp-content\/uploads\/2025\/06\/ChesteSenderismoLunaLlena_1-1024x665.jpg\" alt=\"\" class=\"wp-image-270087\" srcset=\"https:\/\/tucomarca.whitekongsoftware.com\/wp-content\/uploads\/2025\/06\/ChesteSenderismoLunaLlena_1-1024x665.jpg 1024w, https:\/\/tucomarca.whitekongsoftware.com\/wp-content\/uploads\/2025\/06\/ChesteSenderismoLunaLlena_1-300x195.jpg 300w, https:\/\/tucomarca.whitekongsoftware.com\/wp-content\/uploads\/2025\/06\/ChesteSenderismoLunaLlena_1-768x499.jpg 768w, https:\/\/tucomarca.whitekongsoftware.com\/wp-content\/uploads\/2025\/06\/ChesteSenderismoLunaLlena_1.jpg 1181w\" sizes=\"auto, (max-width: 1024px) 100vw, 1024px\" \/><\/figure>\n\n\n\n<figure class=\"wp-block-image size-large\"><img loading=\"lazy\" decoding=\"async\" width=\"1024\" height=\"832\" data-id=\"270091\" src=\"https:\/\/www.tucomarca.com\/wordpress\/segunda\/wp-content\/uploads\/2025\/06\/ChesteSenderismoLunaLlena_4-1024x832.jpg\" alt=\"\" class=\"wp-image-270091\" srcset=\"https:\/\/tucomarca.whitekongsoftware.com\/wp-content\/uploads\/2025\/06\/ChesteSenderismoLunaLlena_4-1024x832.jpg 1024w, https:\/\/tucomarca.whitekongsoftware.com\/wp-content\/uploads\/2025\/06\/ChesteSenderismoLunaLlena_4-300x244.jpg 300w, https:\/\/tucomarca.whitekongsoftware.com\/wp-content\/uploads\/2025\/06\/ChesteSenderismoLunaLlena_4-768x624.jpg 768w, https:\/\/tucomarca.whitekongsoftware.com\/wp-content\/uploads\/2025\/06\/ChesteSenderismoLunaLlena_4.jpg 1181w\" sizes=\"auto, (max-width: 1024px) 100vw, 1024px\" \/><\/figure>\n\n\n\n<figure class=\"wp-block-image size-large\"><img loading=\"lazy\" decoding=\"async\" width=\"1024\" height=\"768\" data-id=\"270093\" src=\"https:\/\/www.tucomarca.com\/wordpress\/segunda\/wp-content\/uploads\/2025\/06\/ChesteSenderismoLunaLlena_5-1024x768.jpg\" alt=\"\" class=\"wp-image-270093\" srcset=\"https:\/\/tucomarca.whitekongsoftware.com\/wp-content\/uploads\/2025\/06\/ChesteSenderismoLunaLlena_5-1024x768.jpg 1024w, https:\/\/tucomarca.whitekongsoftware.com\/wp-content\/uploads\/2025\/06\/ChesteSenderismoLunaLlena_5-300x225.jpg 300w, https:\/\/tucomarca.whitekongsoftware.com\/wp-content\/uploads\/2025\/06\/ChesteSenderismoLunaLlena_5-768x576.jpg 768w, https:\/\/tucomarca.whitekongsoftware.com\/wp-content\/uploads\/2025\/06\/ChesteSenderismoLunaLlena_5-678x509.jpg 678w, https:\/\/tucomarca.whitekongsoftware.com\/wp-content\/uploads\/2025\/06\/ChesteSenderismoLunaLlena_5-326x245.jpg 326w, https:\/\/tucomarca.whitekongsoftware.com\/wp-content\/uploads\/2025\/06\/ChesteSenderismoLunaLlena_5-80x60.jpg 80w, https:\/\/tucomarca.whitekongsoftware.com\/wp-content\/uploads\/2025\/06\/ChesteSenderismoLunaLlena_5.jpg 1181w\" sizes=\"auto, (max-width: 1024px) 100vw, 1024px\" \/><\/figure>\n<\/figure>\n","protected":false},"excerpt":{"rendered":"<div class=\"mh-excerpt\">25 persones han participat en una nova cita de senderisme nocturn organitzada aquesta passada setmana des de la Regidoria de Medi Ambient juntament amb l&#8217;empresa CM Plastik. La caminada va partir des de l&#8217;Alberg de <a class=\"mh-excerpt-more\" href=\"https:\/\/tucomarca.whitekongsoftware.com\/ca\/fotogaleria-ruta-sota-la-lluna-plena-a-xest\/\" title=\"Fotogaler\u00eda: ruta sota la lluna plena a Xest\">[+] <\/a><\/div>\n","protected":false},"author":12,"featured_media":270090,"comment_status":"open","ping_status":"open","sticky":false,"template":"","format":"gallery","meta":{"footnotes":""},"categories":[10894,10912,11007,10896,10974],"tags":[11071,10914],"class_list":["post-270096","post","type-post","status-publish","format-gallery","has-post-thumbnail","category-la-comarca-ca","category-la-hoya-ca","category-ocio-y-cultura-ca","category-seccion-ca","category-cheste-ca","tag-cheste","tag-la-hoya-de-bunol-chiva-ca","post_format-post-format-gallery"],"_links":{"self":[{"href":"https:\/\/tucomarca.whitekongsoftware.com\/ca\/wp-json\/wp\/v2\/posts\/270096","targetHints":{"allow":["GET"]}}],"collection":[{"href":"https:\/\/tucomarca.whitekongsoftware.com\/ca\/wp-json\/wp\/v2\/posts"}],"about":[{"href":"https:\/\/tucomarca.whitekongsoftware.com\/ca\/wp-json\/wp\/v2\/types\/post"}],"author":[{"embeddable":true,"href":"https:\/\/tucomarca.whitekongsoftware.com\/ca\/wp-json\/wp\/v2\/users\/12"}],"replies":[{"embeddable":true,"href":"https:\/\/tucomarca.whitekongsoftware.com\/ca\/wp-json\/wp\/v2\/comments?post=270096"}],"version-history":[{"count":0,"href":"https:\/\/tucomarca.whitekongsoftware.com\/ca\/wp-json\/wp\/v2\/posts\/270096\/revisions"}],"wp:featuredmedia":[{"embeddable":true,"href":"https:\/\/tucomarca.whitekongsoftware.com\/ca\/wp-json\/wp\/v2\/media\/270090"}],"wp:attachment":[{"href":"https:\/\/tucomarca.whitekongsoftware.com\/ca\/wp-json\/wp\/v2\/media?parent=270096"}],"wp:term":[{"taxonomy":"category","embeddable":true,"href":"https:\/\/tucomarca.whitekongsoftware.com\/ca\/wp-json\/wp\/v2\/categories?post=270096"},{"taxonomy":"post_tag","embeddable":true,"href":"https:\/\/tucomarca.whitekongsoftware.com\/ca\/wp-json\/wp\/v2\/tags?post=270096"}],"curies":[{"name":"wp","href":"https:\/\/api.w.org\/{rel}","templated":true}]}}