{"id":270066,"date":"2025-06-20T08:15:00","date_gmt":"2025-06-20T06:15:00","guid":{"rendered":"https:\/\/www.tucomarca.com\/wordpress\/segunda\/?p=270066"},"modified":"2025-06-20T14:40:39","modified_gmt":"2025-06-20T12:40:39","slug":"cinema-jove-inicia-la-seccio-oficial-de-series-i-la-seccio-orbites-de-nous-llenguatges-audiovisuals","status":"publish","type":"post","link":"https:\/\/tucomarca.whitekongsoftware.com\/ca\/cinema-jove-inicia-la-seccio-oficial-de-series-i-la-seccio-orbites-de-nous-llenguatges-audiovisuals\/","title":{"rendered":"Cinema Jove inicia la Secci\u00f3 Oficial de S\u00e8ries i la Secci\u00f3 \u2018\u00d2rbites\u2019 de nous llenguatges audiovisuals"},"content":{"rendered":"\n<h3 class=\"wp-block-heading\">Cinema Jove inicia la Secci\u00f3 Oficial de S\u00e8ries i la Secci\u00f3 \u2018\u00d2rbites\u2019 de nous llenguatges audiovisuals.<\/h3>\n\n\n\n<h3 class=\"wp-block-heading\">La Secci\u00f3 Oficial de S\u00e8ries arranca amb \u2018Maria: the Unknown Calles\u2019, \u2018Oxygen Masks Will (Not) Drop Automatically\u2019 i \u2018Fav\u00e0rtix\u2019.<\/h3>\n\n\n\n<h3 class=\"wp-block-heading\">\u2018\u00d2rbites\u2019 inicia les seues projeccions amb \u2018Corre o vento\u2019, de Paula Fuentes i Guillermo Carrera.<\/h3>\n\n\n\n<p class=\"wp-block-paragraph\">El Festival Internacional de Cinema de Val\u00e8ncia Cinema Jove, organitzat per la Conselleria d&#8217;Educaci\u00f3, Cultura, Universitats i Ocupaci\u00f3, a trav\u00e9s del Institut Valenci\u00e0 de Cultura (IVC), inicia aquest dissabte les projeccions de la Secci\u00f3 Oficial de S\u00e8ries. A m\u00e9s, es podr\u00e0 veure la primera proposta d&#8217;aquest any de la secci\u00f3 \u00d2rbites, dedicada a nous llenguatges de l&#8217;audiovisual i narratives experimentals.<\/p>\n\n\n\n<p class=\"wp-block-paragraph\">La Secci\u00f3 Oficial de S\u00e8ries presenta els dos primers t\u00edtols a competici\u00f3 d&#8217;enguany: \u2018Maria: the Unknown Calles\u2019 (2024) d&#8217;Olga Malea i \u2018Oxygen Masks Will (Not) Drop Automatically\u2019 (2025) de Marcelo Gomes i Carol Min\u00ean. Els primers episodis d&#8217;aquestes dues s\u00e8ries es podran veure a la Sala 7 de l&#8217;edifici Rialto, a les 11.00 hores, presentats per part dels seus equips.<\/p>\n\n\n\n<p class=\"wp-block-paragraph\">La s\u00e8rie grega \u2018Maria: the Unknown Calles\u2019 narra els primers passos art\u00edstics i musicals d&#8217;una adolescent Mar\u00eda Callas durant la Segona Guerra Mundial a Atenes, abans de convertir-se en una diva de talla mundial. La responsable de ficci\u00f3 televisiva Kelly Alchanati i la directora de la s\u00e8rie, Olga Malea, estaran en la presentaci\u00f3.<\/p>\n\n\n\n<p class=\"wp-block-paragraph\">La s\u00e8rie brasilera \u2018Oxygen Masks Will (Not) Drop Automatically\u2019 narra la hist\u00f2ria d&#8217;un assistent de vol gai que, despr\u00e9s de ser diagnosticat amb VIH en l&#8217;auge de l&#8217;epid\u00e8mia, comen\u00e7a a realitzar contraban del tractament innovador AZT al seu pa\u00eds d&#8217;origen, a pesar que el f\u00e0rmac encara no ha sigut aprovat per les autoritats sanit\u00e0ries locals. El productor de la s\u00e8rie, Thiago Pimentel, i el seu protagonista, \u00cdcar Silva, acompanyaran la projecci\u00f3 d&#8217;aquesta estrena a Espanya.<\/p>\n\n\n\n<p class=\"wp-block-paragraph\">Abans de la passada de les dues s\u00e8ries, l&#8217;executiva i consultora de contingut especialitzada a Espanya, Llatinoam\u00e8rica i els Estats Units, Daniela d&#8217;\u00c1ngel, impartir\u00e0 la xarrada \u2018L&#8217;executiu: el teu aliat. Com avaluen el teu gui\u00f3\u2019, enfocada a professionals i interessats en el m\u00f3n de la ficci\u00f3 televisiva.<\/p>\n\n\n\n<p class=\"wp-block-paragraph\">En la Secci\u00f3 Oficial de S\u00e8ries, a la sala 7, a les 16.30 hores, es projecta fora de concurs, \u2018Fav\u00e0rtix\u2019 (2024), de Rafa Montesinos i Ad\u00e1n Aliaga. La sessi\u00f3 compta amb posterior col\u00b7loqui amb la productora Paloma Mora i els actors Abdelatif Hwidar, \u00c1lvar TrIay, Enka Alonso i Paz Garc\u00eda. La s\u00e8rie t\u00e9 com a protagonista a Marta Serra, una brillant inspectora que s&#8217;exilia a la tranquil\u00b7la illa de Menorca, on s&#8217;enfrontar\u00e0 a la ca\u00e7a d&#8217;un assass\u00ed en s\u00e8rie que simula els seus crims com si foren su\u00efcidis.<\/p>\n\n\n\n<figure class=\"wp-block-gallery has-nested-images columns-default is-cropped wp-block-gallery-1 is-layout-flex wp-block-gallery-is-layout-flex\">\n<figure class=\"wp-block-image size-large\"><img loading=\"lazy\" decoding=\"async\" width=\"1024\" height=\"576\" data-id=\"270061\" src=\"https:\/\/www.tucomarca.com\/wordpress\/segunda\/wp-content\/uploads\/2025\/06\/IVC_CinemaJove_Dia2_Series_Oksygenmasks-1024x576.jpg\" alt=\"\" class=\"wp-image-270061\" srcset=\"https:\/\/tucomarca.whitekongsoftware.com\/wp-content\/uploads\/2025\/06\/IVC_CinemaJove_Dia2_Series_Oksygenmasks-1024x576.jpg 1024w, https:\/\/tucomarca.whitekongsoftware.com\/wp-content\/uploads\/2025\/06\/IVC_CinemaJove_Dia2_Series_Oksygenmasks-300x169.jpg 300w, https:\/\/tucomarca.whitekongsoftware.com\/wp-content\/uploads\/2025\/06\/IVC_CinemaJove_Dia2_Series_Oksygenmasks-768x432.jpg 768w, https:\/\/tucomarca.whitekongsoftware.com\/wp-content\/uploads\/2025\/06\/IVC_CinemaJove_Dia2_Series_Oksygenmasks-1536x864.jpg 1536w, https:\/\/tucomarca.whitekongsoftware.com\/wp-content\/uploads\/2025\/06\/IVC_CinemaJove_Dia2_Series_Oksygenmasks-678x381.jpg 678w, https:\/\/tucomarca.whitekongsoftware.com\/wp-content\/uploads\/2025\/06\/IVC_CinemaJove_Dia2_Series_Oksygenmasks.jpg 2048w\" sizes=\"auto, (max-width: 1024px) 100vw, 1024px\" \/><\/figure>\n\n\n\n<figure class=\"wp-block-image size-large\"><img loading=\"lazy\" decoding=\"async\" width=\"900\" height=\"506\" data-id=\"270063\" src=\"https:\/\/www.tucomarca.com\/wordpress\/segunda\/wp-content\/uploads\/2025\/06\/IVC_CinemaJove_Dia2_Series_favaritx.jpg\" alt=\"\" class=\"wp-image-270063\" srcset=\"https:\/\/tucomarca.whitekongsoftware.com\/wp-content\/uploads\/2025\/06\/IVC_CinemaJove_Dia2_Series_favaritx.jpg 900w, https:\/\/tucomarca.whitekongsoftware.com\/wp-content\/uploads\/2025\/06\/IVC_CinemaJove_Dia2_Series_favaritx-300x169.jpg 300w, https:\/\/tucomarca.whitekongsoftware.com\/wp-content\/uploads\/2025\/06\/IVC_CinemaJove_Dia2_Series_favaritx-768x432.jpg 768w, https:\/\/tucomarca.whitekongsoftware.com\/wp-content\/uploads\/2025\/06\/IVC_CinemaJove_Dia2_Series_favaritx-678x381.jpg 678w\" sizes=\"auto, (max-width: 900px) 100vw, 900px\" \/><\/figure>\n<\/figure>\n\n\n\n<p class=\"wp-block-paragraph\"><strong>\u2018\u00d2rbites\u2019<\/strong><\/p>\n\n\n\n<p class=\"wp-block-paragraph\">La secci\u00f3 \u2018\u00d2rbites\u2019 torna a Cinema Jove per a indagar en narratives experimentals i descobrir els nous llenguatges de l&#8217;audiovisual. Enguany sobre\u00efxen com a tem\u00e0tiques vertebrals l&#8217;educaci\u00f3, la reivindicaci\u00f3 rural i la mem\u00f2ria hist\u00f2rica, col\u00b7lectiva i \u00edntima.<\/p>\n\n\n\n<p class=\"wp-block-paragraph\">Sobre aix\u00f2 reflexiona \u2018Corre o vento\u2019 (2024) de Paula Fuentes i Guillermo Carrera, que es projecta en el Teatre Rialto, a les 22.30 hores. La primera pel\u00b7l\u00edcula d&#8217;aquesta secci\u00f3 rescata la hist\u00f2ria de resist\u00e8ncia d&#8217;un llogaret gallec anomenat Vilar do Courel: quan una dona visita al seu avi a les muntanyes de Gal\u00edcia, la realitat al poble es transforma. Les veus i testimoniatges dels \u00faltims habitants resisteixen la desaparici\u00f3 del rural a trav\u00e9s dels seus somnis, records i mem\u00f2ria.<\/p>\n\n\n\n<p class=\"wp-block-paragraph\"><strong>Projeccions de Secci\u00f3 Oficial<\/strong><\/p>\n\n\n\n<p class=\"wp-block-paragraph\">La Secci\u00f3 Oficial de Llargmetratges presenta en la Filmoteca Valenciana, a les 22.30 hores, \u2018Aquell estiu a Par\u00eds\u2019 (2025) de Valentine Cadic, una hist\u00f2ria estiuenca sobre autodescobriment i llibertat. Amb el Par\u00eds dels Jocs Ol\u00edmpics com a tel\u00f3 de fons, Valentine Cadic construeix una aventura en la qual Blandine, interpretada per l&#8217;actriu Blandine Madec, ha de fer front als seus dubtes i anhels per a retrobar-se a si mateixa en una ciutat tan gran com diversa i bella.<\/p>\n\n\n\n<p class=\"wp-block-paragraph\">Madec i Cadic ja van treballar juntes en el curtmetratge \u2018Els grans vacances\u2019 (2023), sort de preq\u00fcela d&#8217;aquest primer llargmetratge de la cineasta, amb la mateixa protagonista. Un curtmetratge l&#8217;\u00e8xit del qual en MyFrenchFilmFestival i Clarmont, va portar a totes dues a donar juntes el salt al llargmetratge i en el qual segons la pr\u00f2pia Cadic \u201creapareix el mateix sentiment de soledat amb la mateixa actriu, la qual cosa permet que tots dos films dialoguen entre si\u201d.<\/p>\n\n\n\n<p class=\"wp-block-paragraph\">Quant a la Secci\u00f3 Oficial de Curtmetratges, cal destacar la presentaci\u00f3 de dos curts valencians que donen bon compte del talent local. El primer, que es podr\u00e0 veure a les 17.30 hores en el Teatre Rialto, \u00e9s \u2018AA Mam\u00e0 rrachos\u2019 (2024) de Sil Mars, que en el seu moment va participar en la Trobada Audiovisual de Joves del propi festival. Una hist\u00f2ria molt actual sobre precarietat, joventut, habitatge i la necessitat de construir un espai propi on poder expressar-se i ser un mateix, m\u00e9s enll\u00e0 del niu familiar.<\/p>\n\n\n\n<p class=\"wp-block-paragraph\">En la sessi\u00f3 de les 20.00 hores, en la mateixa sala, es presentar\u00e0 \u2018Videoclub 2001\u2019 (2025), de Guillermo Polo, que l&#8217;any passat va inaugurar Cinema Jove amb \u2018Ho carrega el diable\u2019 (2024). En aquesta ocasi\u00f3, el cineasta valenci\u00e0 ens trasllada a la tardor de 2005, quan una jove hereta un videoclub despr\u00e9s de la mort del seu pare. Un relat sobre la mem\u00f2ria audiovisual, la nost\u00e0lgia i el dol que far\u00e0 les del\u00edcies dels m\u00e9s cin\u00e8fils.<\/p>\n\n\n\n<p class=\"wp-block-paragraph\"><strong>M\u00e9s que una selecci\u00f3 de Llunes<\/strong><\/p>\n\n\n\n<p class=\"wp-block-paragraph\">Com a part dels esdeveniments de la programaci\u00f3 que celebren el 40 aniversari de Cinema Jove, el festival ha preparat una &#8216;Selecci\u00f3 de Llunes&#8217;: un cicle que torna a projectar les guanyadores recents del Premi Lluna de Val\u00e8ncia al millor llargmetratge, amb la voluntat de posar en valor la traject\u00f2ria del festival.<\/p>\n\n\n\n<p class=\"wp-block-paragraph\">El cicle arranca el dissabte 21 de juny, a les 17.30 hores, en la Filmoteca Valenciana amb la georgiana \u2018La vida d&#8217;Anna\u2019 (2016), amb la qual Nino Basilia es va coronar en la 31 edici\u00f3 del festival. Un emotiu drama que narra la hist\u00f2ria d&#8217;una dona que viatja als Estats Units per a aconseguir-li un futur millor per al seu fill autista.<\/p>\n\n\n\n<p class=\"wp-block-paragraph\">El cicle \u2018High School\u2019 presenta, a les 22.30 hores, en el Espai T\u00faria, \u2018El m\u00e8tode Farrer\u2019 (2023) d&#8217;Esther Morente. Es tracta d&#8217;un sorprenent documental que arreplega les reaccions dels alumnes de Bruce Farrer, un mestre jubilat que encarregava als seus alumnes sempre la mateixa tasca: escriure&#8217;s una carta a ells mateixos sobre com imaginen la seua vida en 20 anys. La directora presentar\u00e0 la seua pel\u00b7l\u00edcula al p\u00fablic en la pla\u00e7a de Viriato.<\/p>\n\n\n\n<p class=\"wp-block-paragraph\">El cicle \u2018El jove Ridley\u2019 arriba al seu equador amb \u2018\u00c0lien: el huit\u00e9 passatger\u2019 (1979) en el CCC Octubre, a les 18.30 hores. Una pel\u00b7l\u00edcula va confirmar el talent com a narrador visual de Ridley Scott. La primera aventura de la tinenta Ripley \u00e9s tamb\u00e9 una de les pel\u00b7l\u00edcules m\u00e9s influents del g\u00e8nere de terror al cinema contemporani, per m\u00e9s que tamb\u00e9 se significa com una cinta que transcendeix les etiquetes de g\u00e8nere.<\/p>\n\n\n\n<p class=\"wp-block-paragraph\">Finalment, dins del cicle \u2018Backstage: \u00cddols Z\u2019, en el Centre del Carmen, a les 22.30 hores, es projecta \u2018Kneecap\u2019 (2024) de Rich Peppiatt, la hist\u00f2ria del grup irland\u00e9s de rap Kneecap. Una pel\u00b7l\u00edcula plena d&#8217;energia rebel sobre tres joves rapers que estan disposats a tot per a expressar-se en la seua llengua materna: l&#8217;irland\u00e9s.<\/p>\n","protected":false},"excerpt":{"rendered":"<div class=\"mh-excerpt\">Cinema Jove inicia la Secci\u00f3 Oficial de S\u00e8ries i la Secci\u00f3 \u2018\u00d2rbites\u2019 de nous llenguatges audiovisuals. La Secci\u00f3 Oficial de S\u00e8ries arranca amb \u2018Maria: the Unknown Calles\u2019, \u2018Oxygen Masks Will (Not) Drop Automatically\u2019 i \u2018Fav\u00e0rtix\u2019. <a class=\"mh-excerpt-more\" href=\"https:\/\/tucomarca.whitekongsoftware.com\/ca\/cinema-jove-inicia-la-seccio-oficial-de-series-i-la-seccio-orbites-de-nous-llenguatges-audiovisuals\/\" title=\"Cinema Jove inicia la Secci\u00f3 Oficial de S\u00e8ries i la Secci\u00f3 \u2018\u00d2rbites\u2019 de nous llenguatges audiovisuals\">[+] <\/a><\/div>\n","protected":false},"author":12,"featured_media":270060,"comment_status":"open","ping_status":"open","sticky":false,"template":"","format":"standard","meta":{"footnotes":""},"categories":[11019,10898,10894,10904,11007,10896],"tags":[22446,14380,22711],"class_list":["post-270066","post","type-post","status-publish","format-standard","has-post-thumbnail","category-agenda-ca","category-ventana-ca","category-la-comarca-ca","category-sin-categorizar-ca","category-ocio-y-cultura-ca","category-seccion-ca","tag-cinema-jove-ca","tag-conselleria-deducacio-ca","tag-seccion-oficial-ca"],"_links":{"self":[{"href":"https:\/\/tucomarca.whitekongsoftware.com\/ca\/wp-json\/wp\/v2\/posts\/270066","targetHints":{"allow":["GET"]}}],"collection":[{"href":"https:\/\/tucomarca.whitekongsoftware.com\/ca\/wp-json\/wp\/v2\/posts"}],"about":[{"href":"https:\/\/tucomarca.whitekongsoftware.com\/ca\/wp-json\/wp\/v2\/types\/post"}],"author":[{"embeddable":true,"href":"https:\/\/tucomarca.whitekongsoftware.com\/ca\/wp-json\/wp\/v2\/users\/12"}],"replies":[{"embeddable":true,"href":"https:\/\/tucomarca.whitekongsoftware.com\/ca\/wp-json\/wp\/v2\/comments?post=270066"}],"version-history":[{"count":0,"href":"https:\/\/tucomarca.whitekongsoftware.com\/ca\/wp-json\/wp\/v2\/posts\/270066\/revisions"}],"wp:featuredmedia":[{"embeddable":true,"href":"https:\/\/tucomarca.whitekongsoftware.com\/ca\/wp-json\/wp\/v2\/media\/270060"}],"wp:attachment":[{"href":"https:\/\/tucomarca.whitekongsoftware.com\/ca\/wp-json\/wp\/v2\/media?parent=270066"}],"wp:term":[{"taxonomy":"category","embeddable":true,"href":"https:\/\/tucomarca.whitekongsoftware.com\/ca\/wp-json\/wp\/v2\/categories?post=270066"},{"taxonomy":"post_tag","embeddable":true,"href":"https:\/\/tucomarca.whitekongsoftware.com\/ca\/wp-json\/wp\/v2\/tags?post=270066"}],"curies":[{"name":"wp","href":"https:\/\/api.w.org\/{rel}","templated":true}]}}