{"id":270043,"date":"2025-06-20T12:00:00","date_gmt":"2025-06-20T10:00:00","guid":{"rendered":"https:\/\/www.tucomarca.com\/wordpress\/segunda\/?p=270043"},"modified":"2025-06-20T13:42:35","modified_gmt":"2025-06-20T11:42:35","slug":"la-unio-xifra-en-3-000-les-hectarees-de-cultiu-afectades-a-utiel-requena-i-la-foia-de-bunyol-per-la-pedra-dahir-que-ha-provocat-al-voltant-de-3-milions-deuros-en-perdues","status":"publish","type":"post","link":"https:\/\/tucomarca.whitekongsoftware.com\/ca\/la-unio-xifra-en-3-000-les-hectarees-de-cultiu-afectades-a-utiel-requena-i-la-foia-de-bunyol-per-la-pedra-dahir-que-ha-provocat-al-voltant-de-3-milions-deuros-en-perdues\/","title":{"rendered":"La Uni\u00f3 xifra en 3.000 les hect\u00e0rees de cultiu afectades a Utiel-Requena i la Foia de Bunyol per la pedra d&#8217;ahir que ha provocat al voltant de 3 milions d&#8217;euros en p\u00e8rdues"},"content":{"rendered":"\n<h3 class=\"wp-block-heading\">L&#8217;organitzaci\u00f3 sol\u00b7licitar\u00e0 a Agroseguro l&#8217;agilitaci\u00f3 de les peritacions, una s\u00e8rie d&#8217;ajudes i mesures fiscals i de Seguretat Social<\/h3>\n\n\n\n<p class=\"wp-block-paragraph\">La Uni\u00f3 Llauradora informa que les tempestes acompanyades de gran\u00edssol d&#8217;ahir dijous van afectar a prop de 3.000 hect\u00e0rees de cultiu a les comarques d&#8217;Utiel-Requena i la Foia de Bunyol, amb danys que van del 10 fins al 80%, depenent de les parcel\u00b7les, i unes p\u00e8rdues inicials estimades d&#8217;uns 3 milions d&#8217;euros.<\/p>\n\n\n\n<p class=\"wp-block-paragraph\">Els termes municipals on s&#8217;observen majors danys a la comarca d&#8217;Utiel-Requena s\u00f3n el d&#8217;Utiel -sobretot a les Cases d&#8217;Utiel-, Requena -en els llogarets principalment de Sant Joan i Roma- i Caudete de las Fuentes. En la Foia de Bunyol el terme municipal amb m\u00e9s afecci\u00f3 \u00e9s Godelleta.<\/p>\n\n\n\n<p class=\"wp-block-paragraph\">La producci\u00f3 agr\u00edcola m\u00e9s afectada \u00e9s la vinya, cultiu predominant a la comarca d&#8217;Utiel-Requena, encara que tamb\u00e9 s&#8217;observen danys en olivar, ametler i cereal. En la Foia de Bunyol l&#8217;afecci\u00f3 m\u00e9s elevada es troba a Godelleta, on tamb\u00e9 hi ha danys en els c\u00edtrics<\/p>\n\n\n\n<p class=\"wp-block-paragraph\">La Uni\u00f3 assenyala que aquesta adversitat climatol\u00f2gica est\u00e0 coberta per l&#8217;actual sistema d&#8217;assegurances agr\u00e0ries i sol\u00b7licitar\u00e0 a Agroseguro que agilitze les peritacions de les parcel\u00b7les afectades el m\u00e0xim possible perqu\u00e8 els agricultors cobren les indemnitzacions. greument per una emerg\u00e8ncia de protecci\u00f3 civil.<\/p>\n\n\n\n<p class=\"wp-block-paragraph\">L&#8217;organitzaci\u00f3 tamb\u00e9 sol\u00b7licitar\u00e0 per a les persones afectades la concessi\u00f3 d&#8217;ajudes directes i per a aix\u00f2 proposa que la Generalitat, a trav\u00e9s de la Conselleria d&#8217;Agricultura, aprove bases reguladores que permeten establir de manera immediata ajudes amb fons propis destinades als titulars d&#8217;explotacions agr\u00edcoles i ramaderes que s&#8217;hagen vist afectats.<\/p>\n\n\n\n<p class=\"wp-block-paragraph\">Tamb\u00e9 demanar\u00e0 la condonaci\u00f3 de l&#8217;IBI de les parcel\u00b7les cultivades i construccions presents en elles, la bonificaci\u00f3 de les quotes de la Seguretat Social durant un any, l&#8217;establiment de pr\u00e9stecs amb inter\u00e9s subvencionat, el repartiment gratu\u00eft de productes fungicides per a evitar l&#8217;aparici\u00f3 de fongs en els camps afe<\/p>\n","protected":false},"excerpt":{"rendered":"<div class=\"mh-excerpt\">L&#8217;organitzaci\u00f3 sol\u00b7licitar\u00e0 a Agroseguro l&#8217;agilitaci\u00f3 de les peritacions, una s\u00e8rie d&#8217;ajudes i mesures fiscals i de Seguretat Social La Uni\u00f3 Llauradora informa que les tempestes acompanyades de gran\u00edssol d&#8217;ahir dijous van afectar a prop de <a class=\"mh-excerpt-more\" href=\"https:\/\/tucomarca.whitekongsoftware.com\/ca\/la-unio-xifra-en-3-000-les-hectarees-de-cultiu-afectades-a-utiel-requena-i-la-foia-de-bunyol-per-la-pedra-dahir-que-ha-provocat-al-voltant-de-3-milions-deuros-en-perdues\/\" title=\"La Uni\u00f3 xifra en 3.000 les hect\u00e0rees de cultiu afectades a Utiel-Requena i la Foia de Bunyol per la pedra d&#8217;ahir que ha provocat al voltant de 3 milions d&#8217;euros en p\u00e8rdues\">[+] <\/a><\/div>\n","protected":false},"author":1,"featured_media":270040,"comment_status":"open","ping_status":"open","sticky":false,"template":"","format":"standard","meta":{"footnotes":""},"categories":[10905,10898,10948,10894,10904,10912,10903,10909,10896,10897],"tags":[10914,18333,10910],"class_list":["post-270043","post","type-post","status-publish","format-standard","has-post-thumbnail","category-agricultura-la-comarca-ca","category-ventana-ca","category-infraestructuras-ca","category-la-comarca-ca","category-sin-categorizar-ca","category-la-hoya-ca","category-medio-ambiente-la-comarca-ca","category-requena-utiel-ca","category-seccion-ca","category-sucesos-la-comarca-ca","tag-la-hoya-de-bunol-chiva-ca","tag-la-unio-ca","tag-requena-utiel-ca"],"_links":{"self":[{"href":"https:\/\/tucomarca.whitekongsoftware.com\/ca\/wp-json\/wp\/v2\/posts\/270043","targetHints":{"allow":["GET"]}}],"collection":[{"href":"https:\/\/tucomarca.whitekongsoftware.com\/ca\/wp-json\/wp\/v2\/posts"}],"about":[{"href":"https:\/\/tucomarca.whitekongsoftware.com\/ca\/wp-json\/wp\/v2\/types\/post"}],"author":[{"embeddable":true,"href":"https:\/\/tucomarca.whitekongsoftware.com\/ca\/wp-json\/wp\/v2\/users\/1"}],"replies":[{"embeddable":true,"href":"https:\/\/tucomarca.whitekongsoftware.com\/ca\/wp-json\/wp\/v2\/comments?post=270043"}],"version-history":[{"count":0,"href":"https:\/\/tucomarca.whitekongsoftware.com\/ca\/wp-json\/wp\/v2\/posts\/270043\/revisions"}],"wp:featuredmedia":[{"embeddable":true,"href":"https:\/\/tucomarca.whitekongsoftware.com\/ca\/wp-json\/wp\/v2\/media\/270040"}],"wp:attachment":[{"href":"https:\/\/tucomarca.whitekongsoftware.com\/ca\/wp-json\/wp\/v2\/media?parent=270043"}],"wp:term":[{"taxonomy":"category","embeddable":true,"href":"https:\/\/tucomarca.whitekongsoftware.com\/ca\/wp-json\/wp\/v2\/categories?post=270043"},{"taxonomy":"post_tag","embeddable":true,"href":"https:\/\/tucomarca.whitekongsoftware.com\/ca\/wp-json\/wp\/v2\/tags?post=270043"}],"curies":[{"name":"wp","href":"https:\/\/api.w.org\/{rel}","templated":true}]}}