{"id":269978,"date":"2025-06-20T12:30:00","date_gmt":"2025-06-20T10:30:00","guid":{"rendered":"https:\/\/www.tucomarca.com\/wordpress\/segunda\/?p=269978"},"modified":"2025-06-20T13:50:42","modified_gmt":"2025-06-20T11:50:42","slug":"detingut-per-robar-en-un-habitatge-de-carlet-mentre-els-seus-ocupants-dormien","status":"publish","type":"post","link":"https:\/\/tucomarca.whitekongsoftware.com\/ca\/detingut-per-robar-en-un-habitatge-de-carlet-mentre-els-seus-ocupants-dormien\/","title":{"rendered":"Detingut per robar en un habitatge de Carlet mentre els seus ocupants dormien"},"content":{"rendered":"\n<h3 class=\"wp-block-heading\">El lladre va ser sorpr\u00e9s in fraganti pels habitants.<\/h3>\n\n\n\n<h3 class=\"wp-block-heading\">Encara que va aconseguir fugir del lloc, la Gu\u00e0rdia Civil el va localitzar instants despr\u00e9s.<\/h3>\n\n\n\n<p class=\"wp-block-paragraph\">La Gu\u00e0rdia Civil ha detingut a l&#8217;autor d&#8217;un robatori a l&#8217;interior d&#8217;un habitatge a Carlet. El lladre va ser sorpr\u00e9s pels ocupants i, encara que va aconseguir fugir del lloc, va ser localitzat i arrestat pels agents instants despr\u00e9s.<\/p>\n\n\n\n<p class=\"wp-block-paragraph\">El detingut va accedir a l&#8217;habitatge a trav\u00e9s d&#8217;una finestra mentre els habitants, un home i una dona, dormien. Durant el robatori, tots dos es van despertar i van sorprendre el lladre, que va reaccionar agafant una navalla d&#8217;una de les v\u00edctimes i amena\u00e7ant a un d&#8217;ells. En veure&#8217;s acorralat i sense possibilitat de fugir pel mateix lloc pel qual havia entrat, va aconseguir escapar per una altra finestra, llan\u00e7ant-se a l&#8217;exterior des d&#8217;una altura de quatre metres.<\/p>\n\n\n\n<p class=\"wp-block-paragraph\">Amb la descripci\u00f3 aportada per les v\u00edctimes, es va establir immediatament un dispositiu de cerca compost per quatre patrulles del Lloc Principal de Carlet. Els agents van voltar la zona i van iniciar una batuda a peu amb la finalitat de trobar a l&#8217;autor.<\/p>\n\n\n\n<p class=\"wp-block-paragraph\">Finalment, el lladre va ser localitzat amagat a l&#8217;interior d&#8217;una s\u00e9quia. Al costat d&#8217;ell, es va trobar la navalla amb la qual havia amena\u00e7at a les v\u00edctimes.<\/p>\n\n\n\n<p class=\"wp-block-paragraph\">Per aquests fets ha sigut detingut un home de 32 anys i nacionalitat espanyola com a autor d&#8217;un delicte de robatori amb for\u00e7a en les coses.<\/p>\n\n\n\n<p class=\"wp-block-paragraph\">Les dilig\u00e8ncies van ser entregades en el Jutjat de Primera Inst\u00e0ncia i Instrucci\u00f3 n\u00famero 4 de Carlet.<\/p>\n","protected":false},"excerpt":{"rendered":"<div class=\"mh-excerpt\">El lladre va ser sorpr\u00e9s in fraganti pels habitants. Encara que va aconseguir fugir del lloc, la Gu\u00e0rdia Civil el va localitzar instants despr\u00e9s. La Gu\u00e0rdia Civil ha detingut a l&#8217;autor d&#8217;un robatori a l&#8217;interior <a class=\"mh-excerpt-more\" href=\"https:\/\/tucomarca.whitekongsoftware.com\/ca\/detingut-per-robar-en-un-habitatge-de-carlet-mentre-els-seus-ocupants-dormien\/\" title=\"Detingut per robar en un habitatge de Carlet mentre els seus ocupants dormien\">[+] <\/a><\/div>\n","protected":false},"author":12,"featured_media":269977,"comment_status":"open","ping_status":"open","sticky":false,"template":"","format":"standard","meta":{"footnotes":""},"categories":[10990,10898,10894,10902,10896,10897],"tags":[11082,11118,11356,22709],"class_list":["post-269978","post","type-post","status-publish","format-standard","has-post-thumbnail","category-carlet-ca","category-ventana-ca","category-la-comarca-ca","category-la-ribera-ca","category-seccion-ca","category-sucesos-la-comarca-ca","tag-carlet-ca","tag-guardia-civil-ca","tag-ribera-alta-ca","tag-robo-en-vivienda-ca"],"_links":{"self":[{"href":"https:\/\/tucomarca.whitekongsoftware.com\/ca\/wp-json\/wp\/v2\/posts\/269978","targetHints":{"allow":["GET"]}}],"collection":[{"href":"https:\/\/tucomarca.whitekongsoftware.com\/ca\/wp-json\/wp\/v2\/posts"}],"about":[{"href":"https:\/\/tucomarca.whitekongsoftware.com\/ca\/wp-json\/wp\/v2\/types\/post"}],"author":[{"embeddable":true,"href":"https:\/\/tucomarca.whitekongsoftware.com\/ca\/wp-json\/wp\/v2\/users\/12"}],"replies":[{"embeddable":true,"href":"https:\/\/tucomarca.whitekongsoftware.com\/ca\/wp-json\/wp\/v2\/comments?post=269978"}],"version-history":[{"count":0,"href":"https:\/\/tucomarca.whitekongsoftware.com\/ca\/wp-json\/wp\/v2\/posts\/269978\/revisions"}],"wp:featuredmedia":[{"embeddable":true,"href":"https:\/\/tucomarca.whitekongsoftware.com\/ca\/wp-json\/wp\/v2\/media\/269977"}],"wp:attachment":[{"href":"https:\/\/tucomarca.whitekongsoftware.com\/ca\/wp-json\/wp\/v2\/media?parent=269978"}],"wp:term":[{"taxonomy":"category","embeddable":true,"href":"https:\/\/tucomarca.whitekongsoftware.com\/ca\/wp-json\/wp\/v2\/categories?post=269978"},{"taxonomy":"post_tag","embeddable":true,"href":"https:\/\/tucomarca.whitekongsoftware.com\/ca\/wp-json\/wp\/v2\/tags?post=269978"}],"curies":[{"name":"wp","href":"https:\/\/api.w.org\/{rel}","templated":true}]}}