{"id":269911,"date":"2025-06-19T12:30:00","date_gmt":"2025-06-19T10:30:00","guid":{"rendered":"https:\/\/www.tucomarca.com\/wordpress\/segunda\/?p=269911"},"modified":"2025-06-19T19:03:39","modified_gmt":"2025-06-19T17:03:39","slug":"la-generalitat-inicia-la-tercera-i-ultima-fase-de-recuperacio-de-la-cv-42-per-a-retornar-a-la-carretera-la-seua-plena-operativitat-el-mes-dagost","status":"publish","type":"post","link":"https:\/\/tucomarca.whitekongsoftware.com\/ca\/la-generalitat-inicia-la-tercera-i-ultima-fase-de-recuperacio-de-la-cv-42-per-a-retornar-a-la-carretera-la-seua-plena-operativitat-el-mes-dagost\/","title":{"rendered":"La Generalitat inicia la tercera i \u00faltima fase de recuperaci\u00f3 de la CV-42 per a retornar a la carretera la seua plena operativitat el mes d&#8217;agost"},"content":{"rendered":"\n<h3 class=\"wp-block-heading\">El conseller d&#8217;Infraestructures visita la zona per a con\u00e9ixer els avan\u00e7os de les obres de rehabilitaci\u00f3 del pont sobre el riu Magre a Algemes\u00ed que romandr\u00e0 tancat durant diversos per\u00edodes.<\/h3>\n\n\n\n<h3 class=\"wp-block-heading\">Les obres se centren ara en el despla\u00e7ament del pont en el marc d&#8217;un projecte al qual es destinen 4,7 milions d&#8217;euros.<\/h3>\n\n\n\n<p class=\"wp-block-paragraph\">El conseller de Medi Ambient, Infraestructures i Territori, Vicente Mart\u00ednez Mus, ha anunciat que s&#8217;ha aconseguit la \u201ctercera i \u00faltima fase\u201d dels treballs de rehabilitaci\u00f3 de la carretera CV\u201142 per a retornar la seua plena operativitat en la primera quinzena d&#8217;agost. Les obres, que compten amb una inversi\u00f3 de la Generalitat de 4,7 milions d&#8217;euros, van comen\u00e7ar el mes de novembre passat despr\u00e9s dels greus danys patits per les inundacions.<\/p>\n\n\n\n<p class=\"wp-block-paragraph\">Mart\u00ednez Mus ha visitat les obres per a con\u00e9ixer l&#8217;avan\u00e7 dels treballs que s&#8217;estan duent a terme en el tram compr\u00e9s entre els punts quilom\u00e8trics 0+000 i 9+400, en el terme municipal d&#8217;Algemes\u00ed, incloent-hi la reparaci\u00f3 de l&#8217;estructura sobre el riu Magre, on amb gats hidr\u00e0ulics s&#8217;ha comen\u00e7at a despla\u00e7ar el pont al seu punt original despr\u00e9s que quedara desajustat 50 cent\u00edmetres el passat 29 d&#8217;octubre. Per aix\u00f2, el pont roman tancat i, despr\u00e9s d&#8217;una reobertura parcial, tornar\u00e0 a ser clausurat per a acabar els treballs.<\/p>\n\n\n\n<p class=\"wp-block-paragraph\">Es tracta, ha assegurat el conseller, d&#8217;un treball d&#8217;enginyeria especialment \u201cdelicat i minuci\u00f3s\u201d. Amb el suport de tota la tecnologia disponible, es corregir\u00e0 el desajustament provocat per la for\u00e7a de l&#8217;aigua i reposar el pont a la seua posici\u00f3 inicial en condicions millorades de resist\u00e8ncia.<\/p>\n\n\n\n<p class=\"wp-block-paragraph\">Mart\u00ednez Mus ha assenyalat que l&#8217;objectiu \u00e9s que, al llarg del mes d&#8217;agost, la infraestructura \u201crecupere completament la seua funcionalitat operativa\u201d. El proc\u00e9s, ha explicat, requerir\u00e0 necess\u00e0riament talles de tr\u00e0nsit, encara que s&#8217;ha habilitat un desviament alternatiu per a garantir la circulaci\u00f3 durant les obres.<\/p>\n\n\n\n<p class=\"wp-block-paragraph\">Amb la tercera fase ja en marxa, el conseller ha assegurat que \u201cla Generalitat entra en la recta final d&#8217;una actuaci\u00f3 clau per a restituir la funcionalitat i seguretat d&#8217;aquesta infraestructura essencial per a la zona\u201d. Segons ha afirmat, \u201centrem en una etapa que podem qualificar com de missi\u00f3 complida i d&#8217;objectius aconseguits\u201d. Despr\u00e9s del viscut, ha afegit, \u201csempre il\u00b7lusiona comprovar que estem complint amb la tasca que ens corresponia\u201d. A m\u00e9s, ha destacat que s&#8217;ha aprofitat aquesta intervenci\u00f3 per a millorar tots aquells elements que contribueixen a refor\u00e7ar la durabilitat i resili\u00e8ncia del pont de cara al futur.<\/p>\n\n\n\n<figure class=\"wp-block-image size-large\"><img loading=\"lazy\" decoding=\"async\" width=\"1024\" height=\"768\" src=\"https:\/\/www.tucomarca.com\/wordpress\/segunda\/wp-content\/uploads\/2025\/06\/3MagroPuente_CV42-1024x768.jpeg\" alt=\"\" class=\"wp-image-269906\" srcset=\"https:\/\/tucomarca.whitekongsoftware.com\/wp-content\/uploads\/2025\/06\/3MagroPuente_CV42-1024x768.jpeg 1024w, https:\/\/tucomarca.whitekongsoftware.com\/wp-content\/uploads\/2025\/06\/3MagroPuente_CV42-300x225.jpeg 300w, https:\/\/tucomarca.whitekongsoftware.com\/wp-content\/uploads\/2025\/06\/3MagroPuente_CV42-768x576.jpeg 768w, https:\/\/tucomarca.whitekongsoftware.com\/wp-content\/uploads\/2025\/06\/3MagroPuente_CV42-1536x1152.jpeg 1536w, https:\/\/tucomarca.whitekongsoftware.com\/wp-content\/uploads\/2025\/06\/3MagroPuente_CV42-2048x1536.jpeg 2048w, https:\/\/tucomarca.whitekongsoftware.com\/wp-content\/uploads\/2025\/06\/3MagroPuente_CV42-678x509.jpeg 678w, https:\/\/tucomarca.whitekongsoftware.com\/wp-content\/uploads\/2025\/06\/3MagroPuente_CV42-326x245.jpeg 326w, https:\/\/tucomarca.whitekongsoftware.com\/wp-content\/uploads\/2025\/06\/3MagroPuente_CV42-80x60.jpeg 80w\" sizes=\"auto, (max-width: 1024px) 100vw, 1024px\" \/><\/figure>\n\n\n\n<p class=\"wp-block-paragraph\"><\/p>\n\n\n\n<p class=\"wp-block-paragraph\"><strong>Obres ja executades<\/strong><\/p>\n\n\n\n<p class=\"wp-block-paragraph\">Des del desbordament del riu Magre arran de les inundacions del passat mes d&#8217;octubre, el tram va quedar pr\u00e0cticament inundat, danyant el seu ferm, terraplens, cunetes, sistemes de contenci\u00f3 i senyalitzaci\u00f3, la qual cosa va obligar a tallar totalment la circulaci\u00f3.<\/p>\n\n\n\n<p class=\"wp-block-paragraph\">En una primera fase, es va procedir a la neteja de la cal\u00e7ada i a la retirada de residus. Paral\u00b7lelament, es va avaluar l&#8217;estructura del pont per a la seua reobertura amb mesures de seguretat, permetent una obertura parcial amb limitacions de velocitat i redistribuci\u00f3 del tr\u00e0nsit que va tindre lloc la primera setmana de novembre de 2024.<\/p>\n\n\n\n<p class=\"wp-block-paragraph\">Durant la segona fase, es van dur a terme treballs de reparaci\u00f3 de terraplens i cunetes, reposici\u00f3 de la senyalitzaci\u00f3, neteja del llit del riu i refor\u00e7 de la fonamentaci\u00f3 amb escullera i formig\u00f3. Cal recordar que aquestes labors, desenvolupades entre novembre i abril, es van veure condicionades per l&#8217;alt cabal del riu i els desembassaments de l&#8217;embassament de Forata, que van retardar temporalment algunes intervencions.<\/p>\n\n\n\n<p class=\"wp-block-paragraph\">Al llarg de tots aquests mesos, la circulaci\u00f3 s&#8217;ha mantingut mitjan\u00e7ant carrils habilitats i control de velocitat, garantint aix\u00ed una m\u00ednima afecci\u00f3 al tr\u00e0nsit. En aquesta \u00faltima fase \u00e9s necessari tallar el tr\u00e0nsit per a realitzar els despla\u00e7aments del pont.<\/p>\n\n\n\n<figure class=\"wp-block-gallery has-nested-images columns-1 is-cropped wp-block-gallery-1 is-layout-flex wp-block-gallery-is-layout-flex\">\n<figure class=\"wp-block-image size-large\"><img loading=\"lazy\" decoding=\"async\" width=\"1024\" height=\"768\" data-id=\"269904\" src=\"https:\/\/www.tucomarca.com\/wordpress\/segunda\/wp-content\/uploads\/2025\/06\/2MagroPuente_CV42-1024x768.jpeg\" alt=\"\" class=\"wp-image-269904\" srcset=\"https:\/\/tucomarca.whitekongsoftware.com\/wp-content\/uploads\/2025\/06\/2MagroPuente_CV42-1024x768.jpeg 1024w, https:\/\/tucomarca.whitekongsoftware.com\/wp-content\/uploads\/2025\/06\/2MagroPuente_CV42-300x225.jpeg 300w, https:\/\/tucomarca.whitekongsoftware.com\/wp-content\/uploads\/2025\/06\/2MagroPuente_CV42-768x576.jpeg 768w, https:\/\/tucomarca.whitekongsoftware.com\/wp-content\/uploads\/2025\/06\/2MagroPuente_CV42-1536x1152.jpeg 1536w, https:\/\/tucomarca.whitekongsoftware.com\/wp-content\/uploads\/2025\/06\/2MagroPuente_CV42-2048x1536.jpeg 2048w, https:\/\/tucomarca.whitekongsoftware.com\/wp-content\/uploads\/2025\/06\/2MagroPuente_CV42-678x509.jpeg 678w, https:\/\/tucomarca.whitekongsoftware.com\/wp-content\/uploads\/2025\/06\/2MagroPuente_CV42-326x245.jpeg 326w, https:\/\/tucomarca.whitekongsoftware.com\/wp-content\/uploads\/2025\/06\/2MagroPuente_CV42-80x60.jpeg 80w\" sizes=\"auto, (max-width: 1024px) 100vw, 1024px\" \/><\/figure>\n<\/figure>\n","protected":false},"excerpt":{"rendered":"<div class=\"mh-excerpt\">El conseller d&#8217;Infraestructures visita la zona per a con\u00e9ixer els avan\u00e7os de les obres de rehabilitaci\u00f3 del pont sobre el riu Magre a Algemes\u00ed que romandr\u00e0 tancat durant diversos per\u00edodes. Les obres se centren ara <a class=\"mh-excerpt-more\" href=\"https:\/\/tucomarca.whitekongsoftware.com\/ca\/la-generalitat-inicia-la-tercera-i-ultima-fase-de-recuperacio-de-la-cv-42-per-a-retornar-a-la-carretera-la-seua-plena-operativitat-el-mes-dagost\/\" title=\"La Generalitat inicia la tercera i \u00faltima fase de recuperaci\u00f3 de la CV-42 per a retornar a la carretera la seua plena operativitat el mes d&#8217;agost\">[+] <\/a><\/div>\n","protected":false},"author":1,"featured_media":269909,"comment_status":"open","ping_status":"open","sticky":false,"template":"","format":"gallery","meta":{"footnotes":""},"categories":[10983,21466,10898,10948,10894,10904,10902,10903,10947,10896,10897],"tags":[],"class_list":["post-269911","post","type-post","status-publish","format-gallery","has-post-thumbnail","category-algemesi-ca","category-dana-ca","category-ventana-ca","category-infraestructuras-ca","category-la-comarca-ca","category-sin-categorizar-ca","category-la-ribera-ca","category-medio-ambiente-la-comarca-ca","category-politica","category-seccion-ca","category-sucesos-la-comarca-ca","post_format-post-format-gallery"],"_links":{"self":[{"href":"https:\/\/tucomarca.whitekongsoftware.com\/ca\/wp-json\/wp\/v2\/posts\/269911","targetHints":{"allow":["GET"]}}],"collection":[{"href":"https:\/\/tucomarca.whitekongsoftware.com\/ca\/wp-json\/wp\/v2\/posts"}],"about":[{"href":"https:\/\/tucomarca.whitekongsoftware.com\/ca\/wp-json\/wp\/v2\/types\/post"}],"author":[{"embeddable":true,"href":"https:\/\/tucomarca.whitekongsoftware.com\/ca\/wp-json\/wp\/v2\/users\/1"}],"replies":[{"embeddable":true,"href":"https:\/\/tucomarca.whitekongsoftware.com\/ca\/wp-json\/wp\/v2\/comments?post=269911"}],"version-history":[{"count":0,"href":"https:\/\/tucomarca.whitekongsoftware.com\/ca\/wp-json\/wp\/v2\/posts\/269911\/revisions"}],"wp:featuredmedia":[{"embeddable":true,"href":"https:\/\/tucomarca.whitekongsoftware.com\/ca\/wp-json\/wp\/v2\/media\/269909"}],"wp:attachment":[{"href":"https:\/\/tucomarca.whitekongsoftware.com\/ca\/wp-json\/wp\/v2\/media?parent=269911"}],"wp:term":[{"taxonomy":"category","embeddable":true,"href":"https:\/\/tucomarca.whitekongsoftware.com\/ca\/wp-json\/wp\/v2\/categories?post=269911"},{"taxonomy":"post_tag","embeddable":true,"href":"https:\/\/tucomarca.whitekongsoftware.com\/ca\/wp-json\/wp\/v2\/tags?post=269911"}],"curies":[{"name":"wp","href":"https:\/\/api.w.org\/{rel}","templated":true}]}}