{"id":269897,"date":"2025-06-19T11:35:00","date_gmt":"2025-06-19T09:35:00","guid":{"rendered":"https:\/\/www.tucomarca.com\/wordpress\/segunda\/?p=269897"},"modified":"2025-06-19T19:08:54","modified_gmt":"2025-06-19T17:08:54","slug":"la-diputacio-estudiara-un-nou-acces-a-lhospital-de-la-ribera","status":"publish","type":"post","link":"https:\/\/tucomarca.whitekongsoftware.com\/ca\/la-diputacio-estudiara-un-nou-acces-a-lhospital-de-la-ribera\/","title":{"rendered":"La Diputaci\u00f3 estudiar\u00e0 un nou acc\u00e9s a l&#8217;Hospital de la Ribera"},"content":{"rendered":"\n<h3 class=\"wp-block-heading\">Momp\u00f3 coincidix amb l&#8217;alcalde d&#8217;Alzira i la gerent de l&#8217;hospital en esta \u201cnecessitat\u201d en una reuni\u00f3 mantinguda este mat\u00ed.<\/h3>\n\n\n\n<h3 class=\"wp-block-heading\">Tamb\u00e9 s&#8217;ha acordat l&#8217;estudi d&#8217;un carril bici per a connectar l&#8217;hospital amb la via ciclista que est\u00e0 projectant l&#8217;ajuntament i subvencionar les obres d&#8217;ampliaci\u00f3 del cam\u00ed municipal que dona acc\u00e9s a les urg\u00e8ncies de l&#8217;hospital.<\/h3>\n\n\n\n<p class=\"wp-block-paragraph\">La Diputaci\u00f3 de Val\u00e8ncia redactar\u00e0 un Estudi de Planejament Viari per a estudiar un nou acc\u00e9s a l&#8217;Hospital de la Ribera. \u00c9s la principal conclusi\u00f3 de la reuni\u00f3 que han mantingut este mat\u00ed el president de la corporaci\u00f3 provincial, Vicent Momp\u00f3, amb l&#8217;alcalde d&#8217;Alzira, Alfons Dom\u00ednguez, i la gerent de l&#8217;Hospital de la Ribera, Rosabel Ribes.&nbsp;<\/p>\n\n\n\n<p class=\"wp-block-paragraph\">\u201cHa sigut una reuni\u00f3 molt productiva i amb una resposta favorable del president perqu\u00e8 ent\u00e9n que \u00e9s una q\u00fcesti\u00f3 important\u201d, ha destacat el primer edil de la capital de la Ribera Alta, qui ha detallat la situaci\u00f3 actual dels accessos: \u201cel problema que tenim, segons ens diuen els bombers, \u00e9s que si ocorre algun accident, l&#8217;evacuaci\u00f3 seria un problema; per tant necessitem tindre altres entrades alternatives, com a m\u00ednim una; eixa \u00e9s la que es va preveure en la Conselleria fa temps, una rotonda en la pr\u00f2pia la carretera d&#8217;Alzira a Corbera, i un acc\u00e9s a trav\u00e9s d&#8217;unes rotondes interiors a l&#8217;hospital\u201d.&nbsp;<\/p>\n\n\n\n<p class=\"wp-block-paragraph\">Igualment, ha explicat Dom\u00ednguez, \u201cl&#8217;acc\u00e9s, molt escanyat, no es resolgu\u00e9 b\u00e9, a la llarga caldria buscar accessos a l&#8217;AP7 o altres carreteres m\u00e9s importants\u201d. A m\u00e9s, ha concretat, \u201ca part de tindre una eixida d&#8217;emerg\u00e8ncia millor, s&#8217;hauria de connectar la carretera amb el p\u00e0rquing, que la Conselleria ampliar\u00e0\u201d.<\/p>\n\n\n\n<p class=\"wp-block-paragraph\">En la mateixa l\u00ednia, la gerent de l&#8217;Hospital de la Ribera, Rosabel Ribes, ha argumentat que \u201cnom\u00e9s hi ha una entrada i si haguera de fer una eixida r\u00e0pida, seria complex\u201d. \u201c\u00c9s una reivindicaci\u00f3 de les dos Riberes tindre millors accessos i un p\u00e0rquing m\u00e9s gran\u201d, ha recalcat, al mateix temps que ha titllat la reuni\u00f3 de \u201cmolt gratificant\u201d: \u201cla Diputaci\u00f3 \u00e9s com la mare de tots\u201d.<\/p>\n\n\n\n<p class=\"wp-block-paragraph\">D&#8217;altra banda, s&#8217;ha acordat posar en marxa l&#8217;estudi d&#8217;un carril bici per a connectar l&#8217;hospital amb la via ciclista que est\u00e0 projectant l&#8217;ajuntament des de l&#8217;estaci\u00f3 de Renfe. Una infraestructura que l&#8217;alcalde ha def\u00e9s \u201cper a tindre una mobilitat m\u00e9s sostenible i que pot ser alternativa a l&#8217;acc\u00e9s amb cotxe\u201d. Finalment, el tercer acord de la reuni\u00f3 \u00e9s subvencionar les obres d&#8217;ampliaci\u00f3 del cam\u00ed municipal que dona acc\u00e9s a les urg\u00e8ncies de l&#8217;hospital.<\/p>\n\n\n\n<p class=\"wp-block-paragraph\">\u201cLa reuni\u00f3 de hui \u00e9s un exemple de col\u00b7laboraci\u00f3 i coordinaci\u00f3 entre administracions\u201d, ha assegurat el president de la Diputaci\u00f3, alhora que ha coincidit amb l&#8217;alcalde i la gerent de l&#8217;hospital \u201cen la necessitat de millorar els accessos i ampliar el p\u00e0rquing\u201d. \u201cCom a usuari d&#8217;este hospital puc dir el que diria qualsevol dels meus ve\u00efns i ve\u00efnes: \u00e9s una infraestructura que no es pot demorar m\u00e9s\u201d. Per aix\u00f2, ha remarcat, \u201cl&#8217;\u00e0rea de Carreteres de la Diputaci\u00f3 es posa ja som-hi per a redactar un Estudi de Planejament Viari i fer aix\u00ed el primer pas per a escometre esta millora\u201d.<\/p>\n","protected":false},"excerpt":{"rendered":"<div class=\"mh-excerpt\">Momp\u00f3 coincidix amb l&#8217;alcalde d&#8217;Alzira i la gerent de l&#8217;hospital en esta \u201cnecessitat\u201d en una reuni\u00f3 mantinguda este mat\u00ed. Tamb\u00e9 s&#8217;ha acordat l&#8217;estudi d&#8217;un carril bici per a connectar l&#8217;hospital amb la via ciclista que <a class=\"mh-excerpt-more\" href=\"https:\/\/tucomarca.whitekongsoftware.com\/ca\/la-diputacio-estudiara-un-nou-acces-a-lhospital-de-la-ribera\/\" title=\"La Diputaci\u00f3 estudiar\u00e0 un nou acc\u00e9s a l&#8217;Hospital de la Ribera\">[+] <\/a><\/div>\n","protected":false},"author":12,"featured_media":169687,"comment_status":"open","ping_status":"open","sticky":false,"template":"","format":"standard","meta":{"footnotes":""},"categories":[10889,10898,10948,10894,10902,10947,10896],"tags":[11192,11246,12491,11356],"class_list":["post-269897","post","type-post","status-publish","format-standard","has-post-thumbnail","category-alzira-cat","category-ventana-ca","category-infraestructuras-ca","category-la-comarca-ca","category-la-ribera-ca","category-politica","category-seccion-ca","tag-alzira-ca","tag-diputacio-de-valencia-ca","tag-hospital-de-la-ribera-ca","tag-ribera-alta-ca"],"_links":{"self":[{"href":"https:\/\/tucomarca.whitekongsoftware.com\/ca\/wp-json\/wp\/v2\/posts\/269897","targetHints":{"allow":["GET"]}}],"collection":[{"href":"https:\/\/tucomarca.whitekongsoftware.com\/ca\/wp-json\/wp\/v2\/posts"}],"about":[{"href":"https:\/\/tucomarca.whitekongsoftware.com\/ca\/wp-json\/wp\/v2\/types\/post"}],"author":[{"embeddable":true,"href":"https:\/\/tucomarca.whitekongsoftware.com\/ca\/wp-json\/wp\/v2\/users\/12"}],"replies":[{"embeddable":true,"href":"https:\/\/tucomarca.whitekongsoftware.com\/ca\/wp-json\/wp\/v2\/comments?post=269897"}],"version-history":[{"count":0,"href":"https:\/\/tucomarca.whitekongsoftware.com\/ca\/wp-json\/wp\/v2\/posts\/269897\/revisions"}],"wp:featuredmedia":[{"embeddable":true,"href":"https:\/\/tucomarca.whitekongsoftware.com\/ca\/wp-json\/wp\/v2\/media\/169687"}],"wp:attachment":[{"href":"https:\/\/tucomarca.whitekongsoftware.com\/ca\/wp-json\/wp\/v2\/media?parent=269897"}],"wp:term":[{"taxonomy":"category","embeddable":true,"href":"https:\/\/tucomarca.whitekongsoftware.com\/ca\/wp-json\/wp\/v2\/categories?post=269897"},{"taxonomy":"post_tag","embeddable":true,"href":"https:\/\/tucomarca.whitekongsoftware.com\/ca\/wp-json\/wp\/v2\/tags?post=269897"}],"curies":[{"name":"wp","href":"https:\/\/api.w.org\/{rel}","templated":true}]}}