{"id":269872,"date":"2025-06-19T08:30:00","date_gmt":"2025-06-19T06:30:00","guid":{"rendered":"https:\/\/www.tucomarca.com\/wordpress\/segunda\/?p=269872"},"modified":"2025-06-19T18:33:58","modified_gmt":"2025-06-19T16:33:58","slug":"cinema-jove-inicia-la-seua-programacio-diaria-amb-la-preestrena-de-la-terra-negra-dalberto-morais","status":"publish","type":"post","link":"https:\/\/tucomarca.whitekongsoftware.com\/ca\/cinema-jove-inicia-la-seua-programacio-diaria-amb-la-preestrena-de-la-terra-negra-dalberto-morais\/","title":{"rendered":"Cinema Jove inicia la seua programaci\u00f3 di\u00e0ria amb la preestrena de \u2018La terra negra\u2019, d&#8217;Alberto Morais"},"content":{"rendered":"\n<h3 class=\"wp-block-heading\">En la Secci\u00f3 Oficial es presenten el llargmetratge australi\u00e0 \u2018Fwends\u2019 i la producci\u00f3 \u00edndia \u2018Tiger\u2019s Pond\u2019.<\/h3>\n\n\n\n<h3 class=\"wp-block-heading\">Els cicles i seccions paral\u00b7leles comencen les seues projeccions i se celebra la festa de benvinguda del cicle \u2018High School\u2019.<\/h3>\n\n\n\n<p class=\"wp-block-paragraph\">El Festival Internacional de Cinema de Val\u00e8ncia Cinema Jove, organitzat per la Conselleria d&#8217;Educaci\u00f3, Cultura, Universitats i Ocupaci\u00f3, a trav\u00e9s del Institut Valenci\u00e0 de Cultura (IVC), arrancar\u00e0 la seua programaci\u00f3 di\u00e0ria el divendres, 20 de juny, amb diverses projeccions que avancen alguns de les principals fites del que ser\u00e0 aquesta 40a edici\u00f3 del certamen cinematogr\u00e0fic.<\/p>\n\n\n\n<p class=\"wp-block-paragraph\">En la Secci\u00f3 Oficial destaquen \u2018Fwends\u2019 (Sophie Somerville, 2025) i \u2018Tiger\u2019s Pond\u2019 (Natesh Hegde, 2025), dos relats molt diferents que ens porten des de Melbourne fins a un llogaret del sud de l&#8217;\u00cdndia.<\/p>\n\n\n\n<figure class=\"wp-block-gallery has-nested-images columns-default is-cropped wp-block-gallery-1 is-layout-flex wp-block-gallery-is-layout-flex\">\n<figure class=\"wp-block-image size-large\"><img loading=\"lazy\" decoding=\"async\" width=\"1024\" height=\"576\" data-id=\"269865\" src=\"https:\/\/www.tucomarca.com\/wordpress\/segunda\/wp-content\/uploads\/2025\/06\/CinemaJove2-1024x576.jpg\" alt=\"\" class=\"wp-image-269865\" srcset=\"https:\/\/tucomarca.whitekongsoftware.com\/wp-content\/uploads\/2025\/06\/CinemaJove2-1024x576.jpg 1024w, https:\/\/tucomarca.whitekongsoftware.com\/wp-content\/uploads\/2025\/06\/CinemaJove2-300x169.jpg 300w, https:\/\/tucomarca.whitekongsoftware.com\/wp-content\/uploads\/2025\/06\/CinemaJove2-768x432.jpg 768w, https:\/\/tucomarca.whitekongsoftware.com\/wp-content\/uploads\/2025\/06\/CinemaJove2-678x381.jpg 678w, https:\/\/tucomarca.whitekongsoftware.com\/wp-content\/uploads\/2025\/06\/CinemaJove2.jpg 1181w\" sizes=\"auto, (max-width: 1024px) 100vw, 1024px\" \/><\/figure>\n\n\n\n<figure class=\"wp-block-image size-large\"><img loading=\"lazy\" decoding=\"async\" width=\"1024\" height=\"596\" data-id=\"269868\" src=\"https:\/\/www.tucomarca.com\/wordpress\/segunda\/wp-content\/uploads\/2025\/06\/CinemaJove3-1024x596.jpg\" alt=\"\" class=\"wp-image-269868\" srcset=\"https:\/\/tucomarca.whitekongsoftware.com\/wp-content\/uploads\/2025\/06\/CinemaJove3-1024x596.jpg 1024w, https:\/\/tucomarca.whitekongsoftware.com\/wp-content\/uploads\/2025\/06\/CinemaJove3-300x175.jpg 300w, https:\/\/tucomarca.whitekongsoftware.com\/wp-content\/uploads\/2025\/06\/CinemaJove3-768x447.jpg 768w, https:\/\/tucomarca.whitekongsoftware.com\/wp-content\/uploads\/2025\/06\/CinemaJove3.jpg 1181w\" sizes=\"auto, (max-width: 1024px) 100vw, 1024px\" \/><\/figure>\n<\/figure>\n\n\n\n<p class=\"wp-block-paragraph\">\u2018Fwends\u2019 narra amb sensibilitat i intel\u00b7lig\u00e8ncia el retrobament de dues amigues que passegen pels carrers i parcs de Melbourne mentre comparteixen les seues expectatives i incerteses. Es tracta d&#8217;una dramedia que \u201cexplica la complexitat de les amistats femenines modernes\u201d, en paraules de la seua directora, Sophie Sommerville.<\/p>\n\n\n\n<p class=\"wp-block-paragraph\">\u201cParla de manera aut\u00e8ntica sobre la nostra incapacitat patol\u00f2gica d&#8217;admetre el molt que ens necessitem els uns als altres\u201d, sost\u00e9 Sommerville. Una pel\u00b7l\u00edcula fresca amb l&#8217;habilitat per a la posada en escena de Celine Song i l&#8217;atenci\u00f3 al di\u00e0leg de Greta Gerwig, reconeguda amb el Caligari Film Prize 2025 en el F\u00f2rum de la Berlinale.<\/p>\n\n\n\n<p class=\"wp-block-paragraph\">\u2018Tiger\u2019s Pond\u2019, per part seua, se&#8217;ns presenta com un drama ambientat en un llogaret del sud de l&#8217;\u00cdndia on una jove es queda embarassada per una agressi\u00f3 sexual. Un fet que trastoca profundament la vida en eixa xicoteta comunitat que \u00e9s \u201cun m\u00f3n en miniatura\u201d, segons el director Natesh Hedge.<\/p>\n\n\n\n<p class=\"wp-block-paragraph\">La proposta, rodada en cel\u00b7luloide, amb actors no professionals i pols de thriller apel\u00b7la a l&#8217;audi\u00e8ncia perqu\u00e8 \u201cveiem exemples similars pertot arreu, all\u00e0 on tractem als nostres semblants sense un \u00e0pex d&#8217;afecte\u201d.<\/p>\n\n\n\n<p class=\"wp-block-paragraph\">\u2018Tiger\u2019s Pond\u2019 va guanyar la Menci\u00f3 Especial del Jurat presidit per Emir Kusturica en el Spirit of Fire Festival.<a><\/a><\/p>\n","protected":false},"excerpt":{"rendered":"<div class=\"mh-excerpt\">En la Secci\u00f3 Oficial es presenten el llargmetratge australi\u00e0 \u2018Fwends\u2019 i la producci\u00f3 \u00edndia \u2018Tiger\u2019s Pond\u2019. Els cicles i seccions paral\u00b7leles comencen les seues projeccions i se celebra la festa de benvinguda del cicle \u2018High <a class=\"mh-excerpt-more\" href=\"https:\/\/tucomarca.whitekongsoftware.com\/ca\/cinema-jove-inicia-la-seua-programacio-diaria-amb-la-preestrena-de-la-terra-negra-dalberto-morais\/\" title=\"Cinema Jove inicia la seua programaci\u00f3 di\u00e0ria amb la preestrena de \u2018La terra negra\u2019, d&#8217;Alberto Morais\">[+] <\/a><\/div>\n","protected":false},"author":12,"featured_media":269864,"comment_status":"open","ping_status":"open","sticky":false,"template":"","format":"standard","meta":{"footnotes":""},"categories":[11019,10898,10894,10904,11007,10896],"tags":[22446,14380,22703,17761],"class_list":["post-269872","post","type-post","status-publish","format-standard","has-post-thumbnail","category-agenda-ca","category-ventana-ca","category-la-comarca-ca","category-sin-categorizar-ca","category-ocio-y-cultura-ca","category-seccion-ca","tag-cinema-jove-ca","tag-conselleria-deducacio-ca","tag-institut-de-cultura-ca","tag-ivc-ca"],"_links":{"self":[{"href":"https:\/\/tucomarca.whitekongsoftware.com\/ca\/wp-json\/wp\/v2\/posts\/269872","targetHints":{"allow":["GET"]}}],"collection":[{"href":"https:\/\/tucomarca.whitekongsoftware.com\/ca\/wp-json\/wp\/v2\/posts"}],"about":[{"href":"https:\/\/tucomarca.whitekongsoftware.com\/ca\/wp-json\/wp\/v2\/types\/post"}],"author":[{"embeddable":true,"href":"https:\/\/tucomarca.whitekongsoftware.com\/ca\/wp-json\/wp\/v2\/users\/12"}],"replies":[{"embeddable":true,"href":"https:\/\/tucomarca.whitekongsoftware.com\/ca\/wp-json\/wp\/v2\/comments?post=269872"}],"version-history":[{"count":0,"href":"https:\/\/tucomarca.whitekongsoftware.com\/ca\/wp-json\/wp\/v2\/posts\/269872\/revisions"}],"wp:featuredmedia":[{"embeddable":true,"href":"https:\/\/tucomarca.whitekongsoftware.com\/ca\/wp-json\/wp\/v2\/media\/269864"}],"wp:attachment":[{"href":"https:\/\/tucomarca.whitekongsoftware.com\/ca\/wp-json\/wp\/v2\/media?parent=269872"}],"wp:term":[{"taxonomy":"category","embeddable":true,"href":"https:\/\/tucomarca.whitekongsoftware.com\/ca\/wp-json\/wp\/v2\/categories?post=269872"},{"taxonomy":"post_tag","embeddable":true,"href":"https:\/\/tucomarca.whitekongsoftware.com\/ca\/wp-json\/wp\/v2\/tags?post=269872"}],"curies":[{"name":"wp","href":"https:\/\/api.w.org\/{rel}","templated":true}]}}