{"id":269832,"date":"2025-06-18T20:00:00","date_gmt":"2025-06-18T18:00:00","guid":{"rendered":"https:\/\/www.tucomarca.com\/wordpress\/segunda\/?p=269832"},"modified":"2025-06-19T09:15:26","modified_gmt":"2025-06-19T07:15:26","slug":"martinez-mus-destaca-que-el-dispositiu-per-a-la-reconstruccio-mediambiental-i-dinfraestructures-despres-de-les-riuades-ja-ha-mobilitzat-a-150-empreses","status":"publish","type":"post","link":"https:\/\/tucomarca.whitekongsoftware.com\/ca\/martinez-mus-destaca-que-el-dispositiu-per-a-la-reconstruccio-mediambiental-i-dinfraestructures-despres-de-les-riuades-ja-ha-mobilitzat-a-150-empreses\/","title":{"rendered":"Mart\u00ednez Mus destaca que el dispositiu per a la reconstrucci\u00f3 mediambiental i d&#8217;infraestructures despr\u00e9s de les riuades ja ha mobilitzat a 150 empreses"},"content":{"rendered":"\n<h3 class=\"wp-block-heading\">En el desdejuni informatiu organitzat per Executive F\u00f2rum, FCC Medi Ambient i Vilor, el conseller ha assegurat que el comprom\u00eds del teixit empresarial est\u00e0 permetent recuperar en temps r\u00e8cord infraestructures, transport i espais naturals.<\/h3>\n\n\n\n<h3 class=\"wp-block-heading\">El titular d&#8217;Infraestructures reclama al Govern central l&#8217;execuci\u00f3 urgent d&#8217;obres de canalitzaci\u00f3 per a evitar futures inundacions i avisa \u201cque nom\u00e9s s&#8217;ha invertit un 2,25% del que es preveu\u201d en el Pla hidrol\u00f2gic de Cuenca.<\/h3>\n\n\n\n<p class=\"wp-block-paragraph\">El conseller de Medi Ambient, Infraestructures i Territori, Vicente Mart\u00ednez Mus, ha destacat \u201cel treball de les m\u00e9s de 150 empreses que han participat en la reconstrucci\u00f3 de Val\u00e8ncia\u201d despr\u00e9s de les inundacions del passat mes d&#8217;octubre. El seu comprom\u00eds, ha assenyalat, \u201cest\u00e0 permetent executar en temps r\u00e8cord la recuperaci\u00f3 de carreteres, infraestructures, sanejaments, transport i espais naturals\u201d.<\/p>\n\n\n\n<p class=\"wp-block-paragraph\">Mart\u00ednez Mus ha participat en el desdejuni informatiu organitzat per Executive F\u00f2rum, FCC Medi Ambient i Vilor, on ha recordat que nom\u00e9s en set mesos el Consell ha mobilitzat m\u00e9s de 600 milions d&#8217;euros. \u201cAix\u00f2 suposa un ritme d&#8217;inversi\u00f3 de 2,8 milions al dia per a recuperar infraestructures essencials i retornar la normalitat als municipis afectats\u201d.<\/p>\n\n\n\n<p class=\"wp-block-paragraph\">Entre els projectes reeixits, el conseller s&#8217;ha referit a la recuperaci\u00f3 de la circulaci\u00f3 en 18 carreteres auton\u00f2miques, l&#8217;inici d&#8217;obres en 54 projectes municipals, la reparaci\u00f3 de 123 depuradores que ja s&#8217;ultima, els treballs per a recuperar 2.700\u202fkm d&#8217;infraestructures forestals o restauraci\u00f3 d&#8217;entorns naturals. Tamb\u00e9 ha destacat fites recents com la reobertura dels quatre carrils del pont sobre el barranc del Pedr\u00eds a Torrent de la CV\u201136, l&#8217;acc\u00e9s al circuit Ricardo Tormo i el pont que uneix Massanassa i Catarroja.<\/p>\n\n\n\n<p class=\"wp-block-paragraph\">En mat\u00e8ria de mobilitat urbana, Mart\u00ednez Mus ha recordat que el tramvia va tornar a circular en tot just dues setmanes, abans de Nadal, el 80\u202f% dels usuaris de Metrovalencia van recuperar la connectivitat i es van habilitar llan\u00e7adores que han recorregut m\u00e9s de 1,7 milions de quil\u00f2metres i transportat quasi 3,7 milions de viatgers. Aix\u00ed mateix, ha anunciat que el 27 de juny \u201ces restablir\u00e0 el 100% de la xarxa de Metrovalencia, despr\u00e9s d&#8217;una inversi\u00f3 de 140 milions d&#8217;euros\u201d, que millorar\u00e0 l&#8217;accessibilitat i modernitzaci\u00f3 en les instal\u00b7lacions.<\/p>\n\n\n\n<p class=\"wp-block-paragraph\">Aix\u00ed mateix, el conseller de Medi Ambient ha incidit en la gesti\u00f3 de residus, amb 500.000 tones ja tractades del total de les m\u00e9s 800.000 generades per la riuada que havia sigut apilades en els punts de transfer\u00e8ncia, \u201cla qual cosa representa un 70% d&#8217;execuci\u00f3 del pla\u201d. Entre altres actuacions rellevants, ha assenyalat els 5 milions d&#8217;euros destinats a infraestructures portu\u00e0ries aut\u00f2nomes i els 40\u202fmilions mobilitzats per a la restauraci\u00f3 de parcs naturals.<\/p>\n\n\n\n<p class=\"wp-block-paragraph\">D&#8217;altra banda, Mart\u00ednez Mus ha recordat que el Consell mant\u00e9 les seues reivindicacions al Govern central i exigeix \u201cl&#8217;execuci\u00f3 urgent de m\u00e9s de 50 actuacions de regeneraci\u00f3 de la costa i obres hidr\u00e0uliques clau per a evitar futures inundacions\u201d, denunciant que \u201cnom\u00e9s s&#8217;ha invertit el 2,25% del que es preveu en mesures de protecci\u00f3\u201d previstes en el Pla hidrol\u00f2gic de conca de la Confederaci\u00f3 Hidrogr\u00e0fica del X\u00faquer. A m\u00e9s, ha reclamat una reforma del sistema de finan\u00e7ament auton\u00f2mic, un fons d&#8217;anivellament transitori i un FLA extraordinari \u201cper a garantir els serveis p\u00fablics que mereixen els valencians\u201d.<\/p>\n\n\n\n<p class=\"wp-block-paragraph\">Col\u00b7laboraci\u00f3 p\u00fablic-privada<\/p>\n\n\n\n<p class=\"wp-block-paragraph\">En la seua intervenci\u00f3, Mart\u00ednez Mus ha reiterat que la Generalitat mant\u00e9 una \u201cpol\u00edtica oberta a noves aliances p\u00fablic\u2011privades per a continuar avan\u00e7ant en projectes prioritaris que milloren els serveis i la qualitat de vida de la ciutadania\u201d.<\/p>\n\n\n\n<p class=\"wp-block-paragraph\">\u201cEn un context d&#8217;infrafinan\u00e7ament i falta de recursos per l&#8217;asf\u00edxia del Govern central\u201d, el conseller ha defensat la col\u00b7laboraci\u00f3 p\u00fablica\u2011privada \u201ccom a eina estrat\u00e8gica per a promoure el desenvolupament integral i sostenible de la Comunitat Valenciana\u201d. Com a exemples, ha citat els 280\u202fmilions pressupostats per a modernitzar els ports, projectes portuaris a X\u00e0bia, Torrevella o D\u00e9nia, aix\u00ed com la inversi\u00f3 de 180\u202fmilions en el desdoblament de la CV\u201195, que connectar\u00e0 Orihuela amb Torrevella. Al seu judici, aquestes f\u00f3rmules \u201cpermeten mantindre obres estrat\u00e8giques que, d&#8217;una altra forma, quedarien paralitzades\u201d.<\/p>\n\n\n\n<p class=\"wp-block-paragraph\">\u201cEl nostre objectiu \u00e9s garantir els millors serveis a la ciutadania. No permetrem que el c\u00e0stig al qual ens sotmet el Govern s&#8217;eternitze ni ens fa\u00e7a quedar en el vag\u00f3 de cua.\u201d, ha afirmat Mart\u00ednez Mus. \u201cLa recuperaci\u00f3 despr\u00e9s de les riuades, ha demostrat que, amb la col\u00b7laboraci\u00f3 d&#8217;un teixit empresarial fort, \u00e9s possible tornar a la normalitat en temps r\u00e8cord\u201d.<\/p>\n\n\n\n<p class=\"wp-block-paragraph\">Per aix\u00f2, ha concl\u00f2s, \u201ctenim les portes obertes per a arribar a acords i explorar f\u00f3rmules que ens permeten posar en marxa nous projectes i dotar a la Comunitat Valenciana del desenvolupament, del progr\u00e9s i del benestar i del millor futur.<\/p>\n\n\n\n<figure class=\"wp-block-image size-large\"><img loading=\"lazy\" decoding=\"async\" width=\"1024\" height=\"768\" src=\"http:\/\/www.tucomarca.com\/wordpress\/segunda\/wp-content\/uploads\/2025\/06\/MED_Expoforum-1024x768.jpg\" alt=\"\" class=\"wp-image-269826\" srcset=\"https:\/\/tucomarca.whitekongsoftware.com\/wp-content\/uploads\/2025\/06\/MED_Expoforum-1024x768.jpg 1024w, https:\/\/tucomarca.whitekongsoftware.com\/wp-content\/uploads\/2025\/06\/MED_Expoforum-300x225.jpg 300w, https:\/\/tucomarca.whitekongsoftware.com\/wp-content\/uploads\/2025\/06\/MED_Expoforum-768x576.jpg 768w, https:\/\/tucomarca.whitekongsoftware.com\/wp-content\/uploads\/2025\/06\/MED_Expoforum-1536x1152.jpg 1536w, https:\/\/tucomarca.whitekongsoftware.com\/wp-content\/uploads\/2025\/06\/MED_Expoforum-2048x1536.jpg 2048w, https:\/\/tucomarca.whitekongsoftware.com\/wp-content\/uploads\/2025\/06\/MED_Expoforum-678x509.jpg 678w, https:\/\/tucomarca.whitekongsoftware.com\/wp-content\/uploads\/2025\/06\/MED_Expoforum-326x245.jpg 326w, https:\/\/tucomarca.whitekongsoftware.com\/wp-content\/uploads\/2025\/06\/MED_Expoforum-80x60.jpg 80w\" sizes=\"auto, (max-width: 1024px) 100vw, 1024px\" \/><\/figure>\n","protected":false},"excerpt":{"rendered":"<div class=\"mh-excerpt\">En el desdejuni informatiu organitzat per Executive F\u00f2rum, FCC Medi Ambient i Vilor, el conseller ha assegurat que el comprom\u00eds del teixit empresarial est\u00e0 permetent recuperar en temps r\u00e8cord infraestructures, transport i espais naturals. El <a class=\"mh-excerpt-more\" href=\"https:\/\/tucomarca.whitekongsoftware.com\/ca\/martinez-mus-destaca-que-el-dispositiu-per-a-la-reconstruccio-mediambiental-i-dinfraestructures-despres-de-les-riuades-ja-ha-mobilitzat-a-150-empreses\/\" title=\"Mart\u00ednez Mus destaca que el dispositiu per a la reconstrucci\u00f3 mediambiental i d&#8217;infraestructures despr\u00e9s de les riuades ja ha mobilitzat a 150 empreses\">[+] <\/a><\/div>\n","protected":false},"author":12,"featured_media":269829,"comment_status":"open","ping_status":"open","sticky":false,"template":"","format":"standard","meta":{"footnotes":""},"categories":[21466,10898,10948,10894,10904,10912,10903,10947,10896,10897,10974],"tags":[22701,21966,11071,10914],"class_list":["post-269832","post","type-post","status-publish","format-standard","has-post-thumbnail","category-dana-ca","category-ventana-ca","category-infraestructuras-ca","category-la-comarca-ca","category-sin-categorizar-ca","category-la-hoya-ca","category-medio-ambiente-la-comarca-ca","category-politica","category-seccion-ca","category-sucesos-la-comarca-ca","category-cheste-ca","tag-acceso-al-circuito-ricardo-tormo-ca","tag-barranco-del-poyo-ca","tag-cheste","tag-la-hoya-de-bunol-chiva-ca"],"_links":{"self":[{"href":"https:\/\/tucomarca.whitekongsoftware.com\/ca\/wp-json\/wp\/v2\/posts\/269832","targetHints":{"allow":["GET"]}}],"collection":[{"href":"https:\/\/tucomarca.whitekongsoftware.com\/ca\/wp-json\/wp\/v2\/posts"}],"about":[{"href":"https:\/\/tucomarca.whitekongsoftware.com\/ca\/wp-json\/wp\/v2\/types\/post"}],"author":[{"embeddable":true,"href":"https:\/\/tucomarca.whitekongsoftware.com\/ca\/wp-json\/wp\/v2\/users\/12"}],"replies":[{"embeddable":true,"href":"https:\/\/tucomarca.whitekongsoftware.com\/ca\/wp-json\/wp\/v2\/comments?post=269832"}],"version-history":[{"count":0,"href":"https:\/\/tucomarca.whitekongsoftware.com\/ca\/wp-json\/wp\/v2\/posts\/269832\/revisions"}],"wp:featuredmedia":[{"embeddable":true,"href":"https:\/\/tucomarca.whitekongsoftware.com\/ca\/wp-json\/wp\/v2\/media\/269829"}],"wp:attachment":[{"href":"https:\/\/tucomarca.whitekongsoftware.com\/ca\/wp-json\/wp\/v2\/media?parent=269832"}],"wp:term":[{"taxonomy":"category","embeddable":true,"href":"https:\/\/tucomarca.whitekongsoftware.com\/ca\/wp-json\/wp\/v2\/categories?post=269832"},{"taxonomy":"post_tag","embeddable":true,"href":"https:\/\/tucomarca.whitekongsoftware.com\/ca\/wp-json\/wp\/v2\/tags?post=269832"}],"curies":[{"name":"wp","href":"https:\/\/api.w.org\/{rel}","templated":true}]}}