{"id":269764,"date":"2025-06-18T11:00:00","date_gmt":"2025-06-18T09:00:00","guid":{"rendered":"https:\/\/www.tucomarca.com\/wordpress\/segunda\/?p=269764"},"modified":"2025-06-18T18:16:55","modified_gmt":"2025-06-18T16:16:55","slug":"maria-dolores-blasco-paula-zamora-i-mateo-blasco-representaran-a-els-barris-de-turis-en-2026","status":"publish","type":"post","link":"https:\/\/tucomarca.whitekongsoftware.com\/ca\/maria-dolores-blasco-paula-zamora-i-mateo-blasco-representaran-a-els-barris-de-turis-en-2026\/","title":{"rendered":"Mar\u00eda Dolores Blasco, Paula Zamora i Mateo Blasco representaran a Els Barris de Tur\u00eds en 2026"},"content":{"rendered":"\n<h3 class=\"wp-block-heading\">La comissi\u00f3 completa el seu quadre d&#8217;honor despr\u00e9s del nomenament de Isidoro Pardo com a president i torna a confiar les seues falles a Santaeulalia.<\/h3>\n\n\n\n<p class=\"wp-block-paragraph\">La Falla Els Barris de Tur\u00eds ja t\u00e9 quadre d&#8217;honor per a les pr\u00f2ximes festes. Mar\u00eda Dolores Blasco ha sigut nomenada Fallera Major per al 2026 de la comissi\u00f3 m\u00e9s longeva i nombrosa de la localitat valenciana. Paula Zamora Iranzo i Mateo Blasco Torres, assumeixen els c\u00e0rrecs de Fallera Major Infantil i President Infantil, respectivament.<\/p>\n\n\n\n<p class=\"wp-block-paragraph\">Els tres -membres de fam\u00edlies molt vinculades a Els Barris- van ser nomenats oficialment davant la Junta Directiva i van signar les actes que ho acrediten.<\/p>\n\n\n\n<p class=\"wp-block-paragraph\">Compartiran l&#8217;exercici faller m\u00e9s especial de les seues vides amb el president de la comissi\u00f3, Isidoro Pardo, que va assumir el c\u00e0rrec a l&#8217;abril. En paral\u00b7lel, l&#8217;entitat turisana ha encarregat per nov\u00e9 any consecutiu a la reconeguda firma Santaeulalia Fallas y Fogueres els dos monuments que plantar\u00e0 a la seua demarcaci\u00f3 el pr\u00f2xim mes de mar\u00e7.<\/p>\n","protected":false},"excerpt":{"rendered":"<div class=\"mh-excerpt\">La comissi\u00f3 completa el seu quadre d&#8217;honor despr\u00e9s del nomenament de Isidoro Pardo com a president i torna a confiar les seues falles a Santaeulalia. La Falla Els Barris de Tur\u00eds ja t\u00e9 quadre d&#8217;honor <a class=\"mh-excerpt-more\" href=\"https:\/\/tucomarca.whitekongsoftware.com\/ca\/maria-dolores-blasco-paula-zamora-i-mateo-blasco-representaran-a-els-barris-de-turis-en-2026\/\" title=\"Mar\u00eda Dolores Blasco, Paula Zamora i Mateo Blasco representaran a Els Barris de Tur\u00eds en 2026\">[+] <\/a><\/div>\n","protected":false},"author":12,"featured_media":269763,"comment_status":"open","ping_status":"open","sticky":false,"template":"","format":"standard","meta":{"footnotes":""},"categories":[10894,10902,11007,10896,11047],"tags":[11712,11356,11093],"class_list":["post-269764","post","type-post","status-publish","format-standard","has-post-thumbnail","category-la-comarca-ca","category-la-ribera-ca","category-ocio-y-cultura-ca","category-seccion-ca","category-turis-ca","tag-falla-els-barris-ca","tag-ribera-alta-ca","tag-turis-ca"],"_links":{"self":[{"href":"https:\/\/tucomarca.whitekongsoftware.com\/ca\/wp-json\/wp\/v2\/posts\/269764","targetHints":{"allow":["GET"]}}],"collection":[{"href":"https:\/\/tucomarca.whitekongsoftware.com\/ca\/wp-json\/wp\/v2\/posts"}],"about":[{"href":"https:\/\/tucomarca.whitekongsoftware.com\/ca\/wp-json\/wp\/v2\/types\/post"}],"author":[{"embeddable":true,"href":"https:\/\/tucomarca.whitekongsoftware.com\/ca\/wp-json\/wp\/v2\/users\/12"}],"replies":[{"embeddable":true,"href":"https:\/\/tucomarca.whitekongsoftware.com\/ca\/wp-json\/wp\/v2\/comments?post=269764"}],"version-history":[{"count":0,"href":"https:\/\/tucomarca.whitekongsoftware.com\/ca\/wp-json\/wp\/v2\/posts\/269764\/revisions"}],"wp:featuredmedia":[{"embeddable":true,"href":"https:\/\/tucomarca.whitekongsoftware.com\/ca\/wp-json\/wp\/v2\/media\/269763"}],"wp:attachment":[{"href":"https:\/\/tucomarca.whitekongsoftware.com\/ca\/wp-json\/wp\/v2\/media?parent=269764"}],"wp:term":[{"taxonomy":"category","embeddable":true,"href":"https:\/\/tucomarca.whitekongsoftware.com\/ca\/wp-json\/wp\/v2\/categories?post=269764"},{"taxonomy":"post_tag","embeddable":true,"href":"https:\/\/tucomarca.whitekongsoftware.com\/ca\/wp-json\/wp\/v2\/tags?post=269764"}],"curies":[{"name":"wp","href":"https:\/\/api.w.org\/{rel}","templated":true}]}}