{"id":269642,"date":"2025-06-18T08:55:00","date_gmt":"2025-06-18T06:55:00","guid":{"rendered":"https:\/\/www.tucomarca.com\/wordpress\/segunda\/?p=269642"},"modified":"2025-06-18T11:08:42","modified_gmt":"2025-06-18T09:08:42","slug":"la-festa-de-la-violeta-se-celebrara-el-21-de-juny-en-el-planell-per-canvi-dubicacio","status":"publish","type":"post","link":"https:\/\/tucomarca.whitekongsoftware.com\/ca\/la-festa-de-la-violeta-se-celebrara-el-21-de-juny-en-el-planell-per-canvi-dubicacio\/","title":{"rendered":"La Festa de la Violeta se celebrar\u00e0 el 21 de juny en El Planell per canvi d&#8217;ubicaci\u00f3"},"content":{"rendered":"<div class=\"wp-block-image\">\n<figure class=\"alignleft size-large is-resized\"><img loading=\"lazy\" decoding=\"async\" width=\"819\" height=\"1024\" src=\"http:\/\/www.tucomarca.com\/wordpress\/segunda\/wp-content\/uploads\/2025\/06\/FiestaVioleta-819x1024.jpg\" alt=\"\" class=\"wp-image-269639\" style=\"width:394px;height:auto\" srcset=\"https:\/\/tucomarca.whitekongsoftware.com\/wp-content\/uploads\/2025\/06\/FiestaVioleta-819x1024.jpg 819w, https:\/\/tucomarca.whitekongsoftware.com\/wp-content\/uploads\/2025\/06\/FiestaVioleta-240x300.jpg 240w, https:\/\/tucomarca.whitekongsoftware.com\/wp-content\/uploads\/2025\/06\/FiestaVioleta-768x960.jpg 768w, https:\/\/tucomarca.whitekongsoftware.com\/wp-content\/uploads\/2025\/06\/FiestaVioleta-1229x1536.jpg 1229w, https:\/\/tucomarca.whitekongsoftware.com\/wp-content\/uploads\/2025\/06\/FiestaVioleta.jpg 1440w\" sizes=\"auto, (max-width: 819px) 100vw, 819px\" \/><\/figure>\n<\/div>\n\n\n<p class=\"wp-block-paragraph\">La tradicional\u00a0Festa de la Violeta, una de les cites m\u00e9s representatives del calendari estival a Bunyol, celebrar\u00e0 la seua pr\u00f2xima edici\u00f3 el\u00a0dissabte 21 de juny a les 00,30 hores\u00a0al Parc\u00a0 del Planell, a causa d&#8217;un canvi d&#8217;ubicaci\u00f3 motivat per causes alienes a l&#8217;organitzaci\u00f3.<\/p>\n\n\n\n<p class=\"wp-block-paragraph\">Aquest esdeveniment, que coincideix amb l&#8217;inici de l&#8217;estiu i s&#8217;emmarca dins de les activitats del Mes&nbsp; de l&#8217;Orgull, t\u00e9 com a objectiu promoure la&nbsp;diversitat, la inclusi\u00f3 i el respecte&nbsp;a trav\u00e9s de la m\u00fasica i la conviv\u00e8ncia.<\/p>\n\n\n\n<p class=\"wp-block-paragraph\">L&#8217;organitzaci\u00f3 ha manifestat el seu desig de poder recuperar en futures edicions el seu empla\u00e7ament habitual, per\u00f2 assegura que l&#8217;ess\u00e8ncia de la celebraci\u00f3 es mantindr\u00e0 intacta. \u201cContinuarem barallant per tornar, on vam ser tan feli\u00e7os\u201d, han assenyalat en un comunicat.<\/p>\n\n\n\n<p class=\"wp-block-paragraph\">La programaci\u00f3 musical estar\u00e0 a c\u00e0rrec dels DJs&nbsp;Bruno Velert,&nbsp;Dario Forts DJ&nbsp;i&nbsp;DJ Ventura, que amenitzaran la nit amb sessions que abasten diferents estils, dirigides a un p\u00fablic ampli i divers.<\/p>\n\n\n\n<p class=\"wp-block-paragraph\">Des de l&#8217;organitzaci\u00f3 animen a tota la ciutadania a participar en aquesta trobada festiva i reivindicativa, que busca donar la benvinguda a l&#8217;estiu amb un missatge d&#8217;igualtat, llibertat i visibilitat per al col\u00b7lectiu LGTBIQ+.<\/p>\n","protected":false},"excerpt":{"rendered":"<div class=\"mh-excerpt\">La tradicional\u00a0Festa de la Violeta, una de les cites m\u00e9s representatives del calendari estival a Bunyol, celebrar\u00e0 la seua pr\u00f2xima edici\u00f3 el\u00a0dissabte 21 de juny a les 00,30 hores\u00a0al Parc\u00a0 del Planell, a causa d&#8217;un <a class=\"mh-excerpt-more\" href=\"https:\/\/tucomarca.whitekongsoftware.com\/ca\/la-festa-de-la-violeta-se-celebrara-el-21-de-juny-en-el-planell-per-canvi-dubicacio\/\" title=\"La Festa de la Violeta se celebrar\u00e0 el 21 de juny en El Planell per canvi d&#8217;ubicaci\u00f3\">[+] <\/a><\/div>\n","protected":false},"author":13,"featured_media":269640,"comment_status":"open","ping_status":"open","sticky":false,"template":"","format":"standard","meta":{"footnotes":""},"categories":[11019,10911,10894,10912,11007,10896],"tags":[10913,10914,22689],"class_list":["post-269642","post","type-post","status-publish","format-standard","has-post-thumbnail","category-agenda-ca","category-bunol-ca","category-la-comarca-ca","category-la-hoya-ca","category-ocio-y-cultura-ca","category-seccion-ca","tag-bunol-ca","tag-la-hoya-de-bunol-chiva-ca","tag-orgullo-ca"],"_links":{"self":[{"href":"https:\/\/tucomarca.whitekongsoftware.com\/ca\/wp-json\/wp\/v2\/posts\/269642","targetHints":{"allow":["GET"]}}],"collection":[{"href":"https:\/\/tucomarca.whitekongsoftware.com\/ca\/wp-json\/wp\/v2\/posts"}],"about":[{"href":"https:\/\/tucomarca.whitekongsoftware.com\/ca\/wp-json\/wp\/v2\/types\/post"}],"author":[{"embeddable":true,"href":"https:\/\/tucomarca.whitekongsoftware.com\/ca\/wp-json\/wp\/v2\/users\/13"}],"replies":[{"embeddable":true,"href":"https:\/\/tucomarca.whitekongsoftware.com\/ca\/wp-json\/wp\/v2\/comments?post=269642"}],"version-history":[{"count":0,"href":"https:\/\/tucomarca.whitekongsoftware.com\/ca\/wp-json\/wp\/v2\/posts\/269642\/revisions"}],"wp:featuredmedia":[{"embeddable":true,"href":"https:\/\/tucomarca.whitekongsoftware.com\/ca\/wp-json\/wp\/v2\/media\/269640"}],"wp:attachment":[{"href":"https:\/\/tucomarca.whitekongsoftware.com\/ca\/wp-json\/wp\/v2\/media?parent=269642"}],"wp:term":[{"taxonomy":"category","embeddable":true,"href":"https:\/\/tucomarca.whitekongsoftware.com\/ca\/wp-json\/wp\/v2\/categories?post=269642"},{"taxonomy":"post_tag","embeddable":true,"href":"https:\/\/tucomarca.whitekongsoftware.com\/ca\/wp-json\/wp\/v2\/tags?post=269642"}],"curies":[{"name":"wp","href":"https:\/\/api.w.org\/{rel}","templated":true}]}}