{"id":269410,"date":"2025-06-16T12:15:00","date_gmt":"2025-06-16T10:15:00","guid":{"rendered":"https:\/\/www.tucomarca.com\/wordpress\/segunda\/?p=269410"},"modified":"2025-06-16T18:09:37","modified_gmt":"2025-06-16T16:09:37","slug":"fotogaleria-benaguasil-celebra-la-i-fira-de-la-salut-per-a-promoure-una-vida-sana","status":"publish","type":"post","link":"https:\/\/tucomarca.whitekongsoftware.com\/ca\/fotogaleria-benaguasil-celebra-la-i-fira-de-la-salut-per-a-promoure-una-vida-sana\/","title":{"rendered":"Fotogaler\u00eda: Benaguasil celebra la I Fira de la Salut per a promoure una vida sana"},"content":{"rendered":"\n<h3 class=\"wp-block-heading\">L&#8217;esdeveniment ha comptat amb la col\u00b7laboraci\u00f3 del Centre de Salut local, aix\u00ed com d&#8217;entitats i associacions<\/h3>\n\n\n\n<p class=\"wp-block-paragraph\">L&#8217;Ajuntament de Benaguasil, a trav\u00e9s de la regidoria de Sanitat, ha celebrat aquest cap de setmana la primera edici\u00f3 de la Fira de la Salut, un esdeveniment amb el qual promoure h\u00e0bits de vida saludables i acostar informaci\u00f3 sanit\u00e0ria als ve\u00efns.<\/p>\n\n\n\n<p class=\"wp-block-paragraph\">L&#8217;esdeveniment ha comptat amb la col\u00b7laboraci\u00f3 del Centre de Salut de Benaguasil, de la Cooperativa, aix\u00ed com d&#8217;entitats, associacions locals i professionals sanitaris, que en els estands informatius han donat a con\u00e9ixer els serveis i programes que ofereixen per a promoure la salut i el benestar entre la ciutadania.<\/p>\n\n\n\n<p class=\"wp-block-paragraph\">La fira, celebrada en l&#8217;Avinguda de Montiel, s&#8217;ha desenvolupat amb una programaci\u00f3 d&#8217;activitats com ara exhibicions de ball en l\u00ednia, classe de relaxaci\u00f3, tallers de nutrici\u00f3, de primers auxilis i RCP. Tamb\u00e9 la ciutadania ha tingut l&#8217;oportunitat de realitzar-se diferents proves de salut com mesurar-se la tensi\u00f3 o el nivell de sucre (gluc\u00e8mia), entre altres tantejos realitzats pels sanitaris del Centre de Salut.<\/p>\n\n\n\n<p class=\"wp-block-paragraph\">La regidor de l&#8217;\u00e0rea, Alicia Molina, ha agra\u00eft la \u201cparticipaci\u00f3 dels professionals, entitats i associacions que han fet possible aquesta fira, aix\u00ed com de la ciutadania que ha participat en aquesta iniciativa l&#8217;objectiu de la qual \u00e9s fomentar la import\u00e0ncia de portar un estil de vida saludable i promoure accions que contribu\u00efsquen al benestar de les persones\u201d.<\/p>\n\n\n\n<figure class=\"wp-block-gallery has-nested-images columns-2 is-cropped wp-block-gallery-1 is-layout-flex wp-block-gallery-is-layout-flex\">\n<figure class=\"wp-block-image size-large\"><img loading=\"lazy\" decoding=\"async\" width=\"1024\" height=\"768\" data-id=\"269401\" src=\"https:\/\/www.tucomarca.com\/wordpress\/segunda\/wp-content\/uploads\/2025\/06\/Benaguasil_FeriaSalud_02-1024x768.jpeg\" alt=\"\" class=\"wp-image-269401\" srcset=\"https:\/\/tucomarca.whitekongsoftware.com\/wp-content\/uploads\/2025\/06\/Benaguasil_FeriaSalud_02-1024x768.jpeg 1024w, https:\/\/tucomarca.whitekongsoftware.com\/wp-content\/uploads\/2025\/06\/Benaguasil_FeriaSalud_02-300x225.jpeg 300w, https:\/\/tucomarca.whitekongsoftware.com\/wp-content\/uploads\/2025\/06\/Benaguasil_FeriaSalud_02-768x576.jpeg 768w, https:\/\/tucomarca.whitekongsoftware.com\/wp-content\/uploads\/2025\/06\/Benaguasil_FeriaSalud_02-678x509.jpeg 678w, https:\/\/tucomarca.whitekongsoftware.com\/wp-content\/uploads\/2025\/06\/Benaguasil_FeriaSalud_02-326x245.jpeg 326w, https:\/\/tucomarca.whitekongsoftware.com\/wp-content\/uploads\/2025\/06\/Benaguasil_FeriaSalud_02-80x60.jpeg 80w, https:\/\/tucomarca.whitekongsoftware.com\/wp-content\/uploads\/2025\/06\/Benaguasil_FeriaSalud_02.jpeg 1280w\" sizes=\"auto, (max-width: 1024px) 100vw, 1024px\" \/><\/figure>\n\n\n\n<figure class=\"wp-block-image size-large\"><img loading=\"lazy\" decoding=\"async\" width=\"960\" height=\"720\" data-id=\"269403\" src=\"https:\/\/www.tucomarca.com\/wordpress\/segunda\/wp-content\/uploads\/2025\/06\/Benaguasil_FeriaSalud_03.jpg\" alt=\"\" class=\"wp-image-269403\" srcset=\"https:\/\/tucomarca.whitekongsoftware.com\/wp-content\/uploads\/2025\/06\/Benaguasil_FeriaSalud_03.jpg 960w, https:\/\/tucomarca.whitekongsoftware.com\/wp-content\/uploads\/2025\/06\/Benaguasil_FeriaSalud_03-300x225.jpg 300w, https:\/\/tucomarca.whitekongsoftware.com\/wp-content\/uploads\/2025\/06\/Benaguasil_FeriaSalud_03-768x576.jpg 768w, https:\/\/tucomarca.whitekongsoftware.com\/wp-content\/uploads\/2025\/06\/Benaguasil_FeriaSalud_03-678x509.jpg 678w, https:\/\/tucomarca.whitekongsoftware.com\/wp-content\/uploads\/2025\/06\/Benaguasil_FeriaSalud_03-326x245.jpg 326w, https:\/\/tucomarca.whitekongsoftware.com\/wp-content\/uploads\/2025\/06\/Benaguasil_FeriaSalud_03-80x60.jpg 80w\" sizes=\"auto, (max-width: 960px) 100vw, 960px\" \/><\/figure>\n\n\n\n<figure class=\"wp-block-image size-large\"><img loading=\"lazy\" decoding=\"async\" width=\"1024\" height=\"768\" data-id=\"269405\" src=\"https:\/\/www.tucomarca.com\/wordpress\/segunda\/wp-content\/uploads\/2025\/06\/Benaguasil_FeriaSalud_04-1024x768.jpeg\" alt=\"\" class=\"wp-image-269405\" srcset=\"https:\/\/tucomarca.whitekongsoftware.com\/wp-content\/uploads\/2025\/06\/Benaguasil_FeriaSalud_04-1024x768.jpeg 1024w, https:\/\/tucomarca.whitekongsoftware.com\/wp-content\/uploads\/2025\/06\/Benaguasil_FeriaSalud_04-300x225.jpeg 300w, https:\/\/tucomarca.whitekongsoftware.com\/wp-content\/uploads\/2025\/06\/Benaguasil_FeriaSalud_04-768x576.jpeg 768w, https:\/\/tucomarca.whitekongsoftware.com\/wp-content\/uploads\/2025\/06\/Benaguasil_FeriaSalud_04-678x509.jpeg 678w, https:\/\/tucomarca.whitekongsoftware.com\/wp-content\/uploads\/2025\/06\/Benaguasil_FeriaSalud_04-326x245.jpeg 326w, https:\/\/tucomarca.whitekongsoftware.com\/wp-content\/uploads\/2025\/06\/Benaguasil_FeriaSalud_04-80x60.jpeg 80w, https:\/\/tucomarca.whitekongsoftware.com\/wp-content\/uploads\/2025\/06\/Benaguasil_FeriaSalud_04.jpeg 1280w\" sizes=\"auto, (max-width: 1024px) 100vw, 1024px\" \/><\/figure>\n\n\n\n<figure class=\"wp-block-image size-large\"><img loading=\"lazy\" decoding=\"async\" width=\"1024\" height=\"768\" data-id=\"269407\" src=\"https:\/\/www.tucomarca.com\/wordpress\/segunda\/wp-content\/uploads\/2025\/06\/Benaguasil_FeriaSalud_05-1024x768.jpeg\" alt=\"\" class=\"wp-image-269407\" srcset=\"https:\/\/tucomarca.whitekongsoftware.com\/wp-content\/uploads\/2025\/06\/Benaguasil_FeriaSalud_05-1024x768.jpeg 1024w, https:\/\/tucomarca.whitekongsoftware.com\/wp-content\/uploads\/2025\/06\/Benaguasil_FeriaSalud_05-300x225.jpeg 300w, https:\/\/tucomarca.whitekongsoftware.com\/wp-content\/uploads\/2025\/06\/Benaguasil_FeriaSalud_05-768x576.jpeg 768w, https:\/\/tucomarca.whitekongsoftware.com\/wp-content\/uploads\/2025\/06\/Benaguasil_FeriaSalud_05-678x509.jpeg 678w, https:\/\/tucomarca.whitekongsoftware.com\/wp-content\/uploads\/2025\/06\/Benaguasil_FeriaSalud_05-326x245.jpeg 326w, https:\/\/tucomarca.whitekongsoftware.com\/wp-content\/uploads\/2025\/06\/Benaguasil_FeriaSalud_05-80x60.jpeg 80w, https:\/\/tucomarca.whitekongsoftware.com\/wp-content\/uploads\/2025\/06\/Benaguasil_FeriaSalud_05.jpeg 1280w\" sizes=\"auto, (max-width: 1024px) 100vw, 1024px\" \/><\/figure>\n<\/figure>\n","protected":false},"excerpt":{"rendered":"<div class=\"mh-excerpt\">L&#8217;esdeveniment ha comptat amb la col\u00b7laboraci\u00f3 del Centre de Salut local, aix\u00ed com d&#8217;entitats i associacions L&#8217;Ajuntament de Benaguasil, a trav\u00e9s de la regidoria de Sanitat, ha celebrat aquest cap de setmana la primera edici\u00f3 <a class=\"mh-excerpt-more\" href=\"https:\/\/tucomarca.whitekongsoftware.com\/ca\/fotogaleria-benaguasil-celebra-la-i-fira-de-la-salut-per-a-promoure-una-vida-sana\/\" title=\"Fotogaler\u00eda: Benaguasil celebra la I Fira de la Salut per a promoure una vida sana\">[+] <\/a><\/div>\n","protected":false},"author":13,"featured_media":269400,"comment_status":"open","ping_status":"open","sticky":false,"template":"","format":"gallery","meta":{"footnotes":""},"categories":[10952,10892,11010,10894,11007,10896],"tags":[11136,10899,11207],"class_list":["post-269410","post","type-post","status-publish","format-gallery","has-post-thumbnail","category-benaguasil-ca","category-camp-de-turia-ca","category-canal-salud","category-la-comarca-ca","category-ocio-y-cultura-ca","category-seccion-ca","tag-benaguasil-ca","tag-camp-de-turia-ca","tag-salud-ca","post_format-post-format-gallery"],"_links":{"self":[{"href":"https:\/\/tucomarca.whitekongsoftware.com\/ca\/wp-json\/wp\/v2\/posts\/269410","targetHints":{"allow":["GET"]}}],"collection":[{"href":"https:\/\/tucomarca.whitekongsoftware.com\/ca\/wp-json\/wp\/v2\/posts"}],"about":[{"href":"https:\/\/tucomarca.whitekongsoftware.com\/ca\/wp-json\/wp\/v2\/types\/post"}],"author":[{"embeddable":true,"href":"https:\/\/tucomarca.whitekongsoftware.com\/ca\/wp-json\/wp\/v2\/users\/13"}],"replies":[{"embeddable":true,"href":"https:\/\/tucomarca.whitekongsoftware.com\/ca\/wp-json\/wp\/v2\/comments?post=269410"}],"version-history":[{"count":0,"href":"https:\/\/tucomarca.whitekongsoftware.com\/ca\/wp-json\/wp\/v2\/posts\/269410\/revisions"}],"wp:featuredmedia":[{"embeddable":true,"href":"https:\/\/tucomarca.whitekongsoftware.com\/ca\/wp-json\/wp\/v2\/media\/269400"}],"wp:attachment":[{"href":"https:\/\/tucomarca.whitekongsoftware.com\/ca\/wp-json\/wp\/v2\/media?parent=269410"}],"wp:term":[{"taxonomy":"category","embeddable":true,"href":"https:\/\/tucomarca.whitekongsoftware.com\/ca\/wp-json\/wp\/v2\/categories?post=269410"},{"taxonomy":"post_tag","embeddable":true,"href":"https:\/\/tucomarca.whitekongsoftware.com\/ca\/wp-json\/wp\/v2\/tags?post=269410"}],"curies":[{"name":"wp","href":"https:\/\/api.w.org\/{rel}","templated":true}]}}