{"id":269309,"date":"2025-06-16T12:00:00","date_gmt":"2025-06-16T10:00:00","guid":{"rendered":"https:\/\/www.tucomarca.com\/wordpress\/segunda\/?p=269309"},"modified":"2025-06-16T12:57:04","modified_gmt":"2025-06-16T10:57:04","slug":"la-generalitat-reutilitza-terra-de-les-inundacions-per-a-segellar-labocador-de-basseta-blanca-a-riba-roja-de-turia","status":"publish","type":"post","link":"https:\/\/tucomarca.whitekongsoftware.com\/ca\/la-generalitat-reutilitza-terra-de-les-inundacions-per-a-segellar-labocador-de-basseta-blanca-a-riba-roja-de-turia\/","title":{"rendered":"La Generalitat reutilitza terra de les inundacions per a segellar l&#8217;abocador de Basseta Blanca a Riba-roja de T\u00faria"},"content":{"rendered":"\n<h3 class=\"wp-block-heading\">El material que s&#8217;est\u00e0 usant se separa i recicla en la planta de Quart de Poblet-Manises en el marc d&#8217;un pla global de restauraci\u00f3 amb un import de 12,6 milions.<\/h3>\n\n\n\n<h3 class=\"wp-block-heading\">El conseller de Medi Ambient ha posat en valor el comprom\u00eds del Consell per \u201cgarantir un \u00fas responsable dels residus que siga amable amb el medi ambient\u201d.<\/h3>\n\n\n\n<p class=\"wp-block-paragraph\">La Conselleria de Medi Ambient, Infraestructures i Territori, en el marc de la fase final dels treballs de restauraci\u00f3 de l&#8217;antic abocador de Basseta Blanca a Riba-roja de T\u00faria, ha posat en marxa un dispositiu per a reutilitzar la terra que es va mesclar amb tot tipus de residus amb les inundacions del passat 29 d&#8217;octubre.&nbsp;<\/p>\n\n\n\n<p class=\"wp-block-paragraph\">En concret, eixe material s&#8217;est\u00e0 usant per al segellament de les instal\u00b7lacions clausurades en 1996 com ha explicat el conseller de Medi Ambient, Infraestructures i Territori, Vicente Mart\u00ednez Mus, qui ha visitat l&#8217;estat dels treballs acompanyat pel secretari auton\u00f2mic de Medi Ambient i Territori, Ra\u00fal M\u00e8rida; el director general de Qualitat i Educaci\u00f3 Ambiental, Jorge Blanco, aix\u00ed com per l&#8217;alcalde de la localitat, Robert Raga.<\/p>\n\n\n\n<p class=\"wp-block-paragraph\">El conseller ha assegurat que \u201caquest espai era un abocador fa vint anys, ara ja procedia rehabilitar la zona i clausurar-lo, per a aix\u00f2 s&#8217;est\u00e0 usant part de la terra procedent de la dana, que s&#8217;ha depurat en la planta de Quart de Poblet-Manises\u201d, on s&#8217;estan gestionant 250.000 tones de residus generats el passat octubre, dels quals quasi la meitat eren terra i llot.<\/p>\n\n\n\n<p class=\"wp-block-paragraph\">Amb aquest projecte, la Generalitat aconsegueix \u201cdonar una altra vida a aquests materials alhora que s&#8217;optimitzen recursos i es resol un problema mediambiental que porta anys pendent\u201d, ha apuntat el conseller. I, ha afegit que, amb aquesta acci\u00f3, el Consell \u201cgaranteix un \u00fas responsable dels residus que siga amable amb el medi ambient i no perjudique els ve\u00efns\u201d.<br><br>Mart\u00ednez Mus ha explicat que la terra procedent de les riuades va passar per un proc\u00e9s de cribratge i ha destacat que amb aquest proc\u00e9s es minimitza l&#8217;impacte ambiental del transport, reduint la necessitat d&#8217;extraure i moure nous materials i s&#8217;evita l&#8217;extracci\u00f3 en pedreres.<\/p>\n\n\n\n<p class=\"wp-block-paragraph\"><strong>Segellament i restauraci\u00f3<br><\/strong><br>El segellament i restauraci\u00f3 de l&#8217;abocador, que ocupa 40 hect\u00e0rees i que arreplegava residus de l&#8217;\u00e0rea metropolitana de Val\u00e8ncia, suposa una inversi\u00f3 de 12,6 milions d&#8217;euros. Amb aquesta inversi\u00f3, \u201cclausurem un antic abocador i recuperem un espai integrat per a Riba-roja de T\u00faria gr\u00e0cies a un projecte que \u00e9s un exemple del nostre comprom\u00eds amb la sostenibilitat, la protecci\u00f3 del medi ambient i la salut dels nostres ciutadans\u201d, ha destacat el titular de Medi Ambient.&nbsp;<\/p>\n\n\n\n<p class=\"wp-block-paragraph\">El projecte de l&#8217;antic abocador, clausurat definitivament en 1996, tamb\u00e9 implica la incorporaci\u00f3 dels necessaris sistemes impermeabilizantes, graves de drenatge i una xarxa completa de desgasificaci\u00f3. &nbsp;Aix\u00ed mateix, els treballs que finalitzaran abans de finalitzar l&#8217;any consisteixen en l&#8217;enderrocament de murs de formig\u00f3 i ma\u00e7oneria, casetes de reg i soleres de formig\u00f3, la neteja i buidatge de les arquetes de lixiviats, aix\u00ed com el desmuntatge i retirada les canonades pl\u00e0stiques superficials i les l\u00ednies el\u00e8ctriques i telef\u00f2niques.&nbsp;<\/p>\n\n\n\n<p class=\"wp-block-paragraph\"><strong>Pla Especial Urban\u00edstic de Reconstrucci\u00f3<br><\/strong><br>El conseller de Medi Ambient, Infraestructures i Territori tamb\u00e9 s&#8217;ha reunit amb l&#8217;alcalde de la localitat amb l&#8217;objectiu d&#8217;avan\u00e7ar en la tramitaci\u00f3 del Pla Especial Urban\u00edstic de Reconstrucci\u00f3 despr\u00e9s de les inundacions que impulsa el municipi. Des de la Direcci\u00f3 General d&#8217;Urbanisme, Paisatge i Avaluaci\u00f3 Ambiental es col\u00b7labora amb l&#8217;Ajuntament amb l&#8217;objectiu de desenvolupar el projecte.<\/p>\n\n\n\n<figure class=\"wp-block-gallery has-nested-images columns-default is-cropped wp-block-gallery-1 is-layout-flex wp-block-gallery-is-layout-flex\">\n<figure class=\"wp-block-image size-large\"><img loading=\"lazy\" decoding=\"async\" width=\"1024\" height=\"768\" data-id=\"269298\" src=\"https:\/\/www.tucomarca.com\/wordpress\/segunda\/wp-content\/uploads\/2025\/06\/MED_foto_basseta-3-1024x768.jpeg\" alt=\"\" class=\"wp-image-269298\" srcset=\"https:\/\/tucomarca.whitekongsoftware.com\/wp-content\/uploads\/2025\/06\/MED_foto_basseta-3-1024x768.jpeg 1024w, https:\/\/tucomarca.whitekongsoftware.com\/wp-content\/uploads\/2025\/06\/MED_foto_basseta-3-300x225.jpeg 300w, https:\/\/tucomarca.whitekongsoftware.com\/wp-content\/uploads\/2025\/06\/MED_foto_basseta-3-768x576.jpeg 768w, https:\/\/tucomarca.whitekongsoftware.com\/wp-content\/uploads\/2025\/06\/MED_foto_basseta-3-1536x1152.jpeg 1536w, https:\/\/tucomarca.whitekongsoftware.com\/wp-content\/uploads\/2025\/06\/MED_foto_basseta-3-2048x1536.jpeg 2048w, https:\/\/tucomarca.whitekongsoftware.com\/wp-content\/uploads\/2025\/06\/MED_foto_basseta-3-678x509.jpeg 678w, https:\/\/tucomarca.whitekongsoftware.com\/wp-content\/uploads\/2025\/06\/MED_foto_basseta-3-326x245.jpeg 326w, https:\/\/tucomarca.whitekongsoftware.com\/wp-content\/uploads\/2025\/06\/MED_foto_basseta-3-80x60.jpeg 80w\" sizes=\"auto, (max-width: 1024px) 100vw, 1024px\" \/><\/figure>\n\n\n\n<figure class=\"wp-block-image size-large\"><img loading=\"lazy\" decoding=\"async\" width=\"1024\" height=\"768\" data-id=\"269296\" src=\"https:\/\/www.tucomarca.com\/wordpress\/segunda\/wp-content\/uploads\/2025\/06\/MED_foto_basseta-2-1024x768.jpeg\" alt=\"\" class=\"wp-image-269296\" srcset=\"https:\/\/tucomarca.whitekongsoftware.com\/wp-content\/uploads\/2025\/06\/MED_foto_basseta-2-1024x768.jpeg 1024w, https:\/\/tucomarca.whitekongsoftware.com\/wp-content\/uploads\/2025\/06\/MED_foto_basseta-2-300x225.jpeg 300w, https:\/\/tucomarca.whitekongsoftware.com\/wp-content\/uploads\/2025\/06\/MED_foto_basseta-2-768x576.jpeg 768w, https:\/\/tucomarca.whitekongsoftware.com\/wp-content\/uploads\/2025\/06\/MED_foto_basseta-2-1536x1152.jpeg 1536w, https:\/\/tucomarca.whitekongsoftware.com\/wp-content\/uploads\/2025\/06\/MED_foto_basseta-2-2048x1536.jpeg 2048w, https:\/\/tucomarca.whitekongsoftware.com\/wp-content\/uploads\/2025\/06\/MED_foto_basseta-2-678x509.jpeg 678w, https:\/\/tucomarca.whitekongsoftware.com\/wp-content\/uploads\/2025\/06\/MED_foto_basseta-2-326x245.jpeg 326w, https:\/\/tucomarca.whitekongsoftware.com\/wp-content\/uploads\/2025\/06\/MED_foto_basseta-2-80x60.jpeg 80w\" sizes=\"auto, (max-width: 1024px) 100vw, 1024px\" \/><\/figure>\n<\/figure>\n","protected":false},"excerpt":{"rendered":"<div class=\"mh-excerpt\">El material que s&#8217;est\u00e0 usant se separa i recicla en la planta de Quart de Poblet-Manises en el marc d&#8217;un pla global de restauraci\u00f3 amb un import de 12,6 milions. El conseller de Medi Ambient <a class=\"mh-excerpt-more\" href=\"https:\/\/tucomarca.whitekongsoftware.com\/ca\/la-generalitat-reutilitza-terra-de-les-inundacions-per-a-segellar-labocador-de-basseta-blanca-a-riba-roja-de-turia\/\" title=\"La Generalitat reutilitza terra de les inundacions per a segellar l&#8217;abocador de Basseta Blanca a Riba-roja de T\u00faria\">[+] <\/a><\/div>\n","protected":false},"author":13,"featured_media":269295,"comment_status":"open","ping_status":"open","sticky":false,"template":"","format":"gallery","meta":{"footnotes":""},"categories":[10892,21466,10898,10948,10894,10904,10903,10947,10906,10896,10897],"tags":[10899,15409,12903,11199,12166,11102],"class_list":["post-269309","post","type-post","status-publish","format-gallery","has-post-thumbnail","category-camp-de-turia-ca","category-dana-ca","category-ventana-ca","category-infraestructuras-ca","category-la-comarca-ca","category-sin-categorizar-ca","category-medio-ambiente-la-comarca-ca","category-politica","category-riba-roja-ca","category-seccion-ca","category-sucesos-la-comarca-ca","tag-camp-de-turia-ca","tag-dana-2-ca","tag-infraestructuras-ca","tag-la-comunitat-ca","tag-medio-ambiente-ca","tag-riba-roja-2-ca","post_format-post-format-gallery"],"_links":{"self":[{"href":"https:\/\/tucomarca.whitekongsoftware.com\/ca\/wp-json\/wp\/v2\/posts\/269309","targetHints":{"allow":["GET"]}}],"collection":[{"href":"https:\/\/tucomarca.whitekongsoftware.com\/ca\/wp-json\/wp\/v2\/posts"}],"about":[{"href":"https:\/\/tucomarca.whitekongsoftware.com\/ca\/wp-json\/wp\/v2\/types\/post"}],"author":[{"embeddable":true,"href":"https:\/\/tucomarca.whitekongsoftware.com\/ca\/wp-json\/wp\/v2\/users\/13"}],"replies":[{"embeddable":true,"href":"https:\/\/tucomarca.whitekongsoftware.com\/ca\/wp-json\/wp\/v2\/comments?post=269309"}],"version-history":[{"count":0,"href":"https:\/\/tucomarca.whitekongsoftware.com\/ca\/wp-json\/wp\/v2\/posts\/269309\/revisions"}],"wp:featuredmedia":[{"embeddable":true,"href":"https:\/\/tucomarca.whitekongsoftware.com\/ca\/wp-json\/wp\/v2\/media\/269295"}],"wp:attachment":[{"href":"https:\/\/tucomarca.whitekongsoftware.com\/ca\/wp-json\/wp\/v2\/media?parent=269309"}],"wp:term":[{"taxonomy":"category","embeddable":true,"href":"https:\/\/tucomarca.whitekongsoftware.com\/ca\/wp-json\/wp\/v2\/categories?post=269309"},{"taxonomy":"post_tag","embeddable":true,"href":"https:\/\/tucomarca.whitekongsoftware.com\/ca\/wp-json\/wp\/v2\/tags?post=269309"}],"curies":[{"name":"wp","href":"https:\/\/api.w.org\/{rel}","templated":true}]}}