{"id":269105,"date":"2025-06-12T10:25:00","date_gmt":"2025-06-12T08:25:00","guid":{"rendered":"https:\/\/www.tucomarca.com\/wordpress\/segunda\/?p=269105"},"modified":"2025-06-12T17:57:13","modified_gmt":"2025-06-12T15:57:13","slug":"la-diputacio-millorara-lacces-al-poligon-ciutat-de-carlet-amb-lampliacio-de-la-rotonda-de-la-carretera-creu-negra","status":"publish","type":"post","link":"https:\/\/tucomarca.whitekongsoftware.com\/ca\/la-diputacio-millorara-lacces-al-poligon-ciutat-de-carlet-amb-lampliacio-de-la-rotonda-de-la-carretera-creu-negra\/","title":{"rendered":"La Diputaci\u00f3 millorar\u00e1 l&#8217;acc\u00e9s al pol\u00edgon &#8216;Ciutat de Carlet&#8217; amb l&#8217;ampliaci\u00f3 de la rotonda de la carretera Creu Negra"},"content":{"rendered":"\n<h3 class=\"wp-block-heading\">El projecte, que contempla una rotonda de major capacitat, un nou aparcament i millors accessos, ja es troba en fase d&#8217;informaci\u00f3 p\u00fablica.<\/h3>\n\n\n\n<h3 class=\"wp-block-heading\">La diputada de Carreteres, Reme Mazzolari, ressalta \u201cla coordinaci\u00f3 entre Diputaci\u00f3 i ajuntament en el disseny de l&#8217;actuaci\u00f3, cosa que \u00e9s una garantia perqu\u00e8 les solucions proposades donen resposta a les necessitats reals dels ve\u00efns\u201d.<\/h3>\n\n\n\n<p class=\"wp-block-paragraph\">Dijous 12 de juny de 2025.- La Diputaci\u00f3 de Val\u00e8ncia fa un pas decisiu per a la millora de la seguretat i flu\u00efdesa del tr\u00e0nsit en l&#8217;acc\u00e9s al pol\u00edgon \u201cCiutat de Carlet\u201d amb l&#8217;avan\u00e7 de l&#8217;expedient per a l&#8217;ampliaci\u00f3 de la rotonda existent en la carretera Creu Negra. El projecte, amb un pressupost base de licitaci\u00f3 de 2,2 milions d&#8217;euros, es troba ja en fase d&#8217;informaci\u00f3 p\u00fablica, cosa que permet avan\u00e7ar cap a la licitaci\u00f3 de les obres.<\/p>\n\n\n\n<p class=\"wp-block-paragraph\">La nova rotonda, dissenyada en coordinaci\u00f3 amb l&#8217;ajuntament de Carlet, passar\u00e0 dels 25 metres actuals a un radi exterior de 37 metres, incloent dos carrils de 3,5 metres i vorals de 1,5 metres. Esta ampliaci\u00f3 permetr\u00e0 canalitzar de forma m\u00e9s eficient el tr\u00e0nsit en un dels principals punts de connexi\u00f3 entre el nucli urb\u00e0, els pol\u00edgons industrials i l&#8217;autovia A-7, i respon al creixement previst en el planejament urban\u00edstic de la localitat.<\/p>\n\n\n\n<figure class=\"wp-block-image size-large\"><img loading=\"lazy\" decoding=\"async\" width=\"1024\" height=\"722\" src=\"https:\/\/www.tucomarca.com\/wordpress\/segunda\/wp-content\/uploads\/2025\/06\/proyecto-1024x722.jpg\" alt=\"\" class=\"wp-image-269101\" srcset=\"https:\/\/tucomarca.whitekongsoftware.com\/wp-content\/uploads\/2025\/06\/proyecto-1024x722.jpg 1024w, https:\/\/tucomarca.whitekongsoftware.com\/wp-content\/uploads\/2025\/06\/proyecto-300x212.jpg 300w, https:\/\/tucomarca.whitekongsoftware.com\/wp-content\/uploads\/2025\/06\/proyecto-768x542.jpg 768w, https:\/\/tucomarca.whitekongsoftware.com\/wp-content\/uploads\/2025\/06\/proyecto-1536x1083.jpg 1536w, https:\/\/tucomarca.whitekongsoftware.com\/wp-content\/uploads\/2025\/06\/proyecto-2048x1444.jpg 2048w\" sizes=\"auto, (max-width: 1024px) 100vw, 1024px\" \/><\/figure>\n\n\n\n<p class=\"wp-block-paragraph\">A m\u00e9s de la millora de la rotonda, el projecte inclou la connexi\u00f3 directa de la ronda interior que discorre entre els carrers Garb\u00ed i Mestral, evitant l&#8217;encreuament en T que existia fins ara i permetent una incorporaci\u00f3 m\u00e9s segura i ordenada a la nova rotonda.&nbsp;<\/p>\n\n\n\n<p class=\"wp-block-paragraph\">Tamb\u00e9 contempla la reorganitzaci\u00f3 del tr\u00e0nsit als carrers confrontants i la creaci\u00f3 d&#8217;una nova zona d&#8217;aparcament de 3.348 metres quadrats amb capacitat per a 119 vehicles. Les actuacions es completen amb millores en jardineria, enllumenat, senyalitzaci\u00f3 i canalitzaci\u00f3 d&#8217;aig\u00fces, tot aix\u00f2 seguint criteris de sostenibilitat i efici\u00e8ncia energ\u00e8tica.<\/p>\n\n\n\n<p class=\"wp-block-paragraph\"><strong>Una planificaci\u00f3 estrat\u00e8gica que conviu amb l&#8217;emerg\u00e8ncia<\/strong><\/p>\n\n\n\n<p class=\"wp-block-paragraph\">La diputada de Carreteres, Reme Mazzolari, ha recordat que \u201cfa poques setmanes est\u00e0vem a Carlet comprovant l&#8217;avan\u00e7 de la reconstrucci\u00f3 del pont que va col\u00b7lapsar despr\u00e9s de la dana\u2026 i ara estem avan\u00e7ant de manera paral\u00b7lela en l&#8217;ampliaci\u00f3 de la rotonda d&#8217;acc\u00e9s al pol\u00edgon, una obra que ja estava planificada amb anterioritat\u201d. Per a Mazzolari, \u201caix\u00f2 \u00e9s una bona mostra que la millora de la xarxa provincial no sols es basa a donar resposta \u00e0gil a les emerg\u00e8ncies, sin\u00f3 tamb\u00e9 a executar una planificaci\u00f3 estrat\u00e8gica s\u00f2lida, amb expedients que es tramiten des de l&#8217;\u00e0rea de Carreteres pensant en el desenrotllament i la seguretat a mitj\u00e0 i llarg termini\u201d.<\/p>\n\n\n\n<p class=\"wp-block-paragraph\">Aix\u00ed mateix, la diputada i vicepresidenta segona destaca \u201cla import\u00e0ncia que la Diputaci\u00f3 i l&#8217;ajuntament de Carlet hagen treballat de manera coordinada en el disseny d&#8217;esta actuaci\u00f3. Eixa col\u00b7laboraci\u00f3 permet que les solucions proposades responguen de veritat a les necessitats dels ve\u00efns, perqu\u00e8 ning\u00fa millor que l&#8217;ajuntament coneix de primera m\u00e0 la realitat del municipi\u201d.<\/p>\n\n\n\n<p class=\"wp-block-paragraph\">En este sentit, l&#8217;alcaldessa de Carlet, Laura S\u00e1ez, ha subratllat que \u201camb l&#8217;execuci\u00f3 d&#8217;este projecte, la infraestructura quedar\u00e0 preparada per a enlla\u00e7ar amb els sectors industrials Piscina i Fornals, tal com contempla el planejament urban\u00edstic\u201d. S\u00e1ez ha destacat que \u201ceste disseny no sols millora l&#8217;acc\u00e9s actual, sin\u00f3 que anticipa les necessitats de mobilitat derivades de l&#8217;expansi\u00f3 industrial del nostre municipi\u201d. \u201cA m\u00e9s, millorar\u00e0 la capacitat d&#8217;esta via que \u00e9s fonamental per a la poblaci\u00f3 perqu\u00e8 \u00e9s la connexi\u00f3 amb l&#8217;A7\u201d, conclou l&#8217;alcaldessa.<\/p>\n\n\n\n<p class=\"wp-block-paragraph\"><strong>El pont sobre el Magre, obert despr\u00e9s de l&#8217;estiu<\/strong><\/p>\n\n\n\n<p class=\"wp-block-paragraph\">Tamb\u00e9 a Carlet, la Diputaci\u00f3 afronta ja la recta final de la reconstrucci\u00f3 del pont sobre el riu Magre, arrasat per la dana d&#8217;octubre de 2024; una infraestructura que, segons va anunciar el president Vicent Momp\u00f3 en una recent visita \u201ces podr\u00e0 obrir al tr\u00e0nsit al setembre, si no hi ha cap imprevist; mentres que les obres finalitzaran poques setmanes despr\u00e9s, el mes d&#8217;octubre\u201d.<\/p>\n\n\n\n<p class=\"wp-block-paragraph\">La intervenci\u00f3 sobre un tram de 45 metres compta amb un pressupost de 4,2 milions d&#8217;euros, i planteja dotar de m\u00e9s permeabilitat al pont permetent una major facilitat de pas al flux d&#8217;aigua durant qualsevol esdeveniment extrem de pluja, assegurant aix\u00ed la seua integritat. De la mateixa manera, es mantindr\u00e0 el pas de servicis a trav\u00e9s del propi pont per a recuperar la seua funcionalitat a tots els nivells.<\/p>\n","protected":false},"excerpt":{"rendered":"<div class=\"mh-excerpt\">El projecte, que contempla una rotonda de major capacitat, un nou aparcament i millors accessos, ja es troba en fase d&#8217;informaci\u00f3 p\u00fablica. La diputada de Carreteres, Reme Mazzolari, ressalta \u201cla coordinaci\u00f3 entre Diputaci\u00f3 i ajuntament <a class=\"mh-excerpt-more\" href=\"https:\/\/tucomarca.whitekongsoftware.com\/ca\/la-diputacio-millorara-lacces-al-poligon-ciutat-de-carlet-amb-lampliacio-de-la-rotonda-de-la-carretera-creu-negra\/\" title=\"La Diputaci\u00f3 millorar\u00e1 l&#8217;acc\u00e9s al pol\u00edgon &#8216;Ciutat de Carlet&#8217; amb l&#8217;ampliaci\u00f3 de la rotonda de la carretera Creu Negra\">[+] <\/a><\/div>\n","protected":false},"author":12,"featured_media":269098,"comment_status":"open","ping_status":"open","sticky":false,"template":"","format":"standard","meta":{"footnotes":""},"categories":[10990,21466,10948,10894,10902,10903,10947,10896,10897],"tags":[11082,11246,11356],"class_list":["post-269105","post","type-post","status-publish","format-standard","has-post-thumbnail","category-carlet-ca","category-dana-ca","category-infraestructuras-ca","category-la-comarca-ca","category-la-ribera-ca","category-medio-ambiente-la-comarca-ca","category-politica","category-seccion-ca","category-sucesos-la-comarca-ca","tag-carlet-ca","tag-diputacio-de-valencia-ca","tag-ribera-alta-ca"],"_links":{"self":[{"href":"https:\/\/tucomarca.whitekongsoftware.com\/ca\/wp-json\/wp\/v2\/posts\/269105","targetHints":{"allow":["GET"]}}],"collection":[{"href":"https:\/\/tucomarca.whitekongsoftware.com\/ca\/wp-json\/wp\/v2\/posts"}],"about":[{"href":"https:\/\/tucomarca.whitekongsoftware.com\/ca\/wp-json\/wp\/v2\/types\/post"}],"author":[{"embeddable":true,"href":"https:\/\/tucomarca.whitekongsoftware.com\/ca\/wp-json\/wp\/v2\/users\/12"}],"replies":[{"embeddable":true,"href":"https:\/\/tucomarca.whitekongsoftware.com\/ca\/wp-json\/wp\/v2\/comments?post=269105"}],"version-history":[{"count":0,"href":"https:\/\/tucomarca.whitekongsoftware.com\/ca\/wp-json\/wp\/v2\/posts\/269105\/revisions"}],"wp:featuredmedia":[{"embeddable":true,"href":"https:\/\/tucomarca.whitekongsoftware.com\/ca\/wp-json\/wp\/v2\/media\/269098"}],"wp:attachment":[{"href":"https:\/\/tucomarca.whitekongsoftware.com\/ca\/wp-json\/wp\/v2\/media?parent=269105"}],"wp:term":[{"taxonomy":"category","embeddable":true,"href":"https:\/\/tucomarca.whitekongsoftware.com\/ca\/wp-json\/wp\/v2\/categories?post=269105"},{"taxonomy":"post_tag","embeddable":true,"href":"https:\/\/tucomarca.whitekongsoftware.com\/ca\/wp-json\/wp\/v2\/tags?post=269105"}],"curies":[{"name":"wp","href":"https:\/\/api.w.org\/{rel}","templated":true}]}}