{"id":269087,"date":"2025-06-12T10:50:00","date_gmt":"2025-06-12T08:50:00","guid":{"rendered":"https:\/\/www.tucomarca.com\/wordpress\/segunda\/?p=269087"},"modified":"2025-06-12T17:52:44","modified_gmt":"2025-06-12T15:52:44","slug":"el-circuit-ricardo-tormo-acull-lunica-cita-a-espanya-del-kumho-fia-tcr-world-tour","status":"publish","type":"post","link":"https:\/\/tucomarca.whitekongsoftware.com\/ca\/el-circuit-ricardo-tormo-acull-lunica-cita-a-espanya-del-kumho-fia-tcr-world-tour\/","title":{"rendered":"El Circuit Ricardo Tormo acull l\u2019\u00fanica cita a Espanya del Kumho FIA TCR World Tour"},"content":{"rendered":"\n<h3 class=\"wp-block-heading\">El tra\u00e7at valenci\u00e0 tamb\u00e9 allotjar\u00e0 carreres de TCR Spain, CER i del Porsche Sprint Challenge Iberia.<\/h3>\n\n\n\n<h3 class=\"wp-block-heading\">En la web del Circuit ja estan a la venda les entrades a un preu \u00fanic de 5 euros amb acc\u00e9s al p\u00e0doc i a la tribuna de boxs.<\/h3>\n\n\n\n<p class=\"wp-block-paragraph\">El&nbsp;<a href=\"https:\/\/www.circuitricardotormo.com\/centro-tecnificacion-deportiva-del-motor\/\">Circuit Ricardo Tormo<\/a>&nbsp;celebra este cap de setmana 14 i 15 de juny l\u2019\u00fanica prova del Kumho FIA TCR World Tour que se celebra enguany en territori espanyol. La competici\u00f3 internacional de turismes, que reunix els principals pilots i equips del m\u00f3n, celebrar\u00e0 en el tra\u00e7at de Cheste la seua segona cita del calendari 2025, juntament amb les carreres de TCR Spain, el Campionat d\u2019Espanya de Resist\u00e8ncia i la Porsche Sprint Challenge Iberia.<\/p>\n\n\n\n<p class=\"wp-block-paragraph\">Durant tot el cap de setmana, des de les 09:00 fins a les 17:30 hores, es desenrotllar\u00e0 un complet programa d\u2019entrenaments, sessions de classificaci\u00f3 i carreres, amb acc\u00e9s obert al p\u00fablic mitjan\u00e7ant una entrada \u00fanica al preu de 5 euros, ja disponible en la web del Circuit.<\/p>\n\n\n\n<p class=\"wp-block-paragraph\">A m\u00e9s de l\u2019activitat esportiva, l\u2019esdeveniment oferir\u00e0 una \u00e0mplia agenda d\u2019activitats complement\u00e0ries en la zona de p\u00e0doc. Tots els podis se celebraran en l\u2019escenari principal, que acollir\u00e0 tamb\u00e9 entrevistes amb els pilots i actuacions musicals.<\/p>\n\n\n\n<p class=\"wp-block-paragraph\">El p\u00fablic tindr\u00e0 l\u2019oportunitat d\u2019accedir a zones interactives com els simuladors de conducci\u00f3, una \u00e0rea Scalextric per a totes les edats, una exposici\u00f3 de vehicles i una variada oferta de restauraci\u00f3 amb&nbsp;<em>food trucks.<\/em><\/p>\n\n\n\n<p class=\"wp-block-paragraph\">El dissabte a partir de les 18:00 hores est\u00e0 previst l\u2019After Race, una activitat oberta en el p\u00e0doc amb m\u00fasica i animaci\u00f3. D\u2019altra banda, el diumenge a les 12:35 hores, se celebrar\u00e0 el Pit Walk, a on els assistents es podran apuntar en la zona de boxs, con\u00e9ixer els pilots, traure\u2019s fotografies i participar en una sessi\u00f3 d\u2019aut\u00f2grafs.<\/p>\n","protected":false},"excerpt":{"rendered":"<div class=\"mh-excerpt\">El tra\u00e7at valenci\u00e0 tamb\u00e9 allotjar\u00e0 carreres de TCR Spain, CER i del Porsche Sprint Challenge Iberia. En la web del Circuit ja estan a la venda les entrades a un preu \u00fanic de 5 euros <a class=\"mh-excerpt-more\" href=\"https:\/\/tucomarca.whitekongsoftware.com\/ca\/el-circuit-ricardo-tormo-acull-lunica-cita-a-espanya-del-kumho-fia-tcr-world-tour\/\" title=\"El Circuit Ricardo Tormo acull l\u2019\u00fanica cita a Espanya del Kumho FIA TCR World Tour\">[+] <\/a><\/div>\n","protected":false},"author":12,"featured_media":269081,"comment_status":"open","ping_status":"open","sticky":false,"template":"","format":"standard","meta":{"footnotes":""},"categories":[11019,11017,11003,10894,10912,11011,10896,10974],"tags":[11071,11412,10914],"class_list":["post-269087","post","type-post","status-publish","format-standard","has-post-thumbnail","category-agenda-ca","category-automovilismo-ca","category-sports","category-la-comarca-ca","category-la-hoya-ca","category-motociclismo-ca","category-seccion-ca","category-cheste-ca","tag-cheste","tag-circuit-ricardo-tormo-ca","tag-la-hoya-de-bunol-chiva-ca"],"_links":{"self":[{"href":"https:\/\/tucomarca.whitekongsoftware.com\/ca\/wp-json\/wp\/v2\/posts\/269087","targetHints":{"allow":["GET"]}}],"collection":[{"href":"https:\/\/tucomarca.whitekongsoftware.com\/ca\/wp-json\/wp\/v2\/posts"}],"about":[{"href":"https:\/\/tucomarca.whitekongsoftware.com\/ca\/wp-json\/wp\/v2\/types\/post"}],"author":[{"embeddable":true,"href":"https:\/\/tucomarca.whitekongsoftware.com\/ca\/wp-json\/wp\/v2\/users\/12"}],"replies":[{"embeddable":true,"href":"https:\/\/tucomarca.whitekongsoftware.com\/ca\/wp-json\/wp\/v2\/comments?post=269087"}],"version-history":[{"count":0,"href":"https:\/\/tucomarca.whitekongsoftware.com\/ca\/wp-json\/wp\/v2\/posts\/269087\/revisions"}],"wp:featuredmedia":[{"embeddable":true,"href":"https:\/\/tucomarca.whitekongsoftware.com\/ca\/wp-json\/wp\/v2\/media\/269081"}],"wp:attachment":[{"href":"https:\/\/tucomarca.whitekongsoftware.com\/ca\/wp-json\/wp\/v2\/media?parent=269087"}],"wp:term":[{"taxonomy":"category","embeddable":true,"href":"https:\/\/tucomarca.whitekongsoftware.com\/ca\/wp-json\/wp\/v2\/categories?post=269087"},{"taxonomy":"post_tag","embeddable":true,"href":"https:\/\/tucomarca.whitekongsoftware.com\/ca\/wp-json\/wp\/v2\/tags?post=269087"}],"curies":[{"name":"wp","href":"https:\/\/api.w.org\/{rel}","templated":true}]}}